{"id":1299,"date":"2022-09-21T17:39:42","date_gmt":"2022-09-21T20:39:42","guid":{"rendered":"https:\/\/infotep.com.ar\/?p=1299"},"modified":"2022-09-21T17:39:44","modified_gmt":"2022-09-21T20:39:44","slug":"intendentes-de-zona-oeste-y-firmaron-convenio-para-facilitar-el-acceso-al-alquiler-de-viviendas","status":"publish","type":"post","link":"https:\/\/infotep.com.ar\/index.php\/2022\/09\/21\/intendentes-de-zona-oeste-y-firmaron-convenio-para-facilitar-el-acceso-al-alquiler-de-viviendas\/","title":{"rendered":"Intendentes de zona oeste y firmaron convenio para facilitar el acceso al alquiler de viviendas"},"content":{"rendered":"\n<p id=\"df7f\"><em>El intendente de Mor\u00f3n Lucas Ghi, de Ituzaing\u00f3 ALberto Descalzo, de Merlo, Karina Men\u00e9ndez, de Hurlingham Damian Selci rubricaron un acuerdo con el Grupo Provincia y Provincia Seguros para que los vecinos y vecinas puedan acceder a garant\u00edas de alquiler de viviendas. La medida se suma al conjunto de acciones que llevan adelante los municipios para mejorar la oferta y facilitar el acceso a alquileres.<\/em><\/p>\n\n\n\n<figure class=\"wp-block-image\"><img decoding=\"async\" src=\"https:\/\/miro.medium.com\/max\/1400\/1*AIy_x1DiDccal26qFwwitg.jpeg\" alt=\"\"\/><\/figure>\n\n\n\n<p id=\"3fa2\">Esta ma\u00f1ana, el grupo de intendentes se reunieron con el presidente del Banco Provincia, Juan Cuattromo, y a los titulares del Grupo Provincia, Gustavo Men\u00e9ndez, y de Provincia Seguros, Fernando Zack, para llevar adelante la firma de un convenio que instrumentar\u00e1 el acceso a seguros de cauci\u00f3n, para los y las vecinas del distrito que necesiten alquilar una vivienda y no cuenten con las garant\u00edas habitualmente requeridas para celebrar un contrato de locaci\u00f3n.<\/p>\n\n\n\n<p id=\"05e6\">El Municipio de Mor\u00f3n fue la sede elegida por el Banco Provincia para realizar las firmas del acuerdo con \u00e9ste y otros municipios de la regi\u00f3n, el Grupo Provincia y Provincia Seguros. En ese marco, tambi\u00e9n estuvieron presentes en el encuentro la intendenta de Merlo, Karina Men\u00e9ndez, y los intendentes de Ituzaing\u00f3, Alberto Descalzo, y de Hurlingham, Dami\u00e1n Selci.<\/p>\n\n\n\n<p id=\"7607\">Al respecto Lucas Ghi sostuvo que\u00a0<em>\u201cdimos un paso m\u00e1s en lo que venimos trabajando desde hace tiempo para generar otro instrumento que facilite el acceso a la vivienda en alquiler. Fue as\u00ed que el Grupo Provincia desarroll\u00f3 un producto que oficiar\u00e1 de garant\u00eda para ser usada, en caso de no contar con una, cuando se entable relaci\u00f3n entre propietario e inquilino. De esta forma, la banca p\u00fablica genera una alternativa para que el propietario tenga la seguridad y certeza que merece\u201d.<\/em><\/p>\n\n\n\n<p id=\"ee63\"><em>\u201cEsta medida forma parte de una b\u00fasqueda que tenemos los municipios, y que compartimos con la agenda de trabajo permanente del Gobernador Kicillof, de incidir progresivamente en estos temas tan sensibles para nuestra gente, como el d\u00e9ficit habitacional y el acceso a la vivienda. Se complementa con lo que venimos haciendo, con los proyectos vinculados al Procrear y las distintas variantes para facilitar el acceso al mercado de alquiler que impulsamos desde el Municipio. Porque estamos convencidos de que la vivienda no debe ser una mercanc\u00eda, que se regula por la oferta y la demanda del mercado, sino un bien social al que el Estado tiene que garantizar para que accedan la mayor\u00eda de la poblaci\u00f3n\u201d,<\/em>&nbsp;agreg\u00f3 Ghi.<\/p>\n\n\n\n<p id=\"8ab8\">Por su parte el titular del Banco Provincia cont\u00f3 que&nbsp;<em>\u201cfirmamos un convenio para llevar a cada municipio el seguro de cauci\u00f3n que tiene Provincia Seguros. Esta herramienta facilita el alquiler de nuevas viviendas resolviendo algunas cuestiones que hacen a las garant\u00edas, los pagos en situaci\u00f3n de irregularidad de la cuota, en este caso el alquiler. Es muy eficiente para que los y las habitantes de nuestra provincia puedan acceder a un alquiler y a una vivienda. Es un servicio financiero pero para nosotros tiene un sentido pol\u00edtico, un sentido p\u00fablico, porque nuestro gobernador Axel Kicillof siempre nos pide que trabajemos con todos los intendentes para llegar a cada uno de los rincones de la Provincia\u201d.<\/em><\/p>\n\n\n\n<p id=\"7993\"><\/p>\n\n\n\n<p id=\"7c94\"><\/p>\n","protected":false},"excerpt":{"rendered":"<p>El intendente de Mor&oacute;n Lucas Ghi, de Ituzaing&oacute; ALberto Descalzo, de Merlo, Karina Men&eacute;ndez, de Hurlingham Damian Selci rubricaron un acuerdo con el Grupo Provincia y Provincia Seguros para que los vecinos y vecinas puedan acceder a garant&iacute;as de alquiler de viviendas. La medida se suma al conjunto de acciones que llevan adelante los municipios &hellip; <\/p>\n","protected":false},"author":5,"featured_media":1300,"comment_status":"closed","ping_status":"closed","sticky":false,"template":"","format":"standard","meta":{"om_disable_all_campaigns":false,"_joinchat":[]},"categories":[31,1,8,10,9],"tags":[],"featured_image_urls":{"full":["https:\/\/infotep.com.ar\/wp-content\/uploads\/2022\/09\/307124573_490385493102098_5652267042880495869_n.jpg",1599,1066,false],"thumbnail":["https:\/\/infotep.com.ar\/wp-content\/uploads\/2022\/09\/307124573_490385493102098_5652267042880495869_n-150x150.jpg",150,150,true],"medium":["https:\/\/infotep.com.ar\/wp-content\/uploads\/2022\/09\/307124573_490385493102098_5652267042880495869_n-300x200.jpg",300,200,true],"medium_large":["https:\/\/infotep.com.ar\/wp-content\/uploads\/2022\/09\/307124573_490385493102098_5652267042880495869_n-768x512.jpg",768,512,true],"large":["https:\/\/infotep.com.ar\/wp-content\/uploads\/2022\/09\/307124573_490385493102098_5652267042880495869_n-1024x683.jpg",1020,680,true],"1536x1536":["https:\/\/infotep.com.ar\/wp-content\/uploads\/2022\/09\/307124573_490385493102098_5652267042880495869_n-1536x1024.jpg",1536,1024,true],"2048x2048":["https:\/\/infotep.com.ar\/wp-content\/uploads\/2022\/09\/307124573_490385493102098_5652267042880495869_n.jpg",1599,1066,false],"blossom-feminine-slider":["https:\/\/infotep.com.ar\/wp-content\/uploads\/2022\/09\/307124573_490385493102098_5652267042880495869_n-1599x649.jpg",1599,649,true],"blossom-feminine-featured":["https:\/\/infotep.com.ar\/wp-content\/uploads\/2022\/09\/307124573_490385493102098_5652267042880495869_n-1410x600.jpg",1410,600,true],"blossom-feminine-with-sidebar":["https:\/\/infotep.com.ar\/wp-content\/uploads\/2022\/09\/307124573_490385493102098_5652267042880495869_n-1020x600.jpg",1020,600,true],"blossom-feminine-blog":["https:\/\/infotep.com.ar\/wp-content\/uploads\/2022\/09\/307124573_490385493102098_5652267042880495869_n-435x435.jpg",435,435,true],"blossom-feminine-cat":["https:\/\/infotep.com.ar\/wp-content\/uploads\/2022\/09\/307124573_490385493102098_5652267042880495869_n-450x300.jpg",450,300,true],"blossom-feminine-related":["https:\/\/infotep.com.ar\/wp-content\/uploads\/2022\/09\/307124573_490385493102098_5652267042880495869_n-320x200.jpg",320,200,true],"blossom-feminine-schema":["https:\/\/infotep.com.ar\/wp-content\/uploads\/2022\/09\/307124573_490385493102098_5652267042880495869_n-90x60.jpg",90,60,true],"blossom-mommy-blog-slider-big":["https:\/\/infotep.com.ar\/wp-content\/uploads\/2022\/09\/307124573_490385493102098_5652267042880495869_n-920x650.jpg",920,650,true],"blossom-mommy-blog-slider":["https:\/\/infotep.com.ar\/wp-content\/uploads\/2022\/09\/307124573_490385493102098_5652267042880495869_n-460x310.jpg",460,310,true],"blossom-mommy-blog-two":["https:\/\/infotep.com.ar\/wp-content\/uploads\/2022\/09\/307124573_490385493102098_5652267042880495869_n-768x480.jpg",768,480,true]},"author_info":{"info":["Angela Tobar"]},"category_info":"<a href=\"https:\/\/infotep.com.ar\/index.php\/category\/destacadas\/\" rel=\"category tag\">Destacadas<\/a> <a href=\"https:\/\/infotep.com.ar\/index.php\/category\/municipales\/hurlingham\/\" rel=\"category tag\">Hurlingham<\/a> <a href=\"https:\/\/infotep.com.ar\/index.php\/category\/municipales\/ituzaingo\/\" rel=\"category tag\">Ituzaing\u00f3<\/a> <a href=\"https:\/\/infotep.com.ar\/index.php\/category\/municipales\/merlo\/\" rel=\"category tag\">Merlo<\/a> <a href=\"https:\/\/infotep.com.ar\/index.php\/category\/municipales\/moron\/\" rel=\"category tag\">Mor\u00f3n<\/a>","tag_info":"Mor\u00f3n","comment_count":"0","_links":{"self":[{"href":"https:\/\/infotep.com.ar\/index.php\/wp-json\/wp\/v2\/posts\/1299"}],"collection":[{"href":"https:\/\/infotep.com.ar\/index.php\/wp-json\/wp\/v2\/posts"}],"about":[{"href":"https:\/\/infotep.com.ar\/index.php\/wp-json\/wp\/v2\/types\/post"}],"author":[{"embeddable":true,"href":"https:\/\/infotep.com.ar\/index.php\/wp-json\/wp\/v2\/users\/5"}],"replies":[{"embeddable":true,"href":"https:\/\/infotep.com.ar\/index.php\/wp-json\/wp\/v2\/comments?post=1299"}],"version-history":[{"count":1,"href":"https:\/\/infotep.com.ar\/index.php\/wp-json\/wp\/v2\/posts\/1299\/revisions"}],"predecessor-version":[{"id":1301,"href":"https:\/\/infotep.com.ar\/index.php\/wp-json\/wp\/v2\/posts\/1299\/revisions\/1301"}],"wp:featuredmedia":[{"embeddable":true,"href":"https:\/\/infotep.com.ar\/index.php\/wp-json\/wp\/v2\/media\/1300"}],"wp:attachment":[{"href":"https:\/\/infotep.com.ar\/index.php\/wp-json\/wp\/v2\/media?parent=1299"}],"wp:term":[{"taxonomy":"category","embeddable":true,"href":"https:\/\/infotep.com.ar\/index.php\/wp-json\/wp\/v2\/categories?post=1299"},{"taxonomy":"post_tag","embeddable":true,"href":"https:\/\/infotep.com.ar\/index.php\/wp-json\/wp\/v2\/tags?post=1299"}],"curies":[{"name":"wp","href":"https:\/\/api.w.org\/{rel}","templated":true}]}}