{"id":13056,"date":"2024-04-29T01:31:09","date_gmt":"2024-04-29T04:31:09","guid":{"rendered":"https:\/\/infotep.com.ar\/?p=13056"},"modified":"2024-04-29T01:31:10","modified_gmt":"2024-04-29T04:31:10","slug":"el-fuerte-enojo-de-javier-milei-por-una-pregunta-en-el-programa-de-horacio-cabak","status":"publish","type":"post","link":"https:\/\/infotep.com.ar\/index.php\/2024\/04\/29\/el-fuerte-enojo-de-javier-milei-por-una-pregunta-en-el-programa-de-horacio-cabak\/","title":{"rendered":"El fuerte enojo de Javier Milei por una pregunta en el programa de Horacio Cabak"},"content":{"rendered":"\n<p>El presidente de la Naci\u00f3n se molest\u00f3 porque le preguntaron &#8220;por sus formas&#8221;, que no suelen ser las mejores.<br><br>Javier Milei se mostr\u00f3 extremadamente nervioso y enojado durante una entrevista que le realizaron en el programa que conduce el exmodelo Horacio Cabak, en la se\u00f1al de noticias La Naci\u00f3n+.<\/p>\n\n\n\n<p>Uno de los periodistas del programa le pregunt\u00f3 a Milei por los cuestionamientos que ayer le hizo Cristina Kirchner en el acto en Quilmes y ah\u00ed el presidente explot\u00f3.<\/p>\n\n\n\n<p>La expresidenta en el acto en el sur del conurbano bonaerense ironiz\u00f3 diciendo que al lado de Milei ella era \u201cla condesa Mar\u00eda Eugenia de Chikoff\u201d.<\/p>\n\n\n\n<p>Ante la pregunta, el mandatario pareci\u00f3 no entender que y apunt\u00f3 contra el periodista, aunque primero se justific\u00f3 diciendo que un profesor que no usa corbata no puede ser &#8220;censurado&#8221; por eso.<\/p>\n\n\n\n<p>&#8220;Son muy autoritarios con eso de las formas. Ustedes solo admiten las formas que les gustan a ustedes, y no admiten a una persona que es distinta. Quieren estropear a alguien que se expresa de una forma distinta a las que les gusta a ustedes&#8221;, expres\u00f3 ante la sorpresa de Cabak, sobre todo.<\/p>\n\n\n\n<p>Enseguida, Cabak se limit\u00f3 a recordarle que &#8220;la Presidenta (sic) se refiri\u00f3 a sus modos&#8221;, pero Milei continu\u00f3 con su embate, y sentenci\u00f3: &#8220;Todos los que tienen el paladar negro de las formas son bien autoritarios&#8221;.<\/p>\n","protected":false},"excerpt":{"rendered":"<p>El presidente de la Naci&oacute;n se molest&oacute; porque le preguntaron &ldquo;por sus formas&rdquo;, que no suelen ser las mejores. Javier Milei se mostr&oacute; extremadamente nervioso y enojado durante una entrevista que le realizaron en el programa que conduce el exmodelo Horacio Cabak, en la se&ntilde;al de noticias La Naci&oacute;n+. Uno de los periodistas del programa &hellip; <\/p>\n","protected":false},"author":5,"featured_media":10532,"comment_status":"closed","ping_status":"closed","sticky":false,"template":"","format":"standard","meta":{"om_disable_all_campaigns":false,"_joinchat":[]},"categories":[3],"tags":[46,43],"featured_image_urls":{"full":["https:\/\/infotep.com.ar\/wp-content\/uploads\/2024\/01\/MILI.jpg",1200,1050,false],"thumbnail":["https:\/\/infotep.com.ar\/wp-content\/uploads\/2024\/01\/MILI-150x150.jpg",150,150,true],"medium":["https:\/\/infotep.com.ar\/wp-content\/uploads\/2024\/01\/MILI-300x263.jpg",300,263,true],"medium_large":["https:\/\/infotep.com.ar\/wp-content\/uploads\/2024\/01\/MILI-768x672.jpg",768,672,true],"large":["https:\/\/infotep.com.ar\/wp-content\/uploads\/2024\/01\/MILI-1024x896.jpg",1020,893,true],"1536x1536":["https:\/\/infotep.com.ar\/wp-content\/uploads\/2024\/01\/MILI.jpg",1200,1050,false],"2048x2048":["https:\/\/infotep.com.ar\/wp-content\/uploads\/2024\/01\/MILI.jpg",1200,1050,false],"blossom-feminine-slider":["https:\/\/infotep.com.ar\/wp-content\/uploads\/2024\/01\/MILI-1200x649.jpg",1200,649,true],"blossom-feminine-featured":["https:\/\/infotep.com.ar\/wp-content\/uploads\/2024\/01\/MILI-1200x600.jpg",1200,600,true],"blossom-feminine-with-sidebar":["https:\/\/infotep.com.ar\/wp-content\/uploads\/2024\/01\/MILI-1020x600.jpg",1020,600,true],"blossom-feminine-blog":["https:\/\/infotep.com.ar\/wp-content\/uploads\/2024\/01\/MILI-435x435.jpg",435,435,true],"blossom-feminine-cat":["https:\/\/infotep.com.ar\/wp-content\/uploads\/2024\/01\/MILI-450x300.jpg",450,300,true],"blossom-feminine-related":["https:\/\/infotep.com.ar\/wp-content\/uploads\/2024\/01\/MILI-320x200.jpg",320,200,true],"blossom-feminine-schema":["https:\/\/infotep.com.ar\/wp-content\/uploads\/2024\/01\/MILI-69x60.jpg",69,60,true],"blossom-mommy-blog-slider-big":["https:\/\/infotep.com.ar\/wp-content\/uploads\/2024\/01\/MILI-920x650.jpg",920,650,true],"blossom-mommy-blog-slider":["https:\/\/infotep.com.ar\/wp-content\/uploads\/2024\/01\/MILI-460x310.jpg",460,310,true],"blossom-mommy-blog-two":["https:\/\/infotep.com.ar\/wp-content\/uploads\/2024\/01\/MILI-768x480.jpg",768,480,true]},"author_info":{"info":["Angela Tobar"]},"category_info":"<a href=\"https:\/\/infotep.com.ar\/index.php\/category\/nacionales\/\" rel=\"category tag\">Nacionales<\/a>","tag_info":"Nacionales","comment_count":"0","_links":{"self":[{"href":"https:\/\/infotep.com.ar\/index.php\/wp-json\/wp\/v2\/posts\/13056"}],"collection":[{"href":"https:\/\/infotep.com.ar\/index.php\/wp-json\/wp\/v2\/posts"}],"about":[{"href":"https:\/\/infotep.com.ar\/index.php\/wp-json\/wp\/v2\/types\/post"}],"author":[{"embeddable":true,"href":"https:\/\/infotep.com.ar\/index.php\/wp-json\/wp\/v2\/users\/5"}],"replies":[{"embeddable":true,"href":"https:\/\/infotep.com.ar\/index.php\/wp-json\/wp\/v2\/comments?post=13056"}],"version-history":[{"count":1,"href":"https:\/\/infotep.com.ar\/index.php\/wp-json\/wp\/v2\/posts\/13056\/revisions"}],"predecessor-version":[{"id":13057,"href":"https:\/\/infotep.com.ar\/index.php\/wp-json\/wp\/v2\/posts\/13056\/revisions\/13057"}],"wp:featuredmedia":[{"embeddable":true,"href":"https:\/\/infotep.com.ar\/index.php\/wp-json\/wp\/v2\/media\/10532"}],"wp:attachment":[{"href":"https:\/\/infotep.com.ar\/index.php\/wp-json\/wp\/v2\/media?parent=13056"}],"wp:term":[{"taxonomy":"category","embeddable":true,"href":"https:\/\/infotep.com.ar\/index.php\/wp-json\/wp\/v2\/categories?post=13056"},{"taxonomy":"post_tag","embeddable":true,"href":"https:\/\/infotep.com.ar\/index.php\/wp-json\/wp\/v2\/tags?post=13056"}],"curies":[{"name":"wp","href":"https:\/\/api.w.org\/{rel}","templated":true}]}}