{"id":13066,"date":"2024-04-29T01:47:12","date_gmt":"2024-04-29T04:47:12","guid":{"rendered":"https:\/\/infotep.com.ar\/?p=13066"},"modified":"2024-04-29T01:47:13","modified_gmt":"2024-04-29T04:47:13","slug":"elisa-carrio-anuncio-que-la-coalicion-civica-abandonara-el-bloque-de-pichetto","status":"publish","type":"post","link":"https:\/\/infotep.com.ar\/index.php\/2024\/04\/29\/elisa-carrio-anuncio-que-la-coalicion-civica-abandonara-el-bloque-de-pichetto\/","title":{"rendered":"Elisa Carri\u00f3 anunci\u00f3 que la Coalici\u00f3n C\u00edvica abandonar\u00e1 el bloque de Pichetto"},"content":{"rendered":"\n<p>La ex diputada nacional expres\u00f3 su malestar por los acuerdos alcanzados con la CGT en el marco de la discusi\u00f3n de la Ley Bases. \u201cNos vamos para mantener autonom\u00eda\u201d, declar\u00f3.<br><br>Veinticuatro horas antes de la discusi\u00f3n la Ley Bases, Elisa Carri\u00f3 anunci\u00f3 que la Coalici\u00f3n C\u00edvica abandonar\u00e1 el bloque que preside Miguel \u00c1ngel Pichetto, Hacemos Coalici\u00f3n Federal.<\/p>\n\n\n\n<p><strong>\u201cLilita\u201d cuestion\u00f3 los acuerdos alcanzados con la CGT. \u201cNos vamos para mantener autonom\u00eda\u201d, declar\u00f3 este domingo a \u00faltima hora.<\/strong><\/p>\n\n\n\n<p>Quien fuera socia fundadora de Cambiemos, denunci\u00f3 que el Presidente \u201ctranz\u00f3 con las mafias\u201d y que \u201celigi\u00f3 a la CGT de Moyano\u201d.<\/p>\n\n\n\n<p>En este marco, Carri\u00f3 manifest\u00f3: \u201cPor eso, con todo el respeto y cari\u00f1o que le tenemos a Pichetto, el martes no vamos del bloque\u201d.<\/p>\n\n\n\n<p>\u201cNos vamos para mantener autonom\u00eda, nosotros con Moyano no podemos estar\u201d, remarc\u00f3 Lilita, quien no obstante, aclar\u00f3 que mantiene \u201cuna excelente relaci\u00f3n\u201d con el titular de Hacemos Coalici\u00f3n Federal, pero que \u201cse sab\u00eda que solo era un grupo administrativo\u201d.<\/p>\n\n\n\n<p class=\"has-light-green-cyan-background-color has-background\">Tambi\u00e9n adelant\u00f3 que la Coalici\u00f3n C\u00edvica votar\u00e1 en contra del blanqueo de capitales. \u201cEl Presidente dijo que no le importaba de d\u00f3nde ven\u00eda el dinero, siempre que venga la inversi\u00f3n.. o sea que eso es blanqueo del narcotr\u00e1fico\u201d, consider\u00f3.<\/p>\n\n\n\n<p>\u201cMilei dice que no le importa. \u00bfCu\u00e1l es el beneficio de las inversiones que har\u00edan?, que no van a pagar el Impuesto al Cheque y no van a pagar el 25% de Ganancias\u201d, agreg\u00f3 y se pregunt\u00f3: \u201c\u00bfC\u00f3mo miro a la cara a las pymes que dan trabajo?\u201d.<\/p>\n\n\n\n<p><strong>\u201cNo hay nada de la reforma laboral que favorezca a las pymes. No sirve para nada. Tampoco le sacan el poder a los sindicatos corruptos.<\/strong><\/p>\n\n\n\n<p>Milei tranz\u00f3 con las mafias. C\u00f3mo va a votar el Pro y el radicalismo esta ley de inversiones cuando todas las pymes y pobres de la argentina pagan el impuesto al cheque, este es un delito moral\u201d, continu\u00f3.<\/p>\n\n\n\n<p>Denunci\u00f3 que recibi\u00f3 un documento proveniente de la oficina del presidente de la C\u00e1mara Baja, Mart\u00edn Menem, que plantea que la ley en cuesti\u00f3n se votar\u00eda \u201ccap\u00edtulo por cap\u00edtulo a mano alzada, para que nadie sepa que se votan este tipo de inversiones\u201d.<\/p>\n\n\n\n<p>Y profundiz\u00f3 su declaraci\u00f3n: \u201cnegociado por dos diputadas, amigas m\u00edas, una radical y otra del Pro, que no voy a decir sus nombres porque las quiero\u201d.<\/p>\n\n\n\n<p>\u201cEsto lo va a sostener la pobreza, la indigencia y los sectores medios productivos\u201d, vaticin\u00f3.<\/p>\n\n\n\n<p>Adem\u00e1s se\u00f1al\u00f3 que el Gobierno \u201cno puede liberar el cepo porque el Impuesto Pa\u00eds es el mayor flujo de ingresos que tiene la Naci\u00f3n junto con Retenciones\u201d.<\/p>\n","protected":false},"excerpt":{"rendered":"<p>La ex diputada nacional expres&oacute; su malestar por los acuerdos alcanzados con la CGT en el marco de la discusi&oacute;n de la Ley Bases. &ldquo;Nos vamos para mantener autonom&iacute;a&rdquo;, declar&oacute;. Veinticuatro horas antes de la discusi&oacute;n la Ley Bases, Elisa Carri&oacute; anunci&oacute; que la Coalici&oacute;n C&iacute;vica abandonar&aacute; el bloque que preside Miguel &Aacute;ngel Pichetto, Hacemos &hellip; <\/p>\n","protected":false},"author":5,"featured_media":5755,"comment_status":"closed","ping_status":"closed","sticky":false,"template":"","format":"standard","meta":{"om_disable_all_campaigns":false,"_joinchat":[]},"categories":[3],"tags":[46,43],"featured_image_urls":{"full":["https:\/\/infotep.com.ar\/wp-content\/uploads\/2023\/06\/carrio.webp",1200,675,false],"thumbnail":["https:\/\/infotep.com.ar\/wp-content\/uploads\/2023\/06\/carrio-150x150.webp",150,150,true],"medium":["https:\/\/infotep.com.ar\/wp-content\/uploads\/2023\/06\/carrio-300x169.webp",300,169,true],"medium_large":["https:\/\/infotep.com.ar\/wp-content\/uploads\/2023\/06\/carrio-768x432.webp",768,432,true],"large":["https:\/\/infotep.com.ar\/wp-content\/uploads\/2023\/06\/carrio-1024x576.webp",1020,574,true],"1536x1536":["https:\/\/infotep.com.ar\/wp-content\/uploads\/2023\/06\/carrio.webp",1200,675,false],"2048x2048":["https:\/\/infotep.com.ar\/wp-content\/uploads\/2023\/06\/carrio.webp",1200,675,false],"blossom-feminine-slider":["https:\/\/infotep.com.ar\/wp-content\/uploads\/2023\/06\/carrio-1200x649.webp",1200,649,true],"blossom-feminine-featured":["https:\/\/infotep.com.ar\/wp-content\/uploads\/2023\/06\/carrio-1200x600.webp",1200,600,true],"blossom-feminine-with-sidebar":["https:\/\/infotep.com.ar\/wp-content\/uploads\/2023\/06\/carrio-1020x600.webp",1020,600,true],"blossom-feminine-blog":["https:\/\/infotep.com.ar\/wp-content\/uploads\/2023\/06\/carrio-435x435.webp",435,435,true],"blossom-feminine-cat":["https:\/\/infotep.com.ar\/wp-content\/uploads\/2023\/06\/carrio-450x300.webp",450,300,true],"blossom-feminine-related":["https:\/\/infotep.com.ar\/wp-content\/uploads\/2023\/06\/carrio-320x200.webp",320,200,true],"blossom-feminine-schema":["https:\/\/infotep.com.ar\/wp-content\/uploads\/2023\/06\/carrio-107x60.webp",107,60,true],"blossom-mommy-blog-slider-big":["https:\/\/infotep.com.ar\/wp-content\/uploads\/2023\/06\/carrio-920x650.webp",920,650,true],"blossom-mommy-blog-slider":["https:\/\/infotep.com.ar\/wp-content\/uploads\/2023\/06\/carrio-460x310.webp",460,310,true],"blossom-mommy-blog-two":["https:\/\/infotep.com.ar\/wp-content\/uploads\/2023\/06\/carrio-768x480.webp",768,480,true]},"author_info":{"info":["Angela Tobar"]},"category_info":"<a href=\"https:\/\/infotep.com.ar\/index.php\/category\/nacionales\/\" rel=\"category tag\">Nacionales<\/a>","tag_info":"Nacionales","comment_count":"0","_links":{"self":[{"href":"https:\/\/infotep.com.ar\/index.php\/wp-json\/wp\/v2\/posts\/13066"}],"collection":[{"href":"https:\/\/infotep.com.ar\/index.php\/wp-json\/wp\/v2\/posts"}],"about":[{"href":"https:\/\/infotep.com.ar\/index.php\/wp-json\/wp\/v2\/types\/post"}],"author":[{"embeddable":true,"href":"https:\/\/infotep.com.ar\/index.php\/wp-json\/wp\/v2\/users\/5"}],"replies":[{"embeddable":true,"href":"https:\/\/infotep.com.ar\/index.php\/wp-json\/wp\/v2\/comments?post=13066"}],"version-history":[{"count":1,"href":"https:\/\/infotep.com.ar\/index.php\/wp-json\/wp\/v2\/posts\/13066\/revisions"}],"predecessor-version":[{"id":13067,"href":"https:\/\/infotep.com.ar\/index.php\/wp-json\/wp\/v2\/posts\/13066\/revisions\/13067"}],"wp:featuredmedia":[{"embeddable":true,"href":"https:\/\/infotep.com.ar\/index.php\/wp-json\/wp\/v2\/media\/5755"}],"wp:attachment":[{"href":"https:\/\/infotep.com.ar\/index.php\/wp-json\/wp\/v2\/media?parent=13066"}],"wp:term":[{"taxonomy":"category","embeddable":true,"href":"https:\/\/infotep.com.ar\/index.php\/wp-json\/wp\/v2\/categories?post=13066"},{"taxonomy":"post_tag","embeddable":true,"href":"https:\/\/infotep.com.ar\/index.php\/wp-json\/wp\/v2\/tags?post=13066"}],"curies":[{"name":"wp","href":"https:\/\/api.w.org\/{rel}","templated":true}]}}