{"id":13098,"date":"2024-04-29T16:42:01","date_gmt":"2024-04-29T19:42:01","guid":{"rendered":"https:\/\/infotep.com.ar\/?p=13098"},"modified":"2024-04-29T16:42:29","modified_gmt":"2024-04-29T19:42:29","slug":"mas-que-en-la-pandemia-el-intendente-de-merlo-aseguro-que-este-es-el-peor-momento-en-el-que-le-toco-gestionar","status":"publish","type":"post","link":"https:\/\/infotep.com.ar\/index.php\/2024\/04\/29\/mas-que-en-la-pandemia-el-intendente-de-merlo-aseguro-que-este-es-el-peor-momento-en-el-que-le-toco-gestionar\/","title":{"rendered":"&#8220;M\u00e1s que en la pandemia&#8221;: el intendente de Merlo asegur\u00f3 que este es el peor momento en el que le toc\u00f3 gestionar"},"content":{"rendered":"\n<p><br>El intendente de Merlo, Gustavo Men\u00e9ndez, afirm\u00f3 que \u201c\u00e9ste es el peor momento\u201d en el que le toc\u00f3 gestionar, de los tres mandatos que tuvo, incluso es a\u00fan \u201cpeor que en la pandemia\u201d.<\/p>\n\n\n\n<p>Asimismo, asever\u00f3 que \u201ctodos los sectores se est\u00e1n viendo afectados\u201d y que en el \u00e1rea de salud &#8220;las prepagas se hicieron inalcanzables para muchos\u201d.<\/p>\n\n\n\n<p>D\u00edas atr\u00e1s, Men\u00e9ndez hab\u00eda declarado que \u201cgobernar es defender al necesitado, ampliar los derechos de los argentinos y argentinas\u201d, y que no quieren \u201dni ajuste ni motosierra\u201d sino un \u201cEstado presente\u201d para que defienda los derechos de los ciudadanos.<\/p>\n\n\n\n<p>\u201cTodas estas decisiones que est\u00e1 tomando el Gobierno Nacional s\u00f3lo logran despojar al pueblo de derechos adquiridos tales como la educaci\u00f3n, el transporte, la obra p\u00fablica, el alimento y la salud\u201d, remarc\u00f3.<\/p>\n\n\n\n<p>Adem\u00e1s, destac\u00f3 que se necesita trabajar de forma articulada \u201cde manera colectiva\u201d, y puntualmente \u201cdesde las gestiones locales\u201d, para \u201cdar respuestas urgentes a las demandas de las vecinas y vecinos de los municipios de todo el pa\u00eds\u201d, sin distinci\u00f3n ideol\u00f3gica o partidaria<\/p>\n\n\n\n<p>\u201cLas autoridades nacionales deben tomar medidas urgentes para frenar la cat\u00e1strofe que estamos viviendo. Ante todo, se deben respetar la Constituci\u00f3n Nacional, la divisi\u00f3n de poderes y el federalismo claramente avasallados por estos tiempos\u201d, subray\u00f3.<\/p>\n\n\n\n<p>Finalmente, se refiri\u00f3 al acto del pasado s\u00e1bado, donde estuvo presente junto a otros intendentes, en el estadio N\u00e9stor Kirchner en Quilmes y declar\u00f3 que vio \u201cmuy bien\u201d a Cristina Kirchner y que est\u00e1 \u201cen un momento intelectual muy bueno&#8221;.<\/p>\n\n\n\n<p>\u201cTanta claridad, capacidad para mostrar de forma sencilla hasta lo m\u00e1s complejo, simpleza para llamar a la reflexi\u00f3n, para abrir los ojos de millones, tanta inteligencia y preparaci\u00f3n resumida en un discurso de dos horas me hace emocionar como el primer d\u00eda\u201d, concluy\u00f3.<\/p>\n","protected":false},"excerpt":{"rendered":"<p>El intendente de Merlo, Gustavo Men&eacute;ndez, afirm&oacute; que &ldquo;&eacute;ste es el peor momento&rdquo; en el que le toc&oacute; gestionar, de los tres mandatos que tuvo, incluso es a&uacute;n &ldquo;peor que en la pandemia&rdquo;. Asimismo, asever&oacute; que &ldquo;todos los sectores se est&aacute;n viendo afectados&rdquo; y que en el &aacute;rea de salud &ldquo;las prepagas se hicieron inalcanzables &hellip; <\/p>\n","protected":false},"author":5,"featured_media":13099,"comment_status":"closed","ping_status":"closed","sticky":false,"template":"","format":"standard","meta":{"om_disable_all_campaigns":false,"_joinchat":[]},"categories":[10],"tags":[46,43],"featured_image_urls":{"full":["https:\/\/infotep.com.ar\/wp-content\/uploads\/2024\/04\/Gustavo-Menendez.jpg",730,443,false],"thumbnail":["https:\/\/infotep.com.ar\/wp-content\/uploads\/2024\/04\/Gustavo-Menendez-150x150.jpg",150,150,true],"medium":["https:\/\/infotep.com.ar\/wp-content\/uploads\/2024\/04\/Gustavo-Menendez-300x182.jpg",300,182,true],"medium_large":["https:\/\/infotep.com.ar\/wp-content\/uploads\/2024\/04\/Gustavo-Menendez.jpg",730,443,false],"large":["https:\/\/infotep.com.ar\/wp-content\/uploads\/2024\/04\/Gustavo-Menendez.jpg",730,443,false],"1536x1536":["https:\/\/infotep.com.ar\/wp-content\/uploads\/2024\/04\/Gustavo-Menendez.jpg",730,443,false],"2048x2048":["https:\/\/infotep.com.ar\/wp-content\/uploads\/2024\/04\/Gustavo-Menendez.jpg",730,443,false],"blossom-feminine-slider":["https:\/\/infotep.com.ar\/wp-content\/uploads\/2024\/04\/Gustavo-Menendez.jpg",730,443,false],"blossom-feminine-featured":["https:\/\/infotep.com.ar\/wp-content\/uploads\/2024\/04\/Gustavo-Menendez.jpg",730,443,false],"blossom-feminine-with-sidebar":["https:\/\/infotep.com.ar\/wp-content\/uploads\/2024\/04\/Gustavo-Menendez.jpg",730,443,false],"blossom-feminine-blog":["https:\/\/infotep.com.ar\/wp-content\/uploads\/2024\/04\/Gustavo-Menendez-435x435.jpg",435,435,true],"blossom-feminine-cat":["https:\/\/infotep.com.ar\/wp-content\/uploads\/2024\/04\/Gustavo-Menendez-450x300.jpg",450,300,true],"blossom-feminine-related":["https:\/\/infotep.com.ar\/wp-content\/uploads\/2024\/04\/Gustavo-Menendez-320x200.jpg",320,200,true],"blossom-feminine-schema":["https:\/\/infotep.com.ar\/wp-content\/uploads\/2024\/04\/Gustavo-Menendez-99x60.jpg",99,60,true],"blossom-mommy-blog-slider-big":["https:\/\/infotep.com.ar\/wp-content\/uploads\/2024\/04\/Gustavo-Menendez.jpg",730,443,false],"blossom-mommy-blog-slider":["https:\/\/infotep.com.ar\/wp-content\/uploads\/2024\/04\/Gustavo-Menendez-460x310.jpg",460,310,true],"blossom-mommy-blog-two":["https:\/\/infotep.com.ar\/wp-content\/uploads\/2024\/04\/Gustavo-Menendez.jpg",730,443,false]},"author_info":{"info":["Angela Tobar"]},"category_info":"<a href=\"https:\/\/infotep.com.ar\/index.php\/category\/municipales\/merlo\/\" rel=\"category tag\">Merlo<\/a>","tag_info":"Merlo","comment_count":"0","_links":{"self":[{"href":"https:\/\/infotep.com.ar\/index.php\/wp-json\/wp\/v2\/posts\/13098"}],"collection":[{"href":"https:\/\/infotep.com.ar\/index.php\/wp-json\/wp\/v2\/posts"}],"about":[{"href":"https:\/\/infotep.com.ar\/index.php\/wp-json\/wp\/v2\/types\/post"}],"author":[{"embeddable":true,"href":"https:\/\/infotep.com.ar\/index.php\/wp-json\/wp\/v2\/users\/5"}],"replies":[{"embeddable":true,"href":"https:\/\/infotep.com.ar\/index.php\/wp-json\/wp\/v2\/comments?post=13098"}],"version-history":[{"count":1,"href":"https:\/\/infotep.com.ar\/index.php\/wp-json\/wp\/v2\/posts\/13098\/revisions"}],"predecessor-version":[{"id":13100,"href":"https:\/\/infotep.com.ar\/index.php\/wp-json\/wp\/v2\/posts\/13098\/revisions\/13100"}],"wp:featuredmedia":[{"embeddable":true,"href":"https:\/\/infotep.com.ar\/index.php\/wp-json\/wp\/v2\/media\/13099"}],"wp:attachment":[{"href":"https:\/\/infotep.com.ar\/index.php\/wp-json\/wp\/v2\/media?parent=13098"}],"wp:term":[{"taxonomy":"category","embeddable":true,"href":"https:\/\/infotep.com.ar\/index.php\/wp-json\/wp\/v2\/categories?post=13098"},{"taxonomy":"post_tag","embeddable":true,"href":"https:\/\/infotep.com.ar\/index.php\/wp-json\/wp\/v2\/tags?post=13098"}],"curies":[{"name":"wp","href":"https:\/\/api.w.org\/{rel}","templated":true}]}}