{"id":13148,"date":"2024-05-02T02:24:41","date_gmt":"2024-05-02T05:24:41","guid":{"rendered":"https:\/\/infotep.com.ar\/?p=13148"},"modified":"2024-05-02T02:42:48","modified_gmt":"2024-05-02T05:42:48","slug":"ituzaingo-clausuran-dos-talleres-mecanicos-que-no-cumplian-con-las-normativas","status":"publish","type":"post","link":"https:\/\/infotep.com.ar\/index.php\/2024\/05\/02\/ituzaingo-clausuran-dos-talleres-mecanicos-que-no-cumplian-con-las-normativas\/","title":{"rendered":"Ituzaing\u00f3: Clausuran dos talleres mec\u00e1nicos que no cumplian con las normativas"},"content":{"rendered":"\n<p>En el marco de las actuaciones bajo la Ley provincial 13.081, que regula las actividades vinculadas al rubro automotor como talleres mec\u00e1nicos, desarmaderos, chapistas, gomer\u00edas, etc., la <strong>Direcci\u00f3n de Fiscalizaci\u00f3n del municipio, junto a la UFI N\u00b01 de Ituzaing\u00f3 y la Polic\u00eda de la provincia de Buenos Aires llev\u00f3 adelante operativos conjuntos de fiscalizaci\u00f3n que dieron como resultado la clausura de los locales comerciales<\/strong>. Se trat\u00f3 de denuncias an\u00f3nimas que evidenciaron el incumplimiento de la ley mencionada.<\/p>\n\n\n\n<p>Durante los operativos, que tuvieron lugar en un comercio ubicado en las intersecciones de la calle Hortiguera y Buttler y en un domicilio ubicado en Cuyo y Beltr\u00e1n, los equipos de fiscalizaci\u00f3n del municipio constataron la falta de habilitaci\u00f3n de ambos talleres mec\u00e1nicos, la ausencia del libro de registro de actividades y se procedi\u00f3 adem\u00e1s al secuestro de algunos veh\u00edculos, debido a la actuaci\u00f3n de la Subsecretar\u00eda de Tr\u00e1nsito y Transporte.<\/p>\n\n\n\n<figure class=\"wp-block-image size-large\"><img decoding=\"async\" loading=\"lazy\" width=\"1024\" height=\"682\" src=\"https:\/\/infotep.com.ar\/wp-content\/uploads\/2024\/05\/OPERATIVO-2-1024x682.jpg\" alt=\"\" class=\"wp-image-13151\" srcset=\"https:\/\/infotep.com.ar\/wp-content\/uploads\/2024\/05\/OPERATIVO-2-1024x682.jpg 1024w, https:\/\/infotep.com.ar\/wp-content\/uploads\/2024\/05\/OPERATIVO-2-300x200.jpg 300w, https:\/\/infotep.com.ar\/wp-content\/uploads\/2024\/05\/OPERATIVO-2-768x512.jpg 768w, https:\/\/infotep.com.ar\/wp-content\/uploads\/2024\/05\/OPERATIVO-2-450x300.jpg 450w, https:\/\/infotep.com.ar\/wp-content\/uploads\/2024\/05\/OPERATIVO-2-90x60.jpg 90w, https:\/\/infotep.com.ar\/wp-content\/uploads\/2024\/05\/OPERATIVO-2.jpg 1280w\" sizes=\"(max-width: 1024px) 100vw, 1024px\" \/><\/figure>\n\n\n\n<p>A su vez, se realiz\u00f3 la limpieza y despeje de las calles de ambos domicilios, en las que se encontraron veh\u00edculos que anegaban la circulaci\u00f3n y generaban residuos constantes que afectaban el cuidado del ambiente, siendo foco adem\u00e1s de posibles situaciones de inseguridad, debido a la acumulaci\u00f3n de materiales en desuso.<\/p>\n\n\n\n<p>Los operativos tuvieron por objetivo dar cuenta de las denuncias an\u00f3nimas realizadas a la l\u00ednea 4623-7771, buscando regularizar las situaciones de los comercios inspeccionados ante cualquier tipo de incumplimiento que haya sido denunciado.<\/p>\n\n\n\n<figure class=\"wp-block-image size-large\"><img decoding=\"async\" loading=\"lazy\" width=\"1024\" height=\"682\" src=\"https:\/\/infotep.com.ar\/wp-content\/uploads\/2024\/05\/OPERATIVO-1-1024x682.jpg\" alt=\"\" class=\"wp-image-13150\" srcset=\"https:\/\/infotep.com.ar\/wp-content\/uploads\/2024\/05\/OPERATIVO-1-1024x682.jpg 1024w, https:\/\/infotep.com.ar\/wp-content\/uploads\/2024\/05\/OPERATIVO-1-300x200.jpg 300w, https:\/\/infotep.com.ar\/wp-content\/uploads\/2024\/05\/OPERATIVO-1-768x512.jpg 768w, https:\/\/infotep.com.ar\/wp-content\/uploads\/2024\/05\/OPERATIVO-1-450x300.jpg 450w, https:\/\/infotep.com.ar\/wp-content\/uploads\/2024\/05\/OPERATIVO-1-90x60.jpg 90w, https:\/\/infotep.com.ar\/wp-content\/uploads\/2024\/05\/OPERATIVO-1.jpg 1280w\" sizes=\"(max-width: 1024px) 100vw, 1024px\" \/><\/figure>\n","protected":false},"excerpt":{"rendered":"<p>En el marco de las actuaciones bajo la Ley provincial 13.081, que regula las actividades vinculadas al rubro automotor como talleres mec&aacute;nicos, desarmaderos, chapistas, gomer&iacute;as, etc., la Direcci&oacute;n de Fiscalizaci&oacute;n del municipio, junto a la UFI N&deg;1 de Ituzaing&oacute; y la Polic&iacute;a de la provincia de Buenos Aires llev&oacute; adelante operativos conjuntos de fiscalizaci&oacute;n que &hellip; <\/p>\n","protected":false},"author":5,"featured_media":13149,"comment_status":"closed","ping_status":"closed","sticky":false,"template":"","format":"standard","meta":{"om_disable_all_campaigns":false,"_joinchat":[]},"categories":[8],"tags":[46,43],"featured_image_urls":{"full":["https:\/\/infotep.com.ar\/wp-content\/uploads\/2024\/05\/OPERATIVO-5.jpg",1280,853,false],"thumbnail":["https:\/\/infotep.com.ar\/wp-content\/uploads\/2024\/05\/OPERATIVO-5-150x150.jpg",150,150,true],"medium":["https:\/\/infotep.com.ar\/wp-content\/uploads\/2024\/05\/OPERATIVO-5-300x200.jpg",300,200,true],"medium_large":["https:\/\/infotep.com.ar\/wp-content\/uploads\/2024\/05\/OPERATIVO-5-768x512.jpg",768,512,true],"large":["https:\/\/infotep.com.ar\/wp-content\/uploads\/2024\/05\/OPERATIVO-5-1024x682.jpg",1020,679,true],"1536x1536":["https:\/\/infotep.com.ar\/wp-content\/uploads\/2024\/05\/OPERATIVO-5.jpg",1280,853,false],"2048x2048":["https:\/\/infotep.com.ar\/wp-content\/uploads\/2024\/05\/OPERATIVO-5.jpg",1280,853,false],"blossom-feminine-slider":["https:\/\/infotep.com.ar\/wp-content\/uploads\/2024\/05\/OPERATIVO-5-1280x649.jpg",1280,649,true],"blossom-feminine-featured":["https:\/\/infotep.com.ar\/wp-content\/uploads\/2024\/05\/OPERATIVO-5-1280x600.jpg",1280,600,true],"blossom-feminine-with-sidebar":["https:\/\/infotep.com.ar\/wp-content\/uploads\/2024\/05\/OPERATIVO-5-1020x600.jpg",1020,600,true],"blossom-feminine-blog":["https:\/\/infotep.com.ar\/wp-content\/uploads\/2024\/05\/OPERATIVO-5-435x435.jpg",435,435,true],"blossom-feminine-cat":["https:\/\/infotep.com.ar\/wp-content\/uploads\/2024\/05\/OPERATIVO-5-450x300.jpg",450,300,true],"blossom-feminine-related":["https:\/\/infotep.com.ar\/wp-content\/uploads\/2024\/05\/OPERATIVO-5-320x200.jpg",320,200,true],"blossom-feminine-schema":["https:\/\/infotep.com.ar\/wp-content\/uploads\/2024\/05\/OPERATIVO-5-90x60.jpg",90,60,true],"blossom-mommy-blog-slider-big":["https:\/\/infotep.com.ar\/wp-content\/uploads\/2024\/05\/OPERATIVO-5-920x650.jpg",920,650,true],"blossom-mommy-blog-slider":["https:\/\/infotep.com.ar\/wp-content\/uploads\/2024\/05\/OPERATIVO-5-460x310.jpg",460,310,true],"blossom-mommy-blog-two":["https:\/\/infotep.com.ar\/wp-content\/uploads\/2024\/05\/OPERATIVO-5-768x480.jpg",768,480,true]},"author_info":{"info":["Angela Tobar"]},"category_info":"<a href=\"https:\/\/infotep.com.ar\/index.php\/category\/municipales\/ituzaingo\/\" rel=\"category tag\">Ituzaing\u00f3<\/a>","tag_info":"Ituzaing\u00f3","comment_count":"0","_links":{"self":[{"href":"https:\/\/infotep.com.ar\/index.php\/wp-json\/wp\/v2\/posts\/13148"}],"collection":[{"href":"https:\/\/infotep.com.ar\/index.php\/wp-json\/wp\/v2\/posts"}],"about":[{"href":"https:\/\/infotep.com.ar\/index.php\/wp-json\/wp\/v2\/types\/post"}],"author":[{"embeddable":true,"href":"https:\/\/infotep.com.ar\/index.php\/wp-json\/wp\/v2\/users\/5"}],"replies":[{"embeddable":true,"href":"https:\/\/infotep.com.ar\/index.php\/wp-json\/wp\/v2\/comments?post=13148"}],"version-history":[{"count":1,"href":"https:\/\/infotep.com.ar\/index.php\/wp-json\/wp\/v2\/posts\/13148\/revisions"}],"predecessor-version":[{"id":13152,"href":"https:\/\/infotep.com.ar\/index.php\/wp-json\/wp\/v2\/posts\/13148\/revisions\/13152"}],"wp:featuredmedia":[{"embeddable":true,"href":"https:\/\/infotep.com.ar\/index.php\/wp-json\/wp\/v2\/media\/13149"}],"wp:attachment":[{"href":"https:\/\/infotep.com.ar\/index.php\/wp-json\/wp\/v2\/media?parent=13148"}],"wp:term":[{"taxonomy":"category","embeddable":true,"href":"https:\/\/infotep.com.ar\/index.php\/wp-json\/wp\/v2\/categories?post=13148"},{"taxonomy":"post_tag","embeddable":true,"href":"https:\/\/infotep.com.ar\/index.php\/wp-json\/wp\/v2\/tags?post=13148"}],"curies":[{"name":"wp","href":"https:\/\/api.w.org\/{rel}","templated":true}]}}