{"id":13153,"date":"2024-05-02T02:27:25","date_gmt":"2024-05-02T05:27:25","guid":{"rendered":"https:\/\/infotep.com.ar\/?p=13153"},"modified":"2024-05-02T02:27:25","modified_gmt":"2024-05-02T05:27:25","slug":"trabajadores-municipales-de-merlo-acordaron-aumento-salarial","status":"publish","type":"post","link":"https:\/\/infotep.com.ar\/index.php\/2024\/05\/02\/trabajadores-municipales-de-merlo-acordaron-aumento-salarial\/","title":{"rendered":"Trabajadores municipales de Merlo acordaron aumento salarial"},"content":{"rendered":"\n<p>Lo anunci\u00f3 el Intendente Gustavo Men\u00e9ndez en v\u00edsperas del D\u00eda del Trabajador, junto al Secretario General del Sindicato de Empleados Municipales Jos\u00e9 Luis N\u00fa\u00f1ez y el Jefe de Gabinete Gustavo Soos.<\/p>\n\n\n\n<p><strong>\u201cAdem\u00e1s del aumento del 40 % que impactar\u00e1 en los haberes del mes de mayo, acordamos brindar una garant\u00eda salarial para aquellos empleados que cumplen jornadas laborales de 6 horas diarias, que ten\u00edan los sueldos m\u00e1s bajos\u201d, inform\u00f3 el mandatario.<\/strong><\/p>\n\n\n\n<p>El Secretario General del Sindicato, Jos\u00e9 Luis N\u00fa\u00f1ez, destac\u00f3 que \u201cNuestro di\u00e1logo con el gobierno municipal es permanente y agradecemos su doble esfuerzo porque este Ejecutivo siempre ha tenido la voluntad de escucharnos para poder mejorar las situaciones, a diferencia de este gobierno nacional, que busca solucionar la problem\u00e1tica de los trabajadores despidi\u00e9ndolos\u201d.<\/p>\n\n\n\n<p><\/p>\n","protected":false},"excerpt":{"rendered":"<p>Lo anunci&oacute; el Intendente Gustavo Men&eacute;ndez en v&iacute;speras del D&iacute;a del Trabajador, junto al Secretario General del Sindicato de Empleados Municipales Jos&eacute; Luis N&uacute;&ntilde;ez y el Jefe de Gabinete Gustavo Soos. &ldquo;Adem&aacute;s del aumento del 40 % que impactar&aacute; en los haberes del mes de mayo, acordamos brindar una garant&iacute;a salarial para aquellos empleados que &hellip; <\/p>\n","protected":false},"author":5,"featured_media":13154,"comment_status":"closed","ping_status":"closed","sticky":false,"template":"","format":"standard","meta":{"om_disable_all_campaigns":false,"_joinchat":[]},"categories":[7,10],"tags":[46,287,43],"featured_image_urls":{"full":["https:\/\/infotep.com.ar\/wp-content\/uploads\/2024\/05\/aumento-a-municipales-merlo-2024.jpg",1200,675,false],"thumbnail":["https:\/\/infotep.com.ar\/wp-content\/uploads\/2024\/05\/aumento-a-municipales-merlo-2024-150x150.jpg",150,150,true],"medium":["https:\/\/infotep.com.ar\/wp-content\/uploads\/2024\/05\/aumento-a-municipales-merlo-2024-300x169.jpg",300,169,true],"medium_large":["https:\/\/infotep.com.ar\/wp-content\/uploads\/2024\/05\/aumento-a-municipales-merlo-2024-768x432.jpg",768,432,true],"large":["https:\/\/infotep.com.ar\/wp-content\/uploads\/2024\/05\/aumento-a-municipales-merlo-2024-1024x576.jpg",1020,574,true],"1536x1536":["https:\/\/infotep.com.ar\/wp-content\/uploads\/2024\/05\/aumento-a-municipales-merlo-2024.jpg",1200,675,false],"2048x2048":["https:\/\/infotep.com.ar\/wp-content\/uploads\/2024\/05\/aumento-a-municipales-merlo-2024.jpg",1200,675,false],"blossom-feminine-slider":["https:\/\/infotep.com.ar\/wp-content\/uploads\/2024\/05\/aumento-a-municipales-merlo-2024-1200x649.jpg",1200,649,true],"blossom-feminine-featured":["https:\/\/infotep.com.ar\/wp-content\/uploads\/2024\/05\/aumento-a-municipales-merlo-2024-1200x600.jpg",1200,600,true],"blossom-feminine-with-sidebar":["https:\/\/infotep.com.ar\/wp-content\/uploads\/2024\/05\/aumento-a-municipales-merlo-2024-1020x600.jpg",1020,600,true],"blossom-feminine-blog":["https:\/\/infotep.com.ar\/wp-content\/uploads\/2024\/05\/aumento-a-municipales-merlo-2024-435x435.jpg",435,435,true],"blossom-feminine-cat":["https:\/\/infotep.com.ar\/wp-content\/uploads\/2024\/05\/aumento-a-municipales-merlo-2024-450x300.jpg",450,300,true],"blossom-feminine-related":["https:\/\/infotep.com.ar\/wp-content\/uploads\/2024\/05\/aumento-a-municipales-merlo-2024-320x200.jpg",320,200,true],"blossom-feminine-schema":["https:\/\/infotep.com.ar\/wp-content\/uploads\/2024\/05\/aumento-a-municipales-merlo-2024-107x60.jpg",107,60,true],"blossom-mommy-blog-slider-big":["https:\/\/infotep.com.ar\/wp-content\/uploads\/2024\/05\/aumento-a-municipales-merlo-2024-920x650.jpg",920,650,true],"blossom-mommy-blog-slider":["https:\/\/infotep.com.ar\/wp-content\/uploads\/2024\/05\/aumento-a-municipales-merlo-2024-460x310.jpg",460,310,true],"blossom-mommy-blog-two":["https:\/\/infotep.com.ar\/wp-content\/uploads\/2024\/05\/aumento-a-municipales-merlo-2024-768x480.jpg",768,480,true]},"author_info":{"info":["Angela Tobar"]},"category_info":"<a href=\"https:\/\/infotep.com.ar\/index.php\/category\/gremios\/\" rel=\"category tag\">Gremios<\/a> <a href=\"https:\/\/infotep.com.ar\/index.php\/category\/municipales\/merlo\/\" rel=\"category tag\">Merlo<\/a>","tag_info":"Merlo","comment_count":"0","_links":{"self":[{"href":"https:\/\/infotep.com.ar\/index.php\/wp-json\/wp\/v2\/posts\/13153"}],"collection":[{"href":"https:\/\/infotep.com.ar\/index.php\/wp-json\/wp\/v2\/posts"}],"about":[{"href":"https:\/\/infotep.com.ar\/index.php\/wp-json\/wp\/v2\/types\/post"}],"author":[{"embeddable":true,"href":"https:\/\/infotep.com.ar\/index.php\/wp-json\/wp\/v2\/users\/5"}],"replies":[{"embeddable":true,"href":"https:\/\/infotep.com.ar\/index.php\/wp-json\/wp\/v2\/comments?post=13153"}],"version-history":[{"count":1,"href":"https:\/\/infotep.com.ar\/index.php\/wp-json\/wp\/v2\/posts\/13153\/revisions"}],"predecessor-version":[{"id":13155,"href":"https:\/\/infotep.com.ar\/index.php\/wp-json\/wp\/v2\/posts\/13153\/revisions\/13155"}],"wp:featuredmedia":[{"embeddable":true,"href":"https:\/\/infotep.com.ar\/index.php\/wp-json\/wp\/v2\/media\/13154"}],"wp:attachment":[{"href":"https:\/\/infotep.com.ar\/index.php\/wp-json\/wp\/v2\/media?parent=13153"}],"wp:term":[{"taxonomy":"category","embeddable":true,"href":"https:\/\/infotep.com.ar\/index.php\/wp-json\/wp\/v2\/categories?post=13153"},{"taxonomy":"post_tag","embeddable":true,"href":"https:\/\/infotep.com.ar\/index.php\/wp-json\/wp\/v2\/tags?post=13153"}],"curies":[{"name":"wp","href":"https:\/\/api.w.org\/{rel}","templated":true}]}}