{"id":1322,"date":"2022-09-23T09:27:37","date_gmt":"2022-09-23T12:27:37","guid":{"rendered":"https:\/\/infotep.com.ar\/?p=1322"},"modified":"2022-09-23T09:27:38","modified_gmt":"2022-09-23T12:27:38","slug":"vialidad-cristina-kirchner-hablara-ante-los-jueces-en-el-cierre-del-alegato-de-su-defensa","status":"publish","type":"post","link":"https:\/\/infotep.com.ar\/index.php\/2022\/09\/23\/vialidad-cristina-kirchner-hablara-ante-los-jueces-en-el-cierre-del-alegato-de-su-defensa\/","title":{"rendered":"Vialidad: Cristina Kirchner hablar\u00e1 ante los jueces en el cierre del alegato de su defensa"},"content":{"rendered":"\n<p><\/p>\n\n\n\n<p>La vicepresidenta\u00a0<strong>Cristina Kirchner<\/strong>\u00a0hablar\u00e1 este mediod\u00eda el cierre de alegatos de su defensa en el marco del\u00a0<strong>juicio oral por la obra p\u00fablica<\/strong>, siendo la principal acusada de ser la jefa de una asociaci\u00f3n il\u00edcita y por administraci\u00f3n fraudulenta durante sus mandatos. La fiscal\u00eda pidi\u00f3 12 a\u00f1os de prisi\u00f3n y a inhabilitaci\u00f3n perpetua para ejercer cargos p\u00fablicos.<\/p>\n\n\n\n<p>La audiencia comenzar\u00e1 a las 9.30, ser\u00e1 de modo virtual y se espera que la ex jefa de Estado exponga desde su despacho del Senado. Primero ser\u00e1 el turno de su abogado Carlos Beraldi para continuar con las respuestas a la acusaci\u00f3n de los fiscales federales Diego Luciani y Sergio Mola. Despu\u00e9s hablar\u00e1 Cristina y hacia la tarde Beraldi cerrar\u00e1 el alegato con el pedido formal de absoluci\u00f3n a su clienta.<\/p>\n\n\n\n<p>Ser\u00e1 la segunda vez que la exmandataria hable en el juicio. La primera fue el 2 de diciembre de 2019 en su indagatoria. Ante los tribunales de Comodoro Py, hab\u00eda sentenciado:&nbsp;<strong>\u201cEste tribunal, el del lawfare, seguramente tiene la condena escrita. No me interesa, a mi me absolvi\u00f3 la historia, me va a absolver la historia. Y a ustedes, seguramente, los va a condenar la historia. Preguntas van a tener que contestar ustedes no yo\u201d.<\/strong>&nbsp;Adem\u00e1s<strong>&nbsp;<\/strong>sostuvo que la causa \u201cfue un plan ordenado por el gobierno saliente\u201d en referencia al de Mauricio Macri, habl\u00f3 de su relaci\u00f3n con B\u00e1ez y de c\u00f3mo se confecciona el presupuesto nacional para las obras p\u00fablicas.<\/p>\n\n\n\n<p>El discurso de hoy se hace a 22 d\u00edas del intento de homicidio que sufri\u00f3 el 1 de septiembre en la puerta de su domicilio en Recoleta, cuando Fernando Sabag Montiel le gatill\u00f3 con una arma Bersa calibre 32 a cent\u00edmetros de su cara. Por la causa hay cuatro personas detenidas.<\/p>\n\n\n\n<p>Vale destacar que luego de los alegatos, el C\u00f3digo establece la etapa de r\u00e9plicas y d\u00faplicas. No es obligatoria, sino que las partes pueden solicitarla si entienden que deben responder algo de los alegatos que no se expuso durante el juicio. Finalizada esa etapa, vendr\u00e1n las \u00faltimas palabras de los acusados.&nbsp;<\/p>\n\n\n\n<p>El veredicto final se estima que sea antes de fin de a\u00f1o.<\/p>\n","protected":false},"excerpt":{"rendered":"<p>La vicepresidenta&nbsp;Cristina Kirchner&nbsp;hablar&aacute; este mediod&iacute;a el cierre de alegatos de su defensa en el marco del&nbsp;juicio oral por la obra p&uacute;blica, siendo la principal acusada de ser la jefa de una asociaci&oacute;n il&iacute;cita y por administraci&oacute;n fraudulenta durante sus mandatos. La fiscal&iacute;a pidi&oacute; 12 a&ntilde;os de prisi&oacute;n y a inhabilitaci&oacute;n perpetua para ejercer cargos p&uacute;blicos. &hellip; <\/p>\n","protected":false},"author":5,"featured_media":1323,"comment_status":"closed","ping_status":"closed","sticky":false,"template":"","format":"standard","meta":{"om_disable_all_campaigns":false,"_joinchat":[]},"categories":[3],"tags":[120,119,46,43,121],"featured_image_urls":{"full":["https:\/\/infotep.com.ar\/wp-content\/uploads\/2022\/09\/cristina.jpg",974,550,false],"thumbnail":["https:\/\/infotep.com.ar\/wp-content\/uploads\/2022\/09\/cristina-150x150.jpg",150,150,true],"medium":["https:\/\/infotep.com.ar\/wp-content\/uploads\/2022\/09\/cristina-300x169.jpg",300,169,true],"medium_large":["https:\/\/infotep.com.ar\/wp-content\/uploads\/2022\/09\/cristina-768x434.jpg",768,434,true],"large":["https:\/\/infotep.com.ar\/wp-content\/uploads\/2022\/09\/cristina.jpg",974,550,false],"1536x1536":["https:\/\/infotep.com.ar\/wp-content\/uploads\/2022\/09\/cristina.jpg",974,550,false],"2048x2048":["https:\/\/infotep.com.ar\/wp-content\/uploads\/2022\/09\/cristina.jpg",974,550,false],"blossom-feminine-slider":["https:\/\/infotep.com.ar\/wp-content\/uploads\/2022\/09\/cristina.jpg",974,550,false],"blossom-feminine-featured":["https:\/\/infotep.com.ar\/wp-content\/uploads\/2022\/09\/cristina.jpg",974,550,false],"blossom-feminine-with-sidebar":["https:\/\/infotep.com.ar\/wp-content\/uploads\/2022\/09\/cristina.jpg",974,550,false],"blossom-feminine-blog":["https:\/\/infotep.com.ar\/wp-content\/uploads\/2022\/09\/cristina-435x435.jpg",435,435,true],"blossom-feminine-cat":["https:\/\/infotep.com.ar\/wp-content\/uploads\/2022\/09\/cristina-450x300.jpg",450,300,true],"blossom-feminine-related":["https:\/\/infotep.com.ar\/wp-content\/uploads\/2022\/09\/cristina-320x200.jpg",320,200,true],"blossom-feminine-schema":["https:\/\/infotep.com.ar\/wp-content\/uploads\/2022\/09\/cristina-106x60.jpg",106,60,true],"blossom-mommy-blog-slider-big":["https:\/\/infotep.com.ar\/wp-content\/uploads\/2022\/09\/cristina-920x550.jpg",920,550,true],"blossom-mommy-blog-slider":["https:\/\/infotep.com.ar\/wp-content\/uploads\/2022\/09\/cristina-460x310.jpg",460,310,true],"blossom-mommy-blog-two":["https:\/\/infotep.com.ar\/wp-content\/uploads\/2022\/09\/cristina-768x480.jpg",768,480,true]},"author_info":{"info":["Angela Tobar"]},"category_info":"<a href=\"https:\/\/infotep.com.ar\/index.php\/category\/nacionales\/\" rel=\"category tag\">Nacionales<\/a>","tag_info":"Nacionales","comment_count":"0","_links":{"self":[{"href":"https:\/\/infotep.com.ar\/index.php\/wp-json\/wp\/v2\/posts\/1322"}],"collection":[{"href":"https:\/\/infotep.com.ar\/index.php\/wp-json\/wp\/v2\/posts"}],"about":[{"href":"https:\/\/infotep.com.ar\/index.php\/wp-json\/wp\/v2\/types\/post"}],"author":[{"embeddable":true,"href":"https:\/\/infotep.com.ar\/index.php\/wp-json\/wp\/v2\/users\/5"}],"replies":[{"embeddable":true,"href":"https:\/\/infotep.com.ar\/index.php\/wp-json\/wp\/v2\/comments?post=1322"}],"version-history":[{"count":1,"href":"https:\/\/infotep.com.ar\/index.php\/wp-json\/wp\/v2\/posts\/1322\/revisions"}],"predecessor-version":[{"id":1324,"href":"https:\/\/infotep.com.ar\/index.php\/wp-json\/wp\/v2\/posts\/1322\/revisions\/1324"}],"wp:featuredmedia":[{"embeddable":true,"href":"https:\/\/infotep.com.ar\/index.php\/wp-json\/wp\/v2\/media\/1323"}],"wp:attachment":[{"href":"https:\/\/infotep.com.ar\/index.php\/wp-json\/wp\/v2\/media?parent=1322"}],"wp:term":[{"taxonomy":"category","embeddable":true,"href":"https:\/\/infotep.com.ar\/index.php\/wp-json\/wp\/v2\/categories?post=1322"},{"taxonomy":"post_tag","embeddable":true,"href":"https:\/\/infotep.com.ar\/index.php\/wp-json\/wp\/v2\/tags?post=1322"}],"curies":[{"name":"wp","href":"https:\/\/api.w.org\/{rel}","templated":true}]}}