{"id":13384,"date":"2024-05-13T14:52:34","date_gmt":"2024-05-13T17:52:34","guid":{"rendered":"https:\/\/infotep.com.ar\/?p=13384"},"modified":"2024-05-13T14:52:35","modified_gmt":"2024-05-13T17:52:35","slug":"maximo-kirchner-convoco-a-elecciones-del-pj-bonaerense","status":"publish","type":"post","link":"https:\/\/infotep.com.ar\/index.php\/2024\/05\/13\/maximo-kirchner-convoco-a-elecciones-del-pj-bonaerense\/","title":{"rendered":"M\u00e1ximo Kirchner convoc\u00f3 a elecciones del PJ bonaerense"},"content":{"rendered":"\n<p>El 17 de noviembre habr\u00e1 elecciones, seg\u00fan comunico el diputado.<br><br>El presidente del Partido Justicialista de la Provincia de Buenos Aires, M\u00e1ximo Kirchner, anunci\u00f3 hoy que convocar\u00e1 a elecciones internas para elegir las nuevas autoridades el 17 de noviembre de este a\u00f1o.<\/p>\n\n\n\n<p>El diputado e hijo de Cristina Kirchner busca neutralizar los cuestionamientos internos y que los afiliados del partido elijan mediante el voto los representantes.<\/p>\n\n\n\n<p><strong>En el comunicado, Kirchner expres\u00f3: \u201cAl asumir la presidencia del Partido Justicialista de la Provincia de Buenos Aires por pedido de la inmensa mayor\u00eda de los y las intendentes -convalidada por la votaci\u00f3n de los congresales-, expres\u00e9 la intenci\u00f3n de que quien me sucediera en la responsabilidad, fuese producto del voto de los afiliados y afiliadas\u201d.<\/strong><\/p>\n\n\n\n<p class=\"has-light-green-cyan-background-color has-background\">El l\u00edder de la C\u00e1mpora tambi\u00e9n hizo hincapi\u00e9 en la importancia de esta elecci\u00f3n tanto a nivel provincial como nacional, mencionando: \u201cEl PJ PBA que tengo el honor de presidir, representa el 37,32% del padr\u00f3n total nacional. Por lo tanto, no solo es adecuado, sino operativamente necesario hacer coincidir los actos electorales en una misma jornada, promoviendo la masiva concurrencia a las urnas para elegir qu\u00e9 destino debe asumir el partido a nivel nacional y provincial\u201d.<\/p>\n\n\n\n<p>&#8220;Como siempre, y con la misma convicci\u00f3n con que muchos y muchas peronistas nos opusimos al desastroso acuerdo con el FMI que impact\u00f3 en la econom\u00eda, limit\u00f3 nuestra soberan\u00eda, empeor\u00f3 las condiciones materiales de nuestro pueblo trabajador, entre otras consecuencias constituyendo la base para la derrota electoral en el 2023\u201d, afirm\u00f3 el diputado.<\/p>\n\n\n\n<p>M\u00e1ximo Kirchner asumi\u00f3 en diciembre de 2021 la presidencia del PJ bonaerense, en un acto realizado v\u00eda zoom, del que participaron los consejeros y consejeras partidarias. Su liderazgo no logr\u00f3 unificar las diferentes corrientes en el peronismo bonaerense y hubo reuniones donde le pidieron que llame a elecciones.<\/p>\n\n\n\n<p>En la comunicaci\u00f3n se\u00f1ala: \u201cconfiamos en que esta convocatoria implicar\u00e1 una enorme demostraci\u00f3n de debate y participaci\u00f3n del peronismo bonaerense y a nivel nacional, para interpretar y llevar adelante las demandas de nuestra sociedad\u201d.<\/p>\n","protected":false},"excerpt":{"rendered":"<p>El 17 de noviembre habr&aacute; elecciones, seg&uacute;n comunico el diputado. El presidente del Partido Justicialista de la Provincia de Buenos Aires, M&aacute;ximo Kirchner, anunci&oacute; hoy que convocar&aacute; a elecciones internas para elegir las nuevas autoridades el 17 de noviembre de este a&ntilde;o. El diputado e hijo de Cristina Kirchner busca neutralizar los cuestionamientos internos y &hellip; <\/p>\n","protected":false},"author":5,"featured_media":1640,"comment_status":"closed","ping_status":"closed","sticky":false,"template":"","format":"standard","meta":{"om_disable_all_campaigns":false,"_joinchat":[]},"categories":[4],"tags":[46,43],"featured_image_urls":{"full":["https:\/\/infotep.com.ar\/wp-content\/uploads\/2022\/10\/maximo.jpg",730,486,false],"thumbnail":["https:\/\/infotep.com.ar\/wp-content\/uploads\/2022\/10\/maximo-150x150.jpg",150,150,true],"medium":["https:\/\/infotep.com.ar\/wp-content\/uploads\/2022\/10\/maximo-300x200.jpg",300,200,true],"medium_large":["https:\/\/infotep.com.ar\/wp-content\/uploads\/2022\/10\/maximo.jpg",730,486,false],"large":["https:\/\/infotep.com.ar\/wp-content\/uploads\/2022\/10\/maximo.jpg",730,486,false],"1536x1536":["https:\/\/infotep.com.ar\/wp-content\/uploads\/2022\/10\/maximo.jpg",730,486,false],"2048x2048":["https:\/\/infotep.com.ar\/wp-content\/uploads\/2022\/10\/maximo.jpg",730,486,false],"blossom-feminine-slider":["https:\/\/infotep.com.ar\/wp-content\/uploads\/2022\/10\/maximo.jpg",730,486,false],"blossom-feminine-featured":["https:\/\/infotep.com.ar\/wp-content\/uploads\/2022\/10\/maximo.jpg",730,486,false],"blossom-feminine-with-sidebar":["https:\/\/infotep.com.ar\/wp-content\/uploads\/2022\/10\/maximo.jpg",730,486,false],"blossom-feminine-blog":["https:\/\/infotep.com.ar\/wp-content\/uploads\/2022\/10\/maximo-435x435.jpg",435,435,true],"blossom-feminine-cat":["https:\/\/infotep.com.ar\/wp-content\/uploads\/2022\/10\/maximo-450x300.jpg",450,300,true],"blossom-feminine-related":["https:\/\/infotep.com.ar\/wp-content\/uploads\/2022\/10\/maximo-320x200.jpg",320,200,true],"blossom-feminine-schema":["https:\/\/infotep.com.ar\/wp-content\/uploads\/2022\/10\/maximo-90x60.jpg",90,60,true],"blossom-mommy-blog-slider-big":["https:\/\/infotep.com.ar\/wp-content\/uploads\/2022\/10\/maximo.jpg",730,486,false],"blossom-mommy-blog-slider":["https:\/\/infotep.com.ar\/wp-content\/uploads\/2022\/10\/maximo-460x310.jpg",460,310,true],"blossom-mommy-blog-two":["https:\/\/infotep.com.ar\/wp-content\/uploads\/2022\/10\/maximo-730x480.jpg",730,480,true]},"author_info":{"info":["Angela Tobar"]},"category_info":"<a href=\"https:\/\/infotep.com.ar\/index.php\/category\/provinciales\/\" rel=\"category tag\">Provinciales<\/a>","tag_info":"Provinciales","comment_count":"0","_links":{"self":[{"href":"https:\/\/infotep.com.ar\/index.php\/wp-json\/wp\/v2\/posts\/13384"}],"collection":[{"href":"https:\/\/infotep.com.ar\/index.php\/wp-json\/wp\/v2\/posts"}],"about":[{"href":"https:\/\/infotep.com.ar\/index.php\/wp-json\/wp\/v2\/types\/post"}],"author":[{"embeddable":true,"href":"https:\/\/infotep.com.ar\/index.php\/wp-json\/wp\/v2\/users\/5"}],"replies":[{"embeddable":true,"href":"https:\/\/infotep.com.ar\/index.php\/wp-json\/wp\/v2\/comments?post=13384"}],"version-history":[{"count":1,"href":"https:\/\/infotep.com.ar\/index.php\/wp-json\/wp\/v2\/posts\/13384\/revisions"}],"predecessor-version":[{"id":13385,"href":"https:\/\/infotep.com.ar\/index.php\/wp-json\/wp\/v2\/posts\/13384\/revisions\/13385"}],"wp:featuredmedia":[{"embeddable":true,"href":"https:\/\/infotep.com.ar\/index.php\/wp-json\/wp\/v2\/media\/1640"}],"wp:attachment":[{"href":"https:\/\/infotep.com.ar\/index.php\/wp-json\/wp\/v2\/media?parent=13384"}],"wp:term":[{"taxonomy":"category","embeddable":true,"href":"https:\/\/infotep.com.ar\/index.php\/wp-json\/wp\/v2\/categories?post=13384"},{"taxonomy":"post_tag","embeddable":true,"href":"https:\/\/infotep.com.ar\/index.php\/wp-json\/wp\/v2\/tags?post=13384"}],"curies":[{"name":"wp","href":"https:\/\/api.w.org\/{rel}","templated":true}]}}