{"id":13404,"date":"2024-05-13T15:46:02","date_gmt":"2024-05-13T18:46:02","guid":{"rendered":"https:\/\/infotep.com.ar\/?p=13404"},"modified":"2024-05-13T15:46:03","modified_gmt":"2024-05-13T18:46:03","slug":"kicillof-formalizo-la-transferencia-de-37-549-millones-para-los-135-partidos-bonaerenses","status":"publish","type":"post","link":"https:\/\/infotep.com.ar\/index.php\/2024\/05\/13\/kicillof-formalizo-la-transferencia-de-37-549-millones-para-los-135-partidos-bonaerenses\/","title":{"rendered":"Kicillof formaliz\u00f3 la transferencia de $37.549 millones para los 135 partidos bonaerenses"},"content":{"rendered":"\n<p>Este desembolso se da en el marco de un in\u00e9dito ajuste del Gobierno nacional que est\u00e1 afectando la recaudaci\u00f3n de la provincia y los municipios.<\/p>\n\n\n\n<p>El gobernador de la provincia de Buenos Aires, Axel Kicillof, encabez\u00f3 este lunes el acto en el que se firm\u00f3 el segundo desembolso del Fondo de Fortalecimiento Fiscal Municipal (FFFM), que asciende a $37.549 millones para los 135 distritos. Fue en el Teatro Argentino de La Plata, junto a la vicegobernadora Ver\u00f3nica Magario; los ministros de Econom\u00eda, Pablo L\u00f3pez, y de Gobierno, Carlos Bianco; la jefa de Asesores, Cristina \u00c1lvarez Rodr\u00edguez; intendentas e intendentes bonaerenses.<\/p>\n\n\n\n<p>Kicillof destac\u00f3 que \u201cestamos atravesando una situaci\u00f3n in\u00e9dita en la Argentina, producto de un Gobierno nacional que se ha desentendido de los problemas cotidianos de los argentinos y las argentinas\u201d. \u201cEl federalismo y las atribuciones de la Naci\u00f3n no son optativas: aunque su marco ideol\u00f3gico les diga que todo lo va a resolver el mercado, juraron sobre una Constituci\u00f3n Nacional que les otorga responsabilidades y los hace garantes de determinados derechos\u201d, agreg\u00f3.<\/p>\n\n\n\n<p><strong>\u201cNosotros no pensamos tomar ese ejemplo: en este momento en el que nuestro pueblo est\u00e1 experimentando una angustia muy grande, no le podemos responder con crueldad y ego\u00edsmo, sino con m\u00e1s presencia del Estado y solidaridad entre la Provincia y los municipios para dar respuesta\u201d, expres\u00f3 el Gobernador y a\u00f1adi\u00f3: \u201cLa recesi\u00f3n, la ca\u00edda de la recaudaci\u00f3n y la quita ilegal de fondos por parte del Gobierno nacional impacta sobre la provincia y los distritos: hoy estamos demostrando que el Gobierno provincial no deserta, respeta el federalismo y reconoce la importancia de las y los intendentes\u201d.<\/strong><\/p>\n\n\n\n<p>La segunda cuota del FFFM representa m\u00e1s del 30% de los $116.000 millones que los distritos recibir\u00e1n este a\u00f1o. Se trata de un instrumento creado en diciembre de 2023 a partir de la Ley N\u00ba15.480, que establece la transferencia de fondos no reintegrables y de libre disponibilidad a partir del Coeficiente \u00danico de Distribuci\u00f3n (CUD).<\/p>\n\n\n\n<p>\u201cFrente a un Gobierno nacional que decidi\u00f3 interrumpir las transferencias de recursos a las provincias, nosotros cumplimos con la Ley y les damos apoyo a los municipios en este contexto tan dif\u00edcil\u201d, sostuvo L\u00f3pez y agreg\u00f3: \u201cCon esta segunda cuota del FFFM, ya distribuimos este a\u00f1o cerca de $50 mil millones entre todos los distritos bonaerenses\u201d.<\/p>\n\n\n\n<p><strong>Este desembolso se da en el marco de un in\u00e9dito ajuste del Gobierno nacional que est\u00e1 afectando la recaudaci\u00f3n de la provincia y los municipios. La provincia de Buenos Aires fue la m\u00e1s afectada por el recorte de transferencias no autom\u00e1ticas de la Naci\u00f3n: a abril de este a\u00f1o, implic\u00f3 un recorte de un bill\u00f3n de pesos, monto que alcanzar\u00eda para financiar m\u00e1s de un a\u00f1o del Servicio Alimentario Escolar. Asimismo, los municipios han sufrido una p\u00e9rdida de coparticipaci\u00f3n de $88.000 que equivale a casi la mitad de su masa salarial neta.<\/strong><\/p>\n\n\n\n<p>\u201cNuestro compromiso es trabajar codo a codo con las y los intendentes para amortiguar los efectos de las pol\u00edticas econ\u00f3micas y la deserci\u00f3n del Gobierno nacional\u201d, resalt\u00f3 Kicillof y concluy\u00f3: \u201cInvito a todos y todas las intendentes a que sean parte de los reclamos que impulsamos para defender a la provincia de Buenos Aires\u201d.<\/p>\n\n\n\n<p><strong>M\u00e1s cooperaci\u00f3n y asistencia a los municipios<\/strong><\/p>\n\n\n\n<p>Durante la jornada, el Gobernador y el secretario general del Consejo Federal de Inversiones (CFI), Ignacio Lamothe, firmaron un convenio de cooperaci\u00f3n que permitir\u00e1<strong> brindar asistencia t\u00e9cnica a los municipios para la elaboraci\u00f3n de planes de ordenamiento territorial y mejora de sus C\u00f3digos de Planeamiento Urbano.<\/strong><\/p>\n\n\n\n<p>Adem\u00e1s, se pondr\u00e1n en marcha capacitaciones para agentes municipales por parte de profesionales de la Direcci\u00f3n Provincial de Ordenamiento Urbano y Territorial (DPOUT) y se llevar\u00e1 adelante una revisi\u00f3n del Decreto-Ley 8912\/77 de la dictadura para presentar un nuevo proyecto en materia de ordenamiento urbano y territorial.<\/p>\n\n\n\n<p>\u201cEstamos realizando un trabajo articulado entre las distintas \u00e1reas de gobierno para aportar herramientas que promuevan el fortalecimiento y mejora de las capacidades de gesti\u00f3n de los gobiernos municipales\u201d, afirm\u00f3 Bianco, quien adem\u00e1s anunci\u00f3 la puesta a disposici\u00f3n de los distritos del sistema de Gesti\u00f3n Documental Electr\u00f3nica de la provincia de Buenos Aires (GDEBA) y el fortalecimiento de los fondos destinados al Programa Puentes para finalizar la construcci\u00f3n de 18 centros universitarios en el interior.<\/p>\n\n\n\n<p>Estuvieron presentes tambi\u00e9n las ministras de H\u00e1bitat y Desarrollo Urbano, Silvina Batakis, y de Mujeres y Diversidad, Estela D\u00edaz; sus pares de Desarrollo Agrario, Javier Rodr\u00edguez; de Infraestructura y Servicios P\u00fablicos, Gabriel Katopodis; de Justicia y Derechos Humanos, Juan Mart\u00edn Mena; de Seguridad, Javier Alonso; de Desarrollo de la Comunidad, Andr\u00e9s Larroque; la presidenta del Instituto Cultural, Florencia Saintout; la secretaria general de la Gobernaci\u00f3n, Agustina Vila; el asesor general de Gobierno, Santiago P\u00e9rez Teruel; el director ejecutivo de ARBA, Cristian Girard; la directora ejecutiva del Organismo Provincial de Integraci\u00f3n Social y Urbana (OPISU), Romina Barrios; y el director del Teatro Argentino, Ernesto Bauer.<\/p>\n","protected":false},"excerpt":{"rendered":"<p>Este desembolso se da en el marco de un in&eacute;dito ajuste del Gobierno nacional que est&aacute; afectando la recaudaci&oacute;n de la provincia y los municipios. El gobernador de la provincia de Buenos Aires, Axel Kicillof, encabez&oacute; este lunes el acto en el que se firm&oacute; el segundo desembolso del Fondo de Fortalecimiento Fiscal Municipal (FFFM), &hellip; <\/p>\n","protected":false},"author":5,"featured_media":13405,"comment_status":"closed","ping_status":"closed","sticky":false,"template":"","format":"standard","meta":{"om_disable_all_campaigns":false,"_joinchat":[]},"categories":[31,4],"tags":[46,43],"featured_image_urls":{"full":["https:\/\/infotep.com.ar\/wp-content\/uploads\/2024\/05\/GNed1zVWEAAg1ZB.jpg",1599,1066,false],"thumbnail":["https:\/\/infotep.com.ar\/wp-content\/uploads\/2024\/05\/GNed1zVWEAAg1ZB-150x150.jpg",150,150,true],"medium":["https:\/\/infotep.com.ar\/wp-content\/uploads\/2024\/05\/GNed1zVWEAAg1ZB-300x200.jpg",300,200,true],"medium_large":["https:\/\/infotep.com.ar\/wp-content\/uploads\/2024\/05\/GNed1zVWEAAg1ZB-768x512.jpg",768,512,true],"large":["https:\/\/infotep.com.ar\/wp-content\/uploads\/2024\/05\/GNed1zVWEAAg1ZB-1024x683.jpg",1020,680,true],"1536x1536":["https:\/\/infotep.com.ar\/wp-content\/uploads\/2024\/05\/GNed1zVWEAAg1ZB-1536x1024.jpg",1536,1024,true],"2048x2048":["https:\/\/infotep.com.ar\/wp-content\/uploads\/2024\/05\/GNed1zVWEAAg1ZB.jpg",1599,1066,false],"blossom-feminine-slider":["https:\/\/infotep.com.ar\/wp-content\/uploads\/2024\/05\/GNed1zVWEAAg1ZB-1599x649.jpg",1599,649,true],"blossom-feminine-featured":["https:\/\/infotep.com.ar\/wp-content\/uploads\/2024\/05\/GNed1zVWEAAg1ZB-1410x600.jpg",1410,600,true],"blossom-feminine-with-sidebar":["https:\/\/infotep.com.ar\/wp-content\/uploads\/2024\/05\/GNed1zVWEAAg1ZB-1020x600.jpg",1020,600,true],"blossom-feminine-blog":["https:\/\/infotep.com.ar\/wp-content\/uploads\/2024\/05\/GNed1zVWEAAg1ZB-435x435.jpg",435,435,true],"blossom-feminine-cat":["https:\/\/infotep.com.ar\/wp-content\/uploads\/2024\/05\/GNed1zVWEAAg1ZB-450x300.jpg",450,300,true],"blossom-feminine-related":["https:\/\/infotep.com.ar\/wp-content\/uploads\/2024\/05\/GNed1zVWEAAg1ZB-320x200.jpg",320,200,true],"blossom-feminine-schema":["https:\/\/infotep.com.ar\/wp-content\/uploads\/2024\/05\/GNed1zVWEAAg1ZB-90x60.jpg",90,60,true],"blossom-mommy-blog-slider-big":["https:\/\/infotep.com.ar\/wp-content\/uploads\/2024\/05\/GNed1zVWEAAg1ZB-920x650.jpg",920,650,true],"blossom-mommy-blog-slider":["https:\/\/infotep.com.ar\/wp-content\/uploads\/2024\/05\/GNed1zVWEAAg1ZB-460x310.jpg",460,310,true],"blossom-mommy-blog-two":["https:\/\/infotep.com.ar\/wp-content\/uploads\/2024\/05\/GNed1zVWEAAg1ZB-768x480.jpg",768,480,true]},"author_info":{"info":["Angela Tobar"]},"category_info":"<a href=\"https:\/\/infotep.com.ar\/index.php\/category\/destacadas\/\" rel=\"category tag\">Destacadas<\/a> <a href=\"https:\/\/infotep.com.ar\/index.php\/category\/provinciales\/\" rel=\"category tag\">Provinciales<\/a>","tag_info":"Provinciales","comment_count":"0","_links":{"self":[{"href":"https:\/\/infotep.com.ar\/index.php\/wp-json\/wp\/v2\/posts\/13404"}],"collection":[{"href":"https:\/\/infotep.com.ar\/index.php\/wp-json\/wp\/v2\/posts"}],"about":[{"href":"https:\/\/infotep.com.ar\/index.php\/wp-json\/wp\/v2\/types\/post"}],"author":[{"embeddable":true,"href":"https:\/\/infotep.com.ar\/index.php\/wp-json\/wp\/v2\/users\/5"}],"replies":[{"embeddable":true,"href":"https:\/\/infotep.com.ar\/index.php\/wp-json\/wp\/v2\/comments?post=13404"}],"version-history":[{"count":1,"href":"https:\/\/infotep.com.ar\/index.php\/wp-json\/wp\/v2\/posts\/13404\/revisions"}],"predecessor-version":[{"id":13406,"href":"https:\/\/infotep.com.ar\/index.php\/wp-json\/wp\/v2\/posts\/13404\/revisions\/13406"}],"wp:featuredmedia":[{"embeddable":true,"href":"https:\/\/infotep.com.ar\/index.php\/wp-json\/wp\/v2\/media\/13405"}],"wp:attachment":[{"href":"https:\/\/infotep.com.ar\/index.php\/wp-json\/wp\/v2\/media?parent=13404"}],"wp:term":[{"taxonomy":"category","embeddable":true,"href":"https:\/\/infotep.com.ar\/index.php\/wp-json\/wp\/v2\/categories?post=13404"},{"taxonomy":"post_tag","embeddable":true,"href":"https:\/\/infotep.com.ar\/index.php\/wp-json\/wp\/v2\/tags?post=13404"}],"curies":[{"name":"wp","href":"https:\/\/api.w.org\/{rel}","templated":true}]}}