{"id":1346,"date":"2022-09-25T01:56:21","date_gmt":"2022-09-25T04:56:21","guid":{"rendered":"https:\/\/infotep.com.ar\/?p=1346"},"modified":"2022-09-25T01:56:23","modified_gmt":"2022-09-25T04:56:23","slug":"ituzaingo-informan-desvios-hasta-el-30-de-septiembre-por-obras-en-el-aliviador-lavalle","status":"publish","type":"post","link":"https:\/\/infotep.com.ar\/index.php\/2022\/09\/25\/ituzaingo-informan-desvios-hasta-el-30-de-septiembre-por-obras-en-el-aliviador-lavalle\/","title":{"rendered":"Ituzaing\u00f3: informan desv\u00edos hasta el 30 de septiembre por obras en el aliviador Lavalle"},"content":{"rendered":"\n<p>El municipio de Ituzaing\u00f3 inform\u00f3 que a partir del viernes 23 y hasta el 30 de septiembre inclusive, se encontrar\u00e1 inhabilitado el paso vehicular por la Av. Ratti, a partir de la altura de la calle Laprida, \u00fanicamente en sentido norte-sur (hacia el t\u00fanel).<\/p>\n\n\n\n<p>El desv\u00edo, que se debe al avance de los trabajos del Aliviador Lavalle,&nbsp; afectar\u00e1 a las calles Laprida, Alvear y Lavalle; cabe destacar que la intersecci\u00f3n con Alvear estar\u00e1 habilitada para permitir el paso del tr\u00e1nsito.<\/p>\n\n\n\n<p>A su vez, el cruce de Lavalle y Av. Ratti se encontrar\u00e1 cerrado, por lo que los veh\u00edculos que transiten por la avenida deber\u00e1n girar a la derecha por la calle Laprida para continuar transitando por Medina y retomar la circulaci\u00f3n a trav\u00e9s de Olaz\u00e1bal.<\/p>\n\n\n\n<p>El plazo mencionado es tentativo, ya que estar\u00e1 sujeto a las condiciones clim\u00e1ticas que permitan el avance previsto de la obra.<\/p>\n\n\n\n<p>El Conducto Aliviador Lavalle es una obra que se est\u00e1 llevando adelante con el objetivo de solucionar los problemas de anegamiento en la zona; a trav\u00e9s de la construcci\u00f3n de conductos que permitan mejorar el escurrimiento natural del agua. Los trabajos incluyen la colocaci\u00f3n de m\u00e1s de 1.800ml de conductos en la zona de Av. Belgrano, desde Hait\u00ed hasta Lavalle, y Lavalle, desde Av. Belgrano hasta Ratti.<\/p>\n","protected":false},"excerpt":{"rendered":"<p>El municipio de Ituzaing&oacute; inform&oacute; que a partir del viernes 23 y hasta el 30 de septiembre inclusive, se encontrar&aacute; inhabilitado el paso vehicular por la Av. Ratti, a partir de la altura de la calle Laprida, &uacute;nicamente en sentido norte-sur (hacia el t&uacute;nel). El desv&iacute;o, que se debe al avance de los trabajos del &hellip; <\/p>\n","protected":false},"author":5,"featured_media":1347,"comment_status":"closed","ping_status":"closed","sticky":false,"template":"","format":"standard","meta":{"om_disable_all_campaigns":false,"_joinchat":[]},"categories":[8],"tags":[46,51,43],"featured_image_urls":{"full":["https:\/\/infotep.com.ar\/wp-content\/uploads\/2022\/09\/NOVEDADES-ALIVIADOR-LAVALLE.jpg",1280,854,false],"thumbnail":["https:\/\/infotep.com.ar\/wp-content\/uploads\/2022\/09\/NOVEDADES-ALIVIADOR-LAVALLE-150x150.jpg",150,150,true],"medium":["https:\/\/infotep.com.ar\/wp-content\/uploads\/2022\/09\/NOVEDADES-ALIVIADOR-LAVALLE-300x200.jpg",300,200,true],"medium_large":["https:\/\/infotep.com.ar\/wp-content\/uploads\/2022\/09\/NOVEDADES-ALIVIADOR-LAVALLE-768x512.jpg",768,512,true],"large":["https:\/\/infotep.com.ar\/wp-content\/uploads\/2022\/09\/NOVEDADES-ALIVIADOR-LAVALLE-1024x683.jpg",1020,680,true],"1536x1536":["https:\/\/infotep.com.ar\/wp-content\/uploads\/2022\/09\/NOVEDADES-ALIVIADOR-LAVALLE.jpg",1280,854,false],"2048x2048":["https:\/\/infotep.com.ar\/wp-content\/uploads\/2022\/09\/NOVEDADES-ALIVIADOR-LAVALLE.jpg",1280,854,false],"blossom-feminine-slider":["https:\/\/infotep.com.ar\/wp-content\/uploads\/2022\/09\/NOVEDADES-ALIVIADOR-LAVALLE-1280x649.jpg",1280,649,true],"blossom-feminine-featured":["https:\/\/infotep.com.ar\/wp-content\/uploads\/2022\/09\/NOVEDADES-ALIVIADOR-LAVALLE-1280x600.jpg",1280,600,true],"blossom-feminine-with-sidebar":["https:\/\/infotep.com.ar\/wp-content\/uploads\/2022\/09\/NOVEDADES-ALIVIADOR-LAVALLE-1020x600.jpg",1020,600,true],"blossom-feminine-blog":["https:\/\/infotep.com.ar\/wp-content\/uploads\/2022\/09\/NOVEDADES-ALIVIADOR-LAVALLE-435x435.jpg",435,435,true],"blossom-feminine-cat":["https:\/\/infotep.com.ar\/wp-content\/uploads\/2022\/09\/NOVEDADES-ALIVIADOR-LAVALLE-450x300.jpg",450,300,true],"blossom-feminine-related":["https:\/\/infotep.com.ar\/wp-content\/uploads\/2022\/09\/NOVEDADES-ALIVIADOR-LAVALLE-320x200.jpg",320,200,true],"blossom-feminine-schema":["https:\/\/infotep.com.ar\/wp-content\/uploads\/2022\/09\/NOVEDADES-ALIVIADOR-LAVALLE-90x60.jpg",90,60,true],"blossom-mommy-blog-slider-big":["https:\/\/infotep.com.ar\/wp-content\/uploads\/2022\/09\/NOVEDADES-ALIVIADOR-LAVALLE-920x650.jpg",920,650,true],"blossom-mommy-blog-slider":["https:\/\/infotep.com.ar\/wp-content\/uploads\/2022\/09\/NOVEDADES-ALIVIADOR-LAVALLE-460x310.jpg",460,310,true],"blossom-mommy-blog-two":["https:\/\/infotep.com.ar\/wp-content\/uploads\/2022\/09\/NOVEDADES-ALIVIADOR-LAVALLE-768x480.jpg",768,480,true]},"author_info":{"info":["Angela Tobar"]},"category_info":"<a href=\"https:\/\/infotep.com.ar\/index.php\/category\/municipales\/ituzaingo\/\" rel=\"category tag\">Ituzaing\u00f3<\/a>","tag_info":"Ituzaing\u00f3","comment_count":"0","_links":{"self":[{"href":"https:\/\/infotep.com.ar\/index.php\/wp-json\/wp\/v2\/posts\/1346"}],"collection":[{"href":"https:\/\/infotep.com.ar\/index.php\/wp-json\/wp\/v2\/posts"}],"about":[{"href":"https:\/\/infotep.com.ar\/index.php\/wp-json\/wp\/v2\/types\/post"}],"author":[{"embeddable":true,"href":"https:\/\/infotep.com.ar\/index.php\/wp-json\/wp\/v2\/users\/5"}],"replies":[{"embeddable":true,"href":"https:\/\/infotep.com.ar\/index.php\/wp-json\/wp\/v2\/comments?post=1346"}],"version-history":[{"count":1,"href":"https:\/\/infotep.com.ar\/index.php\/wp-json\/wp\/v2\/posts\/1346\/revisions"}],"predecessor-version":[{"id":1348,"href":"https:\/\/infotep.com.ar\/index.php\/wp-json\/wp\/v2\/posts\/1346\/revisions\/1348"}],"wp:featuredmedia":[{"embeddable":true,"href":"https:\/\/infotep.com.ar\/index.php\/wp-json\/wp\/v2\/media\/1347"}],"wp:attachment":[{"href":"https:\/\/infotep.com.ar\/index.php\/wp-json\/wp\/v2\/media?parent=1346"}],"wp:term":[{"taxonomy":"category","embeddable":true,"href":"https:\/\/infotep.com.ar\/index.php\/wp-json\/wp\/v2\/categories?post=1346"},{"taxonomy":"post_tag","embeddable":true,"href":"https:\/\/infotep.com.ar\/index.php\/wp-json\/wp\/v2\/tags?post=1346"}],"curies":[{"name":"wp","href":"https:\/\/api.w.org\/{rel}","templated":true}]}}