{"id":1349,"date":"2022-09-25T02:03:39","date_gmt":"2022-09-25T05:03:39","guid":{"rendered":"https:\/\/infotep.com.ar\/?p=1349"},"modified":"2022-09-27T15:39:38","modified_gmt":"2022-09-27T18:39:38","slug":"segun-relevamiento-la-actividad-industrial-de-la-matanza-crecio-un-60-en-el-segundo-trimestre-de-2022","status":"publish","type":"post","link":"https:\/\/infotep.com.ar\/index.php\/2022\/09\/25\/segun-relevamiento-la-actividad-industrial-de-la-matanza-crecio-un-60-en-el-segundo-trimestre-de-2022\/","title":{"rendered":"Seg\u00fan relevamiento, la actividad industrial de La Matanza \u201ccreci\u00f3 un 60%\u201d"},"content":{"rendered":"\n<p>Se present\u00f3 el Relevamiento Industrial local, realizado por el Observatorio de Ventas, Producci\u00f3n y Empleo de la Secretar\u00eda de Producci\u00f3n, el cual arroj\u00f3 \u201cdatos avorables para la industria matancera, tales como el aumento en la actividad industrial, el aumento de las inversiones, y el crecimiento en las exportaciones y en la generaci\u00f3n de empleo\u201d, se detall\u00f3 desde esa cartera local.<\/p>\n\n\n\n<p>La secretaria de Producci\u00f3n de La Matanza, D\u00e9bora Giorgi, present\u00f3 oficialmente el Relevamiento Industrial del segundo trimestre de 2022. El sondeo, realizado por el Observatorio de Ventas, Producci\u00f3n y Empleo de la Secretar\u00eda local y por pedido del Intendente Fernando Espinoza, es el d\u00e9cimo que se realiza para conocer la situaci\u00f3n de la actividad industrial del distrito, en esta oportunidad referida al segundo trimestre 2022 sobre el segundo trimestre 2021.<\/p>\n\n\n\n<p>Los resultados mostraron un aumento en la actividad industrial, en las inversiones, en las exportaciones y en la generaci\u00f3n de puestos de trabajo. <strong>Seg\u00fan el relevamiento realizado: el 60% aument\u00f3 su actividad, el 23% la mantuvo y solo un 17% mostr\u00f3 un descenso respecto al segundo trimestre de 2021.<\/strong><\/p>\n\n\n\n<p>Por otro lado,<strong> el 39% de las empresas<\/strong> <strong>realizaron inversiones en el \u00faltimo a\u00f1o duplicando el nivel observado en el mismo per\u00edodo de 2019<\/strong>. En ese sentido las inversiones mostraron una tendencia a mejoras de distinta \u00edndole, un 39% en Nuevas Tecnolog\u00edas con la compra de maquinaria, 25% en Mejora de Procesos y 17% en Nuevos Productos, lo que describe -adem\u00e1s- un crecimiento en el desarrollo de las empresas matanceras.<\/p>\n\n\n\n<blockquote class=\"wp-block-quote has-medium-font-size\"><p>Un dato que cobra relevancia es que muchas de las empresas matanceras ya exportan al exterior sus productos. <\/p><\/blockquote>\n\n\n\n<p>Vale aclarar que el municipio lleva adelante de manera continua misiones comerciales, como las que se realizaron en mayo y agosto de este a\u00f1o a Sao Paulo, Brasil. Al respecto, el intendente Fernando Espinoza declar\u00f3: \u201cel aumento en la venta de productos al exterior es un gran avance que responde al fuerte impulso que llevamos adelante desde el municipio para la expansi\u00f3n de las empresas de La Matanza al mundo; y a su vez, para generar un aumento en el ingreso de d\u00f3lares al pa\u00eds\u201d, y agreg\u00f3: \u201cDe esta manera, fortalecemos la producci\u00f3n de las industrias matanceras, y como consecuencia, crecen nuestras empresas, crecen nuestros trabajadores y trabajadoras, y crece el pa\u00eds\u201d.<\/p>\n\n\n\n<p>En materia de empleo, de las empresas que invirtieron, ninguna redujo la dotaci\u00f3n de su personal, 37% aument\u00f3 la dotaci\u00f3n de sus trabajadores y el 63% la mantuvo.<\/p>\n\n\n\n<p>Adem\u00e1s, los resultados indican un alza en el 2022, un 24% de las empresas aument\u00f3 su dotaci\u00f3n, el 62% la mantuvo, y solo un 13% la disminuy\u00f3. Respecto a las perspectivas de demanda de trabajo, el 25% de las empresas prev\u00e9 incorporar personal en el 2022, duplicando la ratio que registra el INDEC para el total del pa\u00eds.<\/p>\n\n\n\n<p>Al ser consultada sobre el tema, la titular de la cartera productiva, D\u00e9bora Giorgi, explic\u00f3 que \u201cel relevamiento refleja que la industria matancera crece, invierte y emplea trabajadores logrando superar la crisis ocasionada durante el Gobierno anterior y la pandemia; y teniendo en cuenta el posterior conflicto b\u00e9lico de Ucrania que no solo desat\u00f3 una crisis alimentaria y energ\u00e9tica sino que tambi\u00e9n desarticul\u00f3 y puso en un impasse el proceso de ordenamiento de las variables macroecon\u00f3micas argentinas\u201d.<\/p>\n\n\n\n<p>En tanto, para lo transcurrido en el \u00faltimo a\u00f1o, el 49% respondi\u00f3 que la situaci\u00f3n econ\u00f3mica de su empresa hab\u00eda mejorado, mientras que las perspectivas de mejora para el corriente a\u00f1o alcanza al 46% de los relevados.<\/p>\n\n\n\n<p>El Observatorio de Ventas, Producci\u00f3n y Empleo de la Secretar\u00eda de Producci\u00f3n local, fue creado en 2017, con el objetivo de generar relevamientos sistematizados destinados a evaluar el nivel de actividad, empleo y expectativas empresarias del distrito. A partir del 2020, se incorporaron investigaciones referidas al perfil exportador de las empresas, la demanda laboral, la gesti\u00f3n de residuos, y de la industria 4.0, con el fin de ampliar el conocimiento y an\u00e1lisis de las industrias de La Matanza.<\/p>\n","protected":false},"excerpt":{"rendered":"<p>Se present&oacute; el Relevamiento Industrial local, realizado por el Observatorio de Ventas, Producci&oacute;n y Empleo de la Secretar&iacute;a de Producci&oacute;n, el cual arroj&oacute; &ldquo;datos avorables para la industria matancera, tales como el aumento en la actividad industrial, el aumento de las inversiones, y el crecimiento en las exportaciones y en la generaci&oacute;n de empleo&rdquo;, se &hellip; <\/p>\n","protected":false},"author":5,"featured_media":1350,"comment_status":"closed","ping_status":"closed","sticky":false,"template":"","format":"standard","meta":{"om_disable_all_campaigns":false,"_joinchat":[]},"categories":[26],"tags":[60,46,59,43],"featured_image_urls":{"full":["https:\/\/infotep.com.ar\/wp-content\/uploads\/2022\/09\/220-La-actividad-industrial-de-La-Matanza-crecio-un-60-4.jpeg",1600,1066,false],"thumbnail":["https:\/\/infotep.com.ar\/wp-content\/uploads\/2022\/09\/220-La-actividad-industrial-de-La-Matanza-crecio-un-60-4-150x150.jpeg",150,150,true],"medium":["https:\/\/infotep.com.ar\/wp-content\/uploads\/2022\/09\/220-La-actividad-industrial-de-La-Matanza-crecio-un-60-4-300x200.jpeg",300,200,true],"medium_large":["https:\/\/infotep.com.ar\/wp-content\/uploads\/2022\/09\/220-La-actividad-industrial-de-La-Matanza-crecio-un-60-4-768x512.jpeg",768,512,true],"large":["https:\/\/infotep.com.ar\/wp-content\/uploads\/2022\/09\/220-La-actividad-industrial-de-La-Matanza-crecio-un-60-4-1024x682.jpeg",1020,679,true],"1536x1536":["https:\/\/infotep.com.ar\/wp-content\/uploads\/2022\/09\/220-La-actividad-industrial-de-La-Matanza-crecio-un-60-4-1536x1023.jpeg",1536,1023,true],"2048x2048":["https:\/\/infotep.com.ar\/wp-content\/uploads\/2022\/09\/220-La-actividad-industrial-de-La-Matanza-crecio-un-60-4.jpeg",1600,1066,false],"blossom-feminine-slider":["https:\/\/infotep.com.ar\/wp-content\/uploads\/2022\/09\/220-La-actividad-industrial-de-La-Matanza-crecio-un-60-4-1600x649.jpeg",1600,649,true],"blossom-feminine-featured":["https:\/\/infotep.com.ar\/wp-content\/uploads\/2022\/09\/220-La-actividad-industrial-de-La-Matanza-crecio-un-60-4-1410x600.jpeg",1410,600,true],"blossom-feminine-with-sidebar":["https:\/\/infotep.com.ar\/wp-content\/uploads\/2022\/09\/220-La-actividad-industrial-de-La-Matanza-crecio-un-60-4-1020x600.jpeg",1020,600,true],"blossom-feminine-blog":["https:\/\/infotep.com.ar\/wp-content\/uploads\/2022\/09\/220-La-actividad-industrial-de-La-Matanza-crecio-un-60-4-435x435.jpeg",435,435,true],"blossom-feminine-cat":["https:\/\/infotep.com.ar\/wp-content\/uploads\/2022\/09\/220-La-actividad-industrial-de-La-Matanza-crecio-un-60-4-450x300.jpeg",450,300,true],"blossom-feminine-related":["https:\/\/infotep.com.ar\/wp-content\/uploads\/2022\/09\/220-La-actividad-industrial-de-La-Matanza-crecio-un-60-4-320x200.jpeg",320,200,true],"blossom-feminine-schema":["https:\/\/infotep.com.ar\/wp-content\/uploads\/2022\/09\/220-La-actividad-industrial-de-La-Matanza-crecio-un-60-4-90x60.jpeg",90,60,true],"blossom-mommy-blog-slider-big":["https:\/\/infotep.com.ar\/wp-content\/uploads\/2022\/09\/220-La-actividad-industrial-de-La-Matanza-crecio-un-60-4-920x650.jpeg",920,650,true],"blossom-mommy-blog-slider":["https:\/\/infotep.com.ar\/wp-content\/uploads\/2022\/09\/220-La-actividad-industrial-de-La-Matanza-crecio-un-60-4-460x310.jpeg",460,310,true],"blossom-mommy-blog-two":["https:\/\/infotep.com.ar\/wp-content\/uploads\/2022\/09\/220-La-actividad-industrial-de-La-Matanza-crecio-un-60-4-768x480.jpeg",768,480,true]},"author_info":{"info":["Angela Tobar"]},"category_info":"<a href=\"https:\/\/infotep.com.ar\/index.php\/category\/municipales\/la-matanza\/\" rel=\"category tag\">La Matanza<\/a>","tag_info":"La Matanza","comment_count":"0","_links":{"self":[{"href":"https:\/\/infotep.com.ar\/index.php\/wp-json\/wp\/v2\/posts\/1349"}],"collection":[{"href":"https:\/\/infotep.com.ar\/index.php\/wp-json\/wp\/v2\/posts"}],"about":[{"href":"https:\/\/infotep.com.ar\/index.php\/wp-json\/wp\/v2\/types\/post"}],"author":[{"embeddable":true,"href":"https:\/\/infotep.com.ar\/index.php\/wp-json\/wp\/v2\/users\/5"}],"replies":[{"embeddable":true,"href":"https:\/\/infotep.com.ar\/index.php\/wp-json\/wp\/v2\/comments?post=1349"}],"version-history":[{"count":3,"href":"https:\/\/infotep.com.ar\/index.php\/wp-json\/wp\/v2\/posts\/1349\/revisions"}],"predecessor-version":[{"id":1364,"href":"https:\/\/infotep.com.ar\/index.php\/wp-json\/wp\/v2\/posts\/1349\/revisions\/1364"}],"wp:featuredmedia":[{"embeddable":true,"href":"https:\/\/infotep.com.ar\/index.php\/wp-json\/wp\/v2\/media\/1350"}],"wp:attachment":[{"href":"https:\/\/infotep.com.ar\/index.php\/wp-json\/wp\/v2\/media?parent=1349"}],"wp:term":[{"taxonomy":"category","embeddable":true,"href":"https:\/\/infotep.com.ar\/index.php\/wp-json\/wp\/v2\/categories?post=1349"},{"taxonomy":"post_tag","embeddable":true,"href":"https:\/\/infotep.com.ar\/index.php\/wp-json\/wp\/v2\/tags?post=1349"}],"curies":[{"name":"wp","href":"https:\/\/api.w.org\/{rel}","templated":true}]}}