{"id":1353,"date":"2022-09-25T02:10:33","date_gmt":"2022-09-25T05:10:33","guid":{"rendered":"https:\/\/infotep.com.ar\/?p=1353"},"modified":"2022-09-27T15:39:30","modified_gmt":"2022-09-27T18:39:30","slug":"jornada-de-vacunacion-en-la-plaza-central-de-moron","status":"publish","type":"post","link":"https:\/\/infotep.com.ar\/index.php\/2022\/09\/25\/jornada-de-vacunacion-en-la-plaza-central-de-moron\/","title":{"rendered":"Jornada de vacunaci\u00f3n en la plaza central de Mor\u00f3n"},"content":{"rendered":"\n<p>El lunes 26 de septiembre en la Plaza Gral. San Mart\u00edn se realizar\u00e1 una jornada de vacunaci\u00f3n que incluir\u00e1 las dosis de calendario y contra el COVID-19. Los vecinos y vecinas moronenses podr\u00e1n regularizar su esquema y por primera vez se vacunar\u00e1 a beb\u00e9s desde los 6 meses.<\/p>\n\n\n\n<p>De esta manera el Municipio de Mor\u00f3n realizar\u00e1 un nuevo operativo de vacunaci\u00f3n para que los vecinos y vecinas puedan regularizar los diferentes esquemas, tanto de calendario como contra el Covid-19. En esta oportunidad, podr\u00e1n vacunarse los adultos y adultas, j\u00f3venes, ni\u00f1os y ni\u00f1as, y beb\u00e9s desde los 6 meses.<\/p>\n\n\n\n<p>El operativo se realizar\u00e1 el pr\u00f3ximo lunes 26 de septiembre de 10 a 15 en la Plaza San Mart\u00edn, en Belgrano y Buen Viaje. La comunidad se podr\u00e1 vacunar con la primera, segunda, tercera dosis o la de refuerzo contra el Covid-19 y con el resto de las dosis correspondientes al calendario nacional. No se requiere turno ni inscripci\u00f3n previa.<\/p>\n\n\n\n<p>La primera y segunda dosis contra el Covid es libre para todos y todas a partir de los 3 a\u00f1os. Mientras que la tercera dosis y el segundo refuerzo es libre para todas las personas inmunocomprometidas y mayores de 50 a\u00f1os que hayan recibido dos dosis de sinopharm, tambi\u00e9n es libre para todas las personas que cumplieron cuatro meses desde que completaron su esquema primario, con cualquier otra vacuna recibida.<\/p>\n\n\n\n<p>Esta jornada se complementa, adem\u00e1s, con otras estrategias de inoculaci\u00f3n que el Gobierno local lleva adelante en todo el distrito para llegar a toda la comunidad, como las postas que forman parte de En Tu Barrio Con Vos.<\/p>\n","protected":false},"excerpt":{"rendered":"<p>El lunes 26 de septiembre en la Plaza Gral. San Mart&iacute;n se realizar&aacute; una jornada de vacunaci&oacute;n que incluir&aacute; las dosis de calendario y contra el COVID-19. Los vecinos y vecinas moronenses podr&aacute;n regularizar su esquema y por primera vez se vacunar&aacute; a beb&eacute;s desde los 6 meses. De esta manera el Municipio de Mor&oacute;n &hellip; <\/p>\n","protected":false},"author":5,"featured_media":1114,"comment_status":"closed","ping_status":"closed","sticky":false,"template":"","format":"standard","meta":{"om_disable_all_campaigns":false,"_joinchat":[]},"categories":[9],"tags":[46,56,53,43],"featured_image_urls":{"full":["https:\/\/infotep.com.ar\/wp-content\/uploads\/2022\/09\/vacuna.jpg",900,506,false],"thumbnail":["https:\/\/infotep.com.ar\/wp-content\/uploads\/2022\/09\/vacuna-150x150.jpg",150,150,true],"medium":["https:\/\/infotep.com.ar\/wp-content\/uploads\/2022\/09\/vacuna-300x169.jpg",300,169,true],"medium_large":["https:\/\/infotep.com.ar\/wp-content\/uploads\/2022\/09\/vacuna-768x432.jpg",768,432,true],"large":["https:\/\/infotep.com.ar\/wp-content\/uploads\/2022\/09\/vacuna.jpg",900,506,false],"1536x1536":["https:\/\/infotep.com.ar\/wp-content\/uploads\/2022\/09\/vacuna.jpg",900,506,false],"2048x2048":["https:\/\/infotep.com.ar\/wp-content\/uploads\/2022\/09\/vacuna.jpg",900,506,false],"blossom-feminine-slider":["https:\/\/infotep.com.ar\/wp-content\/uploads\/2022\/09\/vacuna.jpg",900,506,false],"blossom-feminine-featured":["https:\/\/infotep.com.ar\/wp-content\/uploads\/2022\/09\/vacuna.jpg",900,506,false],"blossom-feminine-with-sidebar":["https:\/\/infotep.com.ar\/wp-content\/uploads\/2022\/09\/vacuna.jpg",900,506,false],"blossom-feminine-blog":["https:\/\/infotep.com.ar\/wp-content\/uploads\/2022\/09\/vacuna-435x435.jpg",435,435,true],"blossom-feminine-cat":["https:\/\/infotep.com.ar\/wp-content\/uploads\/2022\/09\/vacuna-450x300.jpg",450,300,true],"blossom-feminine-related":["https:\/\/infotep.com.ar\/wp-content\/uploads\/2022\/09\/vacuna-320x200.jpg",320,200,true],"blossom-feminine-schema":["https:\/\/infotep.com.ar\/wp-content\/uploads\/2022\/09\/vacuna-107x60.jpg",107,60,true],"blossom-mommy-blog-slider-big":["https:\/\/infotep.com.ar\/wp-content\/uploads\/2022\/09\/vacuna.jpg",900,506,false],"blossom-mommy-blog-slider":["https:\/\/infotep.com.ar\/wp-content\/uploads\/2022\/09\/vacuna-460x310.jpg",460,310,true],"blossom-mommy-blog-two":["https:\/\/infotep.com.ar\/wp-content\/uploads\/2022\/09\/vacuna-768x480.jpg",768,480,true]},"author_info":{"info":["Angela Tobar"]},"category_info":"<a href=\"https:\/\/infotep.com.ar\/index.php\/category\/municipales\/moron\/\" rel=\"category tag\">Mor\u00f3n<\/a>","tag_info":"Mor\u00f3n","comment_count":"0","_links":{"self":[{"href":"https:\/\/infotep.com.ar\/index.php\/wp-json\/wp\/v2\/posts\/1353"}],"collection":[{"href":"https:\/\/infotep.com.ar\/index.php\/wp-json\/wp\/v2\/posts"}],"about":[{"href":"https:\/\/infotep.com.ar\/index.php\/wp-json\/wp\/v2\/types\/post"}],"author":[{"embeddable":true,"href":"https:\/\/infotep.com.ar\/index.php\/wp-json\/wp\/v2\/users\/5"}],"replies":[{"embeddable":true,"href":"https:\/\/infotep.com.ar\/index.php\/wp-json\/wp\/v2\/comments?post=1353"}],"version-history":[{"count":1,"href":"https:\/\/infotep.com.ar\/index.php\/wp-json\/wp\/v2\/posts\/1353\/revisions"}],"predecessor-version":[{"id":1354,"href":"https:\/\/infotep.com.ar\/index.php\/wp-json\/wp\/v2\/posts\/1353\/revisions\/1354"}],"wp:featuredmedia":[{"embeddable":true,"href":"https:\/\/infotep.com.ar\/index.php\/wp-json\/wp\/v2\/media\/1114"}],"wp:attachment":[{"href":"https:\/\/infotep.com.ar\/index.php\/wp-json\/wp\/v2\/media?parent=1353"}],"wp:term":[{"taxonomy":"category","embeddable":true,"href":"https:\/\/infotep.com.ar\/index.php\/wp-json\/wp\/v2\/categories?post=1353"},{"taxonomy":"post_tag","embeddable":true,"href":"https:\/\/infotep.com.ar\/index.php\/wp-json\/wp\/v2\/tags?post=1353"}],"curies":[{"name":"wp","href":"https:\/\/api.w.org\/{rel}","templated":true}]}}