{"id":13537,"date":"2024-05-20T00:56:01","date_gmt":"2024-05-20T03:56:01","guid":{"rendered":"https:\/\/infotep.com.ar\/?p=13537"},"modified":"2024-05-20T00:56:01","modified_gmt":"2024-05-20T03:56:01","slug":"se-realizo-una-jornada-de-cooperacion-cientiifica-en-la-uno","status":"publish","type":"post","link":"https:\/\/infotep.com.ar\/index.php\/2024\/05\/20\/se-realizo-una-jornada-de-cooperacion-cientiifica-en-la-uno\/","title":{"rendered":"Se realiz\u00f3 una jornada de cooperaci\u00f3n cienti\u00edfica en la UNO"},"content":{"rendered":"\n<p>La Universidad Nacional del Oeste fue sede de la conferencia \u201cDiscurso de Odio. Perspectivas comparadas entre Argentina y Brasil\u201d, que organiz\u00f3 el Instituto de Cultura Popular y Pensamiento Nacional de la UNO, a cargo de la Lic. Gabriela Tozzi.<\/p>\n\n\n\n<p>El evento, que estuvo auspiciado por el Consorcio Latinoamericano de Posgrado en Derechos Humanos, cont\u00f3 con la presencia de expositores nacionales e internacionales, que hablaron de la situaci\u00f3n de los discursos violentos en Argentina y Brasil, a trav\u00e9s de videoconferencia.<\/p>\n\n\n\n<p>Entre los investigadores, expusieron la presidenta de la Comisi\u00f3n de Igual Real de Trato y Oportunidades y Discapacidad de la Provincia de Buenos Aires Lorena Mandagaran, el doctor en Derecho y profesor en grado Paulo Borges, y la ex secretaria de Gesti\u00f3n del Sistema Nacional de Promoci\u00f3n de Igualdad Racial del Gobierno de Brasil, I\u00eada Leal.<\/p>\n\n\n\n<p>\u201cEsta es una jornada que trabajamos con la intenci\u00f3n de compartir experiencias, y la mirada entre Argentina y Brasil sobre este tema que nos convoca, nos ocupa y nos preocupa, como los discursos de odio\u201d, se\u00f1al\u00f3 Gabriela Tozzi.<\/p>\n\n\n\n<p>Asimismo, la licenciada a\u00f1adi\u00f3 que \u201cvemos que cada d\u00eda los discursos est\u00e1n m\u00e1s legitimados, m\u00e1s naturalizados y la intenci\u00f3n es compartir las experiencias, poder escucharnos y profundizar el debate, el debate y la reflexi\u00f3n\u201d.<\/p>\n\n\n\n<p>Por su parte, el Rector Roberto Gallo manifest\u00f3 \u201cNos enorgullece establecer lazos con otros pa\u00edses y solicit\u00e9 la producci\u00f3n de un paper, para que la producci\u00f3n cient\u00edfica de la Universidad Nacional del Oeste y las instituciones que nos acompa\u00f1an en este desaf\u00edo, quede plasmada en un documento, que todos podamos compartir .\u201d<\/p>\n\n\n\n<p>Participaron los investigadores Mg. Orlando Aguirre y Mg. Vannessa Morales Castro; y la Directora Ejecutiva del Instituto de Pol\u00edticas P\u00fablicas en Derechos Humanos del Mercosur, Andressa Caldas, el Dr. en Teor\u00eda del Estado y Derecho Constitucional, Caio Henrique Faustino Da Silva; y el Polit\u00f3logo de la Universidad de Colombia, Cristian de Jes\u00fas Acosta Olaya.<\/p>\n\n\n\n<p>Esta jornada auspiciada por el Consorcio Latinoamericano tienen el objeto de promover la cooperaci\u00f3n cient\u00edfica en los campos de docencia e investigaci\u00f3n en Derechos Humanos.<\/p>\n","protected":false},"excerpt":{"rendered":"<p>La Universidad Nacional del Oeste fue sede de la conferencia &ldquo;Discurso de Odio. Perspectivas comparadas entre Argentina y Brasil&rdquo;, que organiz&oacute; el Instituto de Cultura Popular y Pensamiento Nacional de la UNO, a cargo de la Lic. Gabriela Tozzi. El evento, que estuvo auspiciado por el Consorcio Latinoamericano de Posgrado en Derechos Humanos, cont&oacute; con &hellip; <\/p>\n","protected":false},"author":5,"featured_media":13538,"comment_status":"closed","ping_status":"closed","sticky":false,"template":"","format":"standard","meta":{"om_disable_all_campaigns":false,"_joinchat":[]},"categories":[6],"tags":[46,43],"featured_image_urls":{"full":["https:\/\/infotep.com.ar\/wp-content\/uploads\/2024\/05\/uno.jpg",1000,563,false],"thumbnail":["https:\/\/infotep.com.ar\/wp-content\/uploads\/2024\/05\/uno-150x150.jpg",150,150,true],"medium":["https:\/\/infotep.com.ar\/wp-content\/uploads\/2024\/05\/uno-300x169.jpg",300,169,true],"medium_large":["https:\/\/infotep.com.ar\/wp-content\/uploads\/2024\/05\/uno-768x432.jpg",768,432,true],"large":["https:\/\/infotep.com.ar\/wp-content\/uploads\/2024\/05\/uno.jpg",1000,563,false],"1536x1536":["https:\/\/infotep.com.ar\/wp-content\/uploads\/2024\/05\/uno.jpg",1000,563,false],"2048x2048":["https:\/\/infotep.com.ar\/wp-content\/uploads\/2024\/05\/uno.jpg",1000,563,false],"blossom-feminine-slider":["https:\/\/infotep.com.ar\/wp-content\/uploads\/2024\/05\/uno.jpg",1000,563,false],"blossom-feminine-featured":["https:\/\/infotep.com.ar\/wp-content\/uploads\/2024\/05\/uno.jpg",1000,563,false],"blossom-feminine-with-sidebar":["https:\/\/infotep.com.ar\/wp-content\/uploads\/2024\/05\/uno.jpg",1000,563,false],"blossom-feminine-blog":["https:\/\/infotep.com.ar\/wp-content\/uploads\/2024\/05\/uno-435x435.jpg",435,435,true],"blossom-feminine-cat":["https:\/\/infotep.com.ar\/wp-content\/uploads\/2024\/05\/uno-450x300.jpg",450,300,true],"blossom-feminine-related":["https:\/\/infotep.com.ar\/wp-content\/uploads\/2024\/05\/uno-320x200.jpg",320,200,true],"blossom-feminine-schema":["https:\/\/infotep.com.ar\/wp-content\/uploads\/2024\/05\/uno-107x60.jpg",107,60,true],"blossom-mommy-blog-slider-big":["https:\/\/infotep.com.ar\/wp-content\/uploads\/2024\/05\/uno-920x563.jpg",920,563,true],"blossom-mommy-blog-slider":["https:\/\/infotep.com.ar\/wp-content\/uploads\/2024\/05\/uno-460x310.jpg",460,310,true],"blossom-mommy-blog-two":["https:\/\/infotep.com.ar\/wp-content\/uploads\/2024\/05\/uno-768x480.jpg",768,480,true]},"author_info":{"info":["Angela Tobar"]},"category_info":"<a href=\"https:\/\/infotep.com.ar\/index.php\/category\/universitarias\/\" rel=\"category tag\">Universitarias<\/a>","tag_info":"Universitarias","comment_count":"0","_links":{"self":[{"href":"https:\/\/infotep.com.ar\/index.php\/wp-json\/wp\/v2\/posts\/13537"}],"collection":[{"href":"https:\/\/infotep.com.ar\/index.php\/wp-json\/wp\/v2\/posts"}],"about":[{"href":"https:\/\/infotep.com.ar\/index.php\/wp-json\/wp\/v2\/types\/post"}],"author":[{"embeddable":true,"href":"https:\/\/infotep.com.ar\/index.php\/wp-json\/wp\/v2\/users\/5"}],"replies":[{"embeddable":true,"href":"https:\/\/infotep.com.ar\/index.php\/wp-json\/wp\/v2\/comments?post=13537"}],"version-history":[{"count":1,"href":"https:\/\/infotep.com.ar\/index.php\/wp-json\/wp\/v2\/posts\/13537\/revisions"}],"predecessor-version":[{"id":13539,"href":"https:\/\/infotep.com.ar\/index.php\/wp-json\/wp\/v2\/posts\/13537\/revisions\/13539"}],"wp:featuredmedia":[{"embeddable":true,"href":"https:\/\/infotep.com.ar\/index.php\/wp-json\/wp\/v2\/media\/13538"}],"wp:attachment":[{"href":"https:\/\/infotep.com.ar\/index.php\/wp-json\/wp\/v2\/media?parent=13537"}],"wp:term":[{"taxonomy":"category","embeddable":true,"href":"https:\/\/infotep.com.ar\/index.php\/wp-json\/wp\/v2\/categories?post=13537"},{"taxonomy":"post_tag","embeddable":true,"href":"https:\/\/infotep.com.ar\/index.php\/wp-json\/wp\/v2\/tags?post=13537"}],"curies":[{"name":"wp","href":"https:\/\/api.w.org\/{rel}","templated":true}]}}