{"id":13573,"date":"2024-05-23T09:52:33","date_gmt":"2024-05-23T12:52:33","guid":{"rendered":"https:\/\/infotep.com.ar\/?p=13573"},"modified":"2024-05-23T17:53:37","modified_gmt":"2024-05-23T20:53:37","slug":"ituzaingo-celebra-el-25-de-mayo-con-actividades-culturales","status":"publish","type":"post","link":"https:\/\/infotep.com.ar\/index.php\/2024\/05\/23\/ituzaingo-celebra-el-25-de-mayo-con-actividades-culturales\/","title":{"rendered":"Ituzaing\u00f3 celebra el 25 de mayo con actividades culturales"},"content":{"rendered":"\n<p>En el marco de los festejos por el 214\u00b0 aniversario de la Revoluci\u00f3n de Mayo, este s\u00e1bado 25 desde las 15hs el municipio de Ituzaing\u00f3 realizar\u00e1 distintas actividades culturales y art\u00edsticas en la Plaza 20 de Febrero (Soler y Zufriategui). Los festejos finalizar\u00e1n con el gran cierre musical de Lula Bertoldi, cantante de Eruca Sativa y La Bruja Salguero.<\/p>\n\n\n\n<p>A partir de las 15hs dar\u00e1 comienzo la fiesta patria con el tradicional \u201cPatio de folklore\u201d, la propuesta cultural que cada s\u00e1bado se realiza en la Plaza 20 de Febrero. En esta oportunidad, se dictar\u00e1 una clase abierta de folklore. A su t\u00e9rmino, comenzar\u00e1n los talleres para que los vecinos y vecinas puedan iniciarse en t\u00e9cnicas de arte y manualidades propias de nuestra cultura como plater\u00eda, soguer\u00eda, estampado y xilograf\u00eda.<\/p>\n\n\n\n<p>Durante la tarde se podr\u00e1 disfrutar de shows musicales y baile. Los talleres municipales de danzas tradicionales y de danzas folcl\u00f3ricas realizar\u00e1n presentaciones en vivo con las y los asistentes a los talleres. A su vez, se presentar\u00e1n la Compa\u00f1\u00eda Municipal de Danzas de Ituzaing\u00f3, el DJ Germ\u00e1n Querol y habr\u00e1 batallas de freestyle a cargo de los chicos y chicas del Festival Urbano Elemental. Para acompa\u00f1ar la tarde, el Centro de Formaci\u00f3n Profesional Paula Albarrac\u00edn compartir\u00e1 pastelitos y tortas fritas.<\/p>\n\n\n\n<p><strong>El gran cierre estar\u00e1 a cargo de Lula Bertoldi (cantante de Eruca Sativa) y la cantante de folklore La Bruja Salguero. En simult\u00e1neo, la artista visual Mara Sanagua proyectar\u00e1 sobre el escenario un espect\u00e1culo de luces en movimiento (mapping).<\/strong><\/p>\n\n\n\n<p>Cabe destacar que todas las actividades son abiertas a la comunidad y gratuitas. Quienes deseen participar, pueden acercarse a la Plaza 20 de Febrero (Soler y Zufriategui) este s\u00e1bado 25 de mayo de 15 a 21hs para celebrar en familia nuestra identidad, nuestra cultura y nuestra Patria.<\/p>\n","protected":false},"excerpt":{"rendered":"<p>En el marco de los festejos por el 214&deg; aniversario de la Revoluci&oacute;n de Mayo, este s&aacute;bado 25 desde las 15hs el municipio de Ituzaing&oacute; realizar&aacute; distintas actividades culturales y art&iacute;sticas en la Plaza 20 de Febrero (Soler y Zufriategui). Los festejos finalizar&aacute;n con el gran cierre musical de Lula Bertoldi, cantante de Eruca Sativa &hellip; <\/p>\n","protected":false},"author":5,"featured_media":13574,"comment_status":"closed","ping_status":"closed","sticky":false,"template":"","format":"standard","meta":{"om_disable_all_campaigns":false,"_joinchat":[]},"categories":[31,8],"tags":[46,51,43],"featured_image_urls":{"full":["https:\/\/infotep.com.ar\/wp-content\/uploads\/2024\/05\/FIESTA-DEL-25-DE-MAYO.jpeg",1600,1068,false],"thumbnail":["https:\/\/infotep.com.ar\/wp-content\/uploads\/2024\/05\/FIESTA-DEL-25-DE-MAYO-150x150.jpeg",150,150,true],"medium":["https:\/\/infotep.com.ar\/wp-content\/uploads\/2024\/05\/FIESTA-DEL-25-DE-MAYO-300x200.jpeg",300,200,true],"medium_large":["https:\/\/infotep.com.ar\/wp-content\/uploads\/2024\/05\/FIESTA-DEL-25-DE-MAYO-768x513.jpeg",768,513,true],"large":["https:\/\/infotep.com.ar\/wp-content\/uploads\/2024\/05\/FIESTA-DEL-25-DE-MAYO-1024x684.jpeg",1020,681,true],"1536x1536":["https:\/\/infotep.com.ar\/wp-content\/uploads\/2024\/05\/FIESTA-DEL-25-DE-MAYO-1536x1025.jpeg",1536,1025,true],"2048x2048":["https:\/\/infotep.com.ar\/wp-content\/uploads\/2024\/05\/FIESTA-DEL-25-DE-MAYO.jpeg",1600,1068,false],"blossom-feminine-slider":["https:\/\/infotep.com.ar\/wp-content\/uploads\/2024\/05\/FIESTA-DEL-25-DE-MAYO-1600x649.jpeg",1600,649,true],"blossom-feminine-featured":["https:\/\/infotep.com.ar\/wp-content\/uploads\/2024\/05\/FIESTA-DEL-25-DE-MAYO-1410x600.jpeg",1410,600,true],"blossom-feminine-with-sidebar":["https:\/\/infotep.com.ar\/wp-content\/uploads\/2024\/05\/FIESTA-DEL-25-DE-MAYO-1020x600.jpeg",1020,600,true],"blossom-feminine-blog":["https:\/\/infotep.com.ar\/wp-content\/uploads\/2024\/05\/FIESTA-DEL-25-DE-MAYO-435x435.jpeg",435,435,true],"blossom-feminine-cat":["https:\/\/infotep.com.ar\/wp-content\/uploads\/2024\/05\/FIESTA-DEL-25-DE-MAYO-450x300.jpeg",450,300,true],"blossom-feminine-related":["https:\/\/infotep.com.ar\/wp-content\/uploads\/2024\/05\/FIESTA-DEL-25-DE-MAYO-320x200.jpeg",320,200,true],"blossom-feminine-schema":["https:\/\/infotep.com.ar\/wp-content\/uploads\/2024\/05\/FIESTA-DEL-25-DE-MAYO-90x60.jpeg",90,60,true],"blossom-mommy-blog-slider-big":["https:\/\/infotep.com.ar\/wp-content\/uploads\/2024\/05\/FIESTA-DEL-25-DE-MAYO-920x650.jpeg",920,650,true],"blossom-mommy-blog-slider":["https:\/\/infotep.com.ar\/wp-content\/uploads\/2024\/05\/FIESTA-DEL-25-DE-MAYO-460x310.jpeg",460,310,true],"blossom-mommy-blog-two":["https:\/\/infotep.com.ar\/wp-content\/uploads\/2024\/05\/FIESTA-DEL-25-DE-MAYO-768x480.jpeg",768,480,true]},"author_info":{"info":["Angela Tobar"]},"category_info":"<a href=\"https:\/\/infotep.com.ar\/index.php\/category\/destacadas\/\" rel=\"category tag\">Destacadas<\/a> <a href=\"https:\/\/infotep.com.ar\/index.php\/category\/municipales\/ituzaingo\/\" rel=\"category tag\">Ituzaing\u00f3<\/a>","tag_info":"Ituzaing\u00f3","comment_count":"0","_links":{"self":[{"href":"https:\/\/infotep.com.ar\/index.php\/wp-json\/wp\/v2\/posts\/13573"}],"collection":[{"href":"https:\/\/infotep.com.ar\/index.php\/wp-json\/wp\/v2\/posts"}],"about":[{"href":"https:\/\/infotep.com.ar\/index.php\/wp-json\/wp\/v2\/types\/post"}],"author":[{"embeddable":true,"href":"https:\/\/infotep.com.ar\/index.php\/wp-json\/wp\/v2\/users\/5"}],"replies":[{"embeddable":true,"href":"https:\/\/infotep.com.ar\/index.php\/wp-json\/wp\/v2\/comments?post=13573"}],"version-history":[{"count":1,"href":"https:\/\/infotep.com.ar\/index.php\/wp-json\/wp\/v2\/posts\/13573\/revisions"}],"predecessor-version":[{"id":13575,"href":"https:\/\/infotep.com.ar\/index.php\/wp-json\/wp\/v2\/posts\/13573\/revisions\/13575"}],"wp:featuredmedia":[{"embeddable":true,"href":"https:\/\/infotep.com.ar\/index.php\/wp-json\/wp\/v2\/media\/13574"}],"wp:attachment":[{"href":"https:\/\/infotep.com.ar\/index.php\/wp-json\/wp\/v2\/media?parent=13573"}],"wp:term":[{"taxonomy":"category","embeddable":true,"href":"https:\/\/infotep.com.ar\/index.php\/wp-json\/wp\/v2\/categories?post=13573"},{"taxonomy":"post_tag","embeddable":true,"href":"https:\/\/infotep.com.ar\/index.php\/wp-json\/wp\/v2\/tags?post=13573"}],"curies":[{"name":"wp","href":"https:\/\/api.w.org\/{rel}","templated":true}]}}