{"id":1360,"date":"2022-09-25T02:26:59","date_gmt":"2022-09-25T05:26:59","guid":{"rendered":"https:\/\/infotep.com.ar\/?p=1360"},"modified":"2022-09-27T15:39:18","modified_gmt":"2022-09-27T18:39:18","slug":"moreno-inauguro-la-fiesta-provincial-del-plantin-floral-2022","status":"publish","type":"post","link":"https:\/\/infotep.com.ar\/index.php\/2022\/09\/25\/moreno-inauguro-la-fiesta-provincial-del-plantin-floral-2022\/","title":{"rendered":"Moreno inaugur\u00f3 la fiesta provincial del plant\u00edn floral 2022"},"content":{"rendered":"\n<p><\/p>\n\n\n\n<p>El evento ofrece la posibilidad de comprar plantas y flores directo de sus cultivadores. Participaran m\u00e1s de 100 productores y productoras locales y a lo largo de las jornadas habr\u00e1 charlas, talleres y espect\u00e1culos para toda la familia<\/p>\n\n\n\n<p>El Municipio de Moreno inaugur\u00f3 una nueva &nbsp;edici\u00f3n de la Fiesta Provincial del Plant\u00edn Floral 2022, que se desarrolla desde 23 de septiembre y se extender\u00e1 hasta el 25 en la Plaza Doctor Buj\u00e1n de Paso del Rey con el objetivo de promocionar el sector y dar a conocer el distrito como zona productiva.<\/p>\n\n\n\n<p>Este evento de notable importancia para la floricultura nacional ofrece la posibilidad de comprar plantas y flores directo de sus cultivadores. Participaran m\u00e1s de 100 productores y productoras locales y a lo largo de las jornadas habr\u00e1 charlas, talleres y espect\u00e1culos para toda la familia. Tambi\u00e9n se podr\u00e1 disfrutar de ofertas gastron\u00f3micas a precios accesibles y de la feria artesanal que ofrece una amplia variedad de productos.<\/p>\n\n\n\n<p>Las actividades de hoy domingo 25, a las 11 horas y a las 14 horas se podr\u00e1 participar del taller de plantas medicinales, a las 12 horas taller de huerta y a las 15 horas una charla sobre &#8220;La importancia de las plantas nativas&#8221;.<\/p>\n\n\n\n<p>Asimismo, por la tarde desde las 16 horas se presentar\u00e1n espect\u00e1culos de danza y m\u00fasica japonesa, folcklore, cumbia y de m\u00fasica libre con los grupos Taikos, Matrero, La Pili y el cierre estar\u00e1 a cargo del exitoso grupo cordob\u00e9s La Konga.<\/p>\n\n\n\n<p>El partido de Moreno, declarado Capital Provincial del Plant\u00edn Floral en el a\u00f1o 2011, genera una producci\u00f3n de 12 millones de plantas en maceta, arbustos, \u00e1rboles, plantas de interior y flores de corte por a\u00f1o y que convierte a la floricultura en una actividad intensiva de mano de obra calificada y con una alta inversi\u00f3n tecnol\u00f3gica y de capital.<\/p>\n","protected":false},"excerpt":{"rendered":"<p>El evento ofrece la posibilidad de comprar plantas y flores directo de sus cultivadores. Participaran m&aacute;s de 100 productores y productoras locales y a lo largo de las jornadas habr&aacute; charlas, talleres y espect&aacute;culos para toda la familia El Municipio de Moreno inaugur&oacute; una nueva &nbsp;edici&oacute;n de la Fiesta Provincial del Plant&iacute;n Floral 2022, que &hellip; <\/p>\n","protected":false},"author":5,"featured_media":1361,"comment_status":"closed","ping_status":"closed","sticky":false,"template":"","format":"standard","meta":{"om_disable_all_campaigns":false,"_joinchat":[]},"categories":[85],"tags":[123,46,107,43],"featured_image_urls":{"full":["https:\/\/infotep.com.ar\/wp-content\/uploads\/2022\/09\/PLANTIN-LFORAL.jpg",1920,640,false],"thumbnail":["https:\/\/infotep.com.ar\/wp-content\/uploads\/2022\/09\/PLANTIN-LFORAL-150x150.jpg",150,150,true],"medium":["https:\/\/infotep.com.ar\/wp-content\/uploads\/2022\/09\/PLANTIN-LFORAL-300x100.jpg",300,100,true],"medium_large":["https:\/\/infotep.com.ar\/wp-content\/uploads\/2022\/09\/PLANTIN-LFORAL-768x256.jpg",768,256,true],"large":["https:\/\/infotep.com.ar\/wp-content\/uploads\/2022\/09\/PLANTIN-LFORAL-1024x341.jpg",1020,340,true],"1536x1536":["https:\/\/infotep.com.ar\/wp-content\/uploads\/2022\/09\/PLANTIN-LFORAL-1536x512.jpg",1536,512,true],"2048x2048":["https:\/\/infotep.com.ar\/wp-content\/uploads\/2022\/09\/PLANTIN-LFORAL.jpg",1920,640,false],"blossom-feminine-slider":["https:\/\/infotep.com.ar\/wp-content\/uploads\/2022\/09\/PLANTIN-LFORAL.jpg",1920,640,false],"blossom-feminine-featured":["https:\/\/infotep.com.ar\/wp-content\/uploads\/2022\/09\/PLANTIN-LFORAL-1410x600.jpg",1410,600,true],"blossom-feminine-with-sidebar":["https:\/\/infotep.com.ar\/wp-content\/uploads\/2022\/09\/PLANTIN-LFORAL-1020x600.jpg",1020,600,true],"blossom-feminine-blog":["https:\/\/infotep.com.ar\/wp-content\/uploads\/2022\/09\/PLANTIN-LFORAL-435x435.jpg",435,435,true],"blossom-feminine-cat":["https:\/\/infotep.com.ar\/wp-content\/uploads\/2022\/09\/PLANTIN-LFORAL-450x300.jpg",450,300,true],"blossom-feminine-related":["https:\/\/infotep.com.ar\/wp-content\/uploads\/2022\/09\/PLANTIN-LFORAL-320x200.jpg",320,200,true],"blossom-feminine-schema":["https:\/\/infotep.com.ar\/wp-content\/uploads\/2022\/09\/PLANTIN-LFORAL-180x60.jpg",180,60,true],"blossom-mommy-blog-slider-big":["https:\/\/infotep.com.ar\/wp-content\/uploads\/2022\/09\/PLANTIN-LFORAL-920x640.jpg",920,640,true],"blossom-mommy-blog-slider":["https:\/\/infotep.com.ar\/wp-content\/uploads\/2022\/09\/PLANTIN-LFORAL-460x310.jpg",460,310,true],"blossom-mommy-blog-two":["https:\/\/infotep.com.ar\/wp-content\/uploads\/2022\/09\/PLANTIN-LFORAL-768x480.jpg",768,480,true]},"author_info":{"info":["Angela Tobar"]},"category_info":"<a href=\"https:\/\/infotep.com.ar\/index.php\/category\/municipales\/moreno\/\" rel=\"category tag\">Moreno<\/a>","tag_info":"Moreno","comment_count":"0","_links":{"self":[{"href":"https:\/\/infotep.com.ar\/index.php\/wp-json\/wp\/v2\/posts\/1360"}],"collection":[{"href":"https:\/\/infotep.com.ar\/index.php\/wp-json\/wp\/v2\/posts"}],"about":[{"href":"https:\/\/infotep.com.ar\/index.php\/wp-json\/wp\/v2\/types\/post"}],"author":[{"embeddable":true,"href":"https:\/\/infotep.com.ar\/index.php\/wp-json\/wp\/v2\/users\/5"}],"replies":[{"embeddable":true,"href":"https:\/\/infotep.com.ar\/index.php\/wp-json\/wp\/v2\/comments?post=1360"}],"version-history":[{"count":1,"href":"https:\/\/infotep.com.ar\/index.php\/wp-json\/wp\/v2\/posts\/1360\/revisions"}],"predecessor-version":[{"id":1362,"href":"https:\/\/infotep.com.ar\/index.php\/wp-json\/wp\/v2\/posts\/1360\/revisions\/1362"}],"wp:featuredmedia":[{"embeddable":true,"href":"https:\/\/infotep.com.ar\/index.php\/wp-json\/wp\/v2\/media\/1361"}],"wp:attachment":[{"href":"https:\/\/infotep.com.ar\/index.php\/wp-json\/wp\/v2\/media?parent=1360"}],"wp:term":[{"taxonomy":"category","embeddable":true,"href":"https:\/\/infotep.com.ar\/index.php\/wp-json\/wp\/v2\/categories?post=1360"},{"taxonomy":"post_tag","embeddable":true,"href":"https:\/\/infotep.com.ar\/index.php\/wp-json\/wp\/v2\/tags?post=1360"}],"curies":[{"name":"wp","href":"https:\/\/api.w.org\/{rel}","templated":true}]}}