{"id":13616,"date":"2024-05-23T16:12:10","date_gmt":"2024-05-23T19:12:10","guid":{"rendered":"https:\/\/infotep.com.ar\/?p=13616"},"modified":"2024-05-23T17:53:03","modified_gmt":"2024-05-23T20:53:03","slug":"milei-si-no-nos-metemos-en-el-barro-los-zurdos-nos-llevan-puestos","status":"publish","type":"post","link":"https:\/\/infotep.com.ar\/index.php\/2024\/05\/23\/milei-si-no-nos-metemos-en-el-barro-los-zurdos-nos-llevan-puestos\/","title":{"rendered":"Milei: &#8220;Si no nos metemos en el barro, los zurdos nos llevan puestos&#8221;"},"content":{"rendered":"\n<p>El presidente Javier Milei present\u00f3 su \u00faltimo libro en el estadio Luna Park, con un acto que incluy\u00f3 un show musical, un discurso y una charla distendida, en la que reflexion\u00f3 que hay que meterse &#8220;en el barro&#8221; para que los &#8220;zurdos&#8221; no los lleven &#8220;puestos.<\/p>\n\n\n\n<p>&#8220;Si no nos metemos en el barro, los zurdos nos llevan puestos, porque lo que importa en el poder&#8221;, afirm\u00f3 Milei al disertar sobre su obra junto al diputado oficialista Jos\u00e9 Luis Espert y el vocero presidencial, Manuel Adorni.<\/p>\n\n\n\n<p>El evento comenz\u00f3 a las 21.15, cuando el Presidente sali\u00f3 al escenario para cantar &#8220;Panic show&#8221; de La Renga, a la que le modific\u00f3 la letra para se\u00f1alar: &#8220;Toda la casta es de mi apetito&#8221;.<\/p>\n\n\n\n<p>Estuvo acompa\u00f1ado por &#8220;La banda libertad&#8221;, integrada por el diputado nacional de La Libertad Avanza (LLA), Alberto Benegas Lynch, su hermano Joaqu\u00edn, y Marcelo Ducl\u00f3s.<\/p>\n\n\n\n<p>La noche continu\u00f3 con un discurso de Milei, en el que volvi\u00f3 a referirse de forma ir\u00f3nica a la crisis diplom\u00e1tica con Espa\u00f1a y afirm\u00f3 que la canciller Diana Mondino iba a pedirle &#8220;horas extras&#8221;.<\/p>\n\n\n\n<p>&#8220;Mondino me va a pedir horas extras&#8221;, dijo el jefe de Estado al responder a los militantes que corearon consigas en contra del presidente de Espa\u00f1a, Pedro S\u00e1nchez.<\/p>\n\n\n\n<p>&#8220;Sanch\u00e9z, compadre, la concha de tu madre&#8221;, cantaron los presentes, que recibieron esa respuesta de parte del mandatario nacional.<\/p>\n\n\n\n<p>En la primera fila del evento estuvieron la hermana del mandatario y secretaria general de la Presidencia, Karina Milei; la vicepresidenta Victoria Villarruel; los ministros del Interior, Guillermo Francos; de Econom\u00eda, Luis &#8220;Toto&#8221; Caputo; de Seguridad, Patricia Bullrich; de Capital Humano, Sandra Pettovello; y el secretario de Turismo, Ambiente y Deportes, Daniel Scioli.<\/p>\n\n\n\n<p>Tambi\u00e9n se ubic\u00f3 en ese lugar principal la actriz Amalia &#8220;Yuyito&#8221; Gonz\u00e1lez; el presidente de la C\u00e1mara de Diputados, Mart\u00edn Menem; los diputados Hern\u00e1n Lombardi, Diego Santilli y Alberto Benegas Lynch; el jefe del bloque de diputados nacionales del PRO, Cristian Ritondo, y los influencers libertarios I\u00f1aki Guti\u00e9rrez y Eugenia Rol\u00f3n, entre otros.<\/p>\n\n\n\n<p>\u201cEl problema sigue siendo el maldito Estado\u201d, asegur\u00f3 Milei al dar detalles de su libro \u201cCapitalismo, socialismo y la trampa neocl\u00e1sica\u201d, que en principio iba a ser presentado en la Feria del Libro.<\/p>\n\n\n\n<p>Sobre esa negociaci\u00f3n fallido, el Presidente se mostr\u00f3 ir\u00f3nico y les mand\u00f3 un &#8220;saludo&#8221; por hacer posible la &#8220;fiesta&#8221; en el Luna Park: &#8220;Gracias kirchneristas&#8221;.<\/p>\n\n\n\n<p>Tambi\u00e9n habl\u00f3 del aborto en varios pasajes de su discurso y dijo que es parte de la &#8220;agenda asesina&#8221;.<\/p>\n\n\n\n<p>\u201cLos que se creen tan avanzados con la agenda del aborto, es una agenda que tiene m\u00e1s de tres mil a\u00f1os, y es una agenda absolutamente asesina por un par de salames que hicieron mal las cuentas. Pero el se\u00f1or Milei es un negacionista de la ciencia\u201d, se quej\u00f3.<\/p>\n\n\n\n<p>\u201cLos fallos de mercado no existen. Si ustedes consideran que hay un fallo de mercado, lo primero que sugiero es que revisen que no haya intervenci\u00f3n del Estado\u201d, indic\u00f3 Milei.<\/p>\n\n\n\n<p>Nunca se aclar\u00f3 de d\u00f3nde sali\u00f3 el dinero para pagar ese acto pol\u00edtico, a pesar que el presidente asegura que busca el equilibrio fiscal mediante el fer\u00f3z ajuste a los que menos tienen. El t\u00e9rmino &#8220;no hay plata&#8221; evidentemente no se ajusta a la casta y a la figura presidencial. <\/p>\n","protected":false},"excerpt":{"rendered":"<p>El presidente Javier Milei present&oacute; su &uacute;ltimo libro en el estadio Luna Park, con un acto que incluy&oacute; un show musical, un discurso y una charla distendida, en la que reflexion&oacute; que hay que meterse &ldquo;en el barro&rdquo; para que los &ldquo;zurdos&rdquo; no los lleven &ldquo;puestos. &ldquo;Si no nos metemos en el barro, los zurdos &hellip; <\/p>\n","protected":false},"author":5,"featured_media":13617,"comment_status":"closed","ping_status":"closed","sticky":false,"template":"","format":"standard","meta":{"om_disable_all_campaigns":false,"_joinchat":[]},"categories":[3],"tags":[46,43],"featured_image_urls":{"full":["https:\/\/infotep.com.ar\/wp-content\/uploads\/2024\/05\/milei-adornoi.webp",1156,720,false],"thumbnail":["https:\/\/infotep.com.ar\/wp-content\/uploads\/2024\/05\/milei-adornoi-150x150.webp",150,150,true],"medium":["https:\/\/infotep.com.ar\/wp-content\/uploads\/2024\/05\/milei-adornoi-300x187.webp",300,187,true],"medium_large":["https:\/\/infotep.com.ar\/wp-content\/uploads\/2024\/05\/milei-adornoi-768x478.webp",768,478,true],"large":["https:\/\/infotep.com.ar\/wp-content\/uploads\/2024\/05\/milei-adornoi-1024x638.webp",1020,636,true],"1536x1536":["https:\/\/infotep.com.ar\/wp-content\/uploads\/2024\/05\/milei-adornoi.webp",1156,720,false],"2048x2048":["https:\/\/infotep.com.ar\/wp-content\/uploads\/2024\/05\/milei-adornoi.webp",1156,720,false],"blossom-feminine-slider":["https:\/\/infotep.com.ar\/wp-content\/uploads\/2024\/05\/milei-adornoi-1156x649.webp",1156,649,true],"blossom-feminine-featured":["https:\/\/infotep.com.ar\/wp-content\/uploads\/2024\/05\/milei-adornoi-1156x600.webp",1156,600,true],"blossom-feminine-with-sidebar":["https:\/\/infotep.com.ar\/wp-content\/uploads\/2024\/05\/milei-adornoi-1020x600.webp",1020,600,true],"blossom-feminine-blog":["https:\/\/infotep.com.ar\/wp-content\/uploads\/2024\/05\/milei-adornoi-435x435.webp",435,435,true],"blossom-feminine-cat":["https:\/\/infotep.com.ar\/wp-content\/uploads\/2024\/05\/milei-adornoi-450x300.webp",450,300,true],"blossom-feminine-related":["https:\/\/infotep.com.ar\/wp-content\/uploads\/2024\/05\/milei-adornoi-320x200.webp",320,200,true],"blossom-feminine-schema":["https:\/\/infotep.com.ar\/wp-content\/uploads\/2024\/05\/milei-adornoi-96x60.webp",96,60,true],"blossom-mommy-blog-slider-big":["https:\/\/infotep.com.ar\/wp-content\/uploads\/2024\/05\/milei-adornoi-920x650.webp",920,650,true],"blossom-mommy-blog-slider":["https:\/\/infotep.com.ar\/wp-content\/uploads\/2024\/05\/milei-adornoi-460x310.webp",460,310,true],"blossom-mommy-blog-two":["https:\/\/infotep.com.ar\/wp-content\/uploads\/2024\/05\/milei-adornoi-768x480.webp",768,480,true]},"author_info":{"info":["Angela Tobar"]},"category_info":"<a href=\"https:\/\/infotep.com.ar\/index.php\/category\/nacionales\/\" rel=\"category tag\">Nacionales<\/a>","tag_info":"Nacionales","comment_count":"0","_links":{"self":[{"href":"https:\/\/infotep.com.ar\/index.php\/wp-json\/wp\/v2\/posts\/13616"}],"collection":[{"href":"https:\/\/infotep.com.ar\/index.php\/wp-json\/wp\/v2\/posts"}],"about":[{"href":"https:\/\/infotep.com.ar\/index.php\/wp-json\/wp\/v2\/types\/post"}],"author":[{"embeddable":true,"href":"https:\/\/infotep.com.ar\/index.php\/wp-json\/wp\/v2\/users\/5"}],"replies":[{"embeddable":true,"href":"https:\/\/infotep.com.ar\/index.php\/wp-json\/wp\/v2\/comments?post=13616"}],"version-history":[{"count":1,"href":"https:\/\/infotep.com.ar\/index.php\/wp-json\/wp\/v2\/posts\/13616\/revisions"}],"predecessor-version":[{"id":13618,"href":"https:\/\/infotep.com.ar\/index.php\/wp-json\/wp\/v2\/posts\/13616\/revisions\/13618"}],"wp:featuredmedia":[{"embeddable":true,"href":"https:\/\/infotep.com.ar\/index.php\/wp-json\/wp\/v2\/media\/13617"}],"wp:attachment":[{"href":"https:\/\/infotep.com.ar\/index.php\/wp-json\/wp\/v2\/media?parent=13616"}],"wp:term":[{"taxonomy":"category","embeddable":true,"href":"https:\/\/infotep.com.ar\/index.php\/wp-json\/wp\/v2\/categories?post=13616"},{"taxonomy":"post_tag","embeddable":true,"href":"https:\/\/infotep.com.ar\/index.php\/wp-json\/wp\/v2\/tags?post=13616"}],"curies":[{"name":"wp","href":"https:\/\/api.w.org\/{rel}","templated":true}]}}