{"id":1368,"date":"2022-09-25T13:45:05","date_gmt":"2022-09-25T16:45:05","guid":{"rendered":"https:\/\/infotep.com.ar\/?p=1368"},"modified":"2022-09-25T13:45:06","modified_gmt":"2022-09-25T16:45:06","slug":"cristina-fernandez-las-garantias-procesales-no-aplican-si-sos-peronista","status":"publish","type":"post","link":"https:\/\/infotep.com.ar\/index.php\/2022\/09\/25\/cristina-fernandez-las-garantias-procesales-no-aplican-si-sos-peronista\/","title":{"rendered":"Cristina Fern\u00e1ndez: &#8220;Las garant\u00edas procesales no aplican si sos peronista&#8221;"},"content":{"rendered":"\n<p><a href=\"javascript:void(0);\"><\/a><\/p>\n\n\n\n<p>La Vicepresidenta advirti\u00f3 que &#8220;para el peronismo hay Derecho Penal de autor&#8221; y compar\u00f3 el tratamiento que recibieron el expresidente De la R\u00faa y los funcionarios responsables de la represi\u00f3n de diciembre de 2001 con el que se le da a las causas en su contra.<\/p>\n\n\n\n<p>La vicepresidenta Cristina Fern\u00e1ndez de Kirchner afirm\u00f3 que &#8220;las garant\u00edas procesales de no ser juzgado dos veces por el mismo hecho no aplican si sos peronista&#8221;, al ampliar sus dichos sobre los antecedentes jurisprudenciales del caso contra el exmandatario Fernando de la R\u00faa por la represi\u00f3n de 2001 y compararlos con el proceso judicial en su contra por la causa Vialidad.<\/p>\n\n\n\n<p><strong>&#8220;Lo dicho el viernes en nuestro alegato: las garant\u00edas procesales de no ser juzgado dos veces por el mismo hecho, y todas las dem\u00e1s, no aplican si sos peronista&#8221;<\/strong>, reiter\u00f3 la Vicepresidenta en una publicaci\u00f3n que comparti\u00f3 a trav\u00e9s de su cuenta de Twitter, donde advirti\u00f3 que &#8220;para el peronismo&#8221; hay &#8220;Derecho Penal de autor&#8221;.<\/p>\n\n\n\n<p>Al referirse a&nbsp;<strong>la acusaci\u00f3n contra De la R\u00faa por los asesinatos de manifestantes en las protestas del 19 y 20 de diciembre de 2001<\/strong>, sostuvo que &#8220;para el resto, aunque sean delitos contra la vida ocurridos a metros de la Casa Rosada, a plena luz del d\u00eda y transmitidos en vivo por todos los canales de televisi\u00f3n, Derecho Penal liberal, con todas las garant\u00edas y principios del debido proceso&#8221;.<\/p>\n\n\n\n<p>&#8220;La Sala 1 de Casaci\u00f3n, integrada por Daniel Petrone y Diego Barroetave\u00f1a, es la que tiene dos causas de Asociaci\u00f3n Il\u00edcita, (Memor\u00e1ndum y Hotesur-Los Sauces), que junto a la de Vialidad, que tambi\u00e9n calificaron como asociaci\u00f3n il\u00edcita, forman parte de las cinco causas que en forma separada y con el mismo tipo penal se llevan adelante en mi contra o sea\u2026 cinco veces juzgada por el mismo hecho&#8221;, consign\u00f3.<\/p>\n\n\n\n<p>Fern\u00e1ndez de Kirchner recuper\u00f3&nbsp;<strong>la resoluci\u00f3n del Tribunal Oral N\u00ba 6 (TOF 6) que &#8220;redujo la sentencia contra los responsables de la represi\u00f3n de los d\u00edas 19 y 20 de diciembre de 2001<\/strong>&#8220;, debido a una revisi\u00f3n de la C\u00e1mara de Casaci\u00f3n Federal.<\/p>\n\n\n\n<p>De esa manera, explic\u00f3 que la C\u00e1mara &#8220;en su pronunciamiento hab\u00eda cuestionado que en la misma sentencia de juicio se hab\u00eda realizado una doble valoraci\u00f3n del car\u00e1cter de funcionarios p\u00fablicos de los condenados&#8221;.<\/p>\n\n\n\n<p>Y agreg\u00f3 que, en ese entonces, se consider\u00f3 que &#8220;se habr\u00eda transgredido el principio llamado &#8216;ne bis in \u00eddem&#8217;, es decir la garant\u00eda de no ser juzgado dos veces por el mismo hecho&#8221;.<\/p>\n\n\n\n<p>Adem\u00e1s, plante\u00f3 que no s\u00f3lo&nbsp;<strong>De la R\u00faa fue sobrese\u00eddo por el fallecido juez Claudio Bonadio &#8220;en la acusaci\u00f3n por homicidio culposo&#8221; sino que el jefe de Gabinete de esa administraci\u00f3n, Chrystian Colombo y el ministro del Interior, Ram\u00f3n Mestre<\/strong>, &#8220;ni siquiera resultaron acusados, pese a que el art\u00edculo 102 de la Constituci\u00f3n establece la responsabilidad solidaria de los ministros sobre los decretos que firman&#8221;.<\/p>\n\n\n\n<p>A la vez, sostuvo que &#8220;tampoco se tuvieron en cuenta las responsabilidades que establece el art\u00edculo 100 de la Constituci\u00f3n para el jefe de Gabinete&#8221; y se\u00f1al\u00f3 que &#8220;ambos funcionarios nunca fueron requeridos ni reprochados penalmente por los jueces de Comodoro Py&#8221;.<\/p>\n\n\n\n<p>De esa manera, se pregunt\u00f3: &#8220;\u00bfNadie fue condenado por la violencia que provoc\u00f3 tantos muertos en la Plaza de Mayo y en el resto del pa\u00eds y que hizo colapsar la institucionalidad en la Rep\u00fablica Argentina?&#8221;.<\/p>\n\n\n\n<p>Y luego recuper\u00f3 el proceso judicial contra los dem\u00e1s imputados por los asesinatos del 2001 y record\u00f3 que, en 2016, el TOF 6 estaba integrado por los jueces Jos\u00e9 Valent\u00edn Mart\u00ednez Sobrino, Adri\u00e1n Mart\u00edn Gr\u00fcnberg y Rodrigo Gim\u00e9nez Uriburu, a quien identific\u00f3 como &#8220;el jugador del Liverpool, equipo que integra con el fiscal (Diego) Luciani&#8221;.<\/p>\n\n\n\n<p>Tambi\u00e9n destac\u00f3 que la Justicia impuso para el exsecretario de Seguridad Enrique Mathov cuatro a\u00f1os y nueve meses de prisi\u00f3n, y resalt\u00f3 que el organismo depend\u00eda &#8220;en ese entonces del Ministerio del Interior&#8221;.<\/p>\n\n\n\n<p>Adem\u00e1s consign\u00f3 que en ese proceso se investigaron los homicidios de Alberto M\u00e1rquez, Gast\u00f3n Riva, Carlos Almir\u00f3n y Diego Lamagna, y la tentativa de homicidio de Mart\u00edn Galli y Paula Simonetti, como as\u00ed tambi\u00e9n lesiones en perjuicio de 117 v\u00edctimas.<\/p>\n\n\n\n<p>En ese aspecto, se\u00f1al\u00f3 que la sentencia fue apelada y los jueces Daniel Antonio Petrone, Diego Barroetave\u00f1a y \u00c1ngela Ledesma, integrantes de Sala I de la C\u00e1mara Federal de Casaci\u00f3n Penal en el 2020, &#8220;confirmaron la sentencia y ordenaron devolver las actuaciones al tribunal de origen para que resuelva nuevamente sobre las penas impuestas&#8221;.<\/p>\n\n\n\n<p>Tambi\u00e9n explic\u00f3 que, en 2021, el TOF,&nbsp;<strong>ya integrado por los nuevos jueces N\u00e9stor Costabel y Sabrina Namer y con la continuidad de Rodrigo Gim\u00e9nez Uriburu en su cargo<\/strong>, &#8220;redujo la sentencia contra los responsables de la represi\u00f3n de los d\u00edas 19 y 20 de diciembre de 2001&#8221;.<\/p>\n\n\n\n<p>En esa l\u00ednea, expuso que &#8220;luego de una reevaluaci\u00f3n del monto de las penas&#8221;, previamente ordenado por la C\u00e1mara Federal Penal, el Tribunal &#8220;redujo la condena de Enrique Mathov a cuatro a\u00f1os y tres meses de prisi\u00f3n&#8221;, y detall\u00f3 que tom\u00f3 la misma decisi\u00f3n con Rub\u00e9n Santos, exjefe de la Polic\u00eda Federal, que pas\u00f3 de tener una pena de cuatro a\u00f1os de c\u00e1rcel a tres y medio.<\/p>\n\n\n\n<p>Asimismo, detall\u00f3 que a Mathov tambi\u00e9n &#8220;le dictaron la inhabilitaci\u00f3n especial para ejercer cargos p\u00fablicos s\u00f3lo por el t\u00e9rmino de 8 a\u00f1os y 6 meses&#8221;, y que fue condenado &#8220;como autor penalmente responsable de los delitos de homicidio culposo en perjuicio de Gast\u00f3n Riva, Diego Lamagna y Carlos Almir\u00f3n, y lesiones culposas en perjuicio de m\u00e1s de 20 v\u00edctimas&#8221;.<\/p>\n\n\n\n<p>Indic\u00f3 que la C\u00e1mara de Casaci\u00f3n &#8220;solo debati\u00f3 el monto de las penas&#8221;, ya que su &#8220;objetivo&#8221;, dijo, era &#8220;lograr penas excarcelables para los acusados&#8221;.<\/p>\n\n\n\n<p>Por \u00faltimo consign\u00f3 que en mayo de este a\u00f1o, la Sala I de Casaci\u00f3n &#8220;hizo lugar al recurso extraordinario de Mathov y Santos&#8221; y remarc\u00f3 que, entonces, &#8220;las penas por los homicidios en la represi\u00f3n del 19 y 20 de diciembre del 2001 se encuentran sin ejecuci\u00f3n por no estar firmes&#8221;.<\/p>\n\n\n\n<p>En tanto, este lune continuar\u00e1 el juicio con los alegatos de la defensa del resto de los acusados por el presunto direccionamiento de obras viales en la provincia de Santa Cruz durante el per\u00edodo de 2003 a 2015.<\/p>\n","protected":false},"excerpt":{"rendered":"<p>La Vicepresidenta advirti&oacute; que &ldquo;para el peronismo hay Derecho Penal de autor&rdquo; y compar&oacute; el tratamiento que recibieron el expresidente De la R&uacute;a y los funcionarios responsables de la represi&oacute;n de diciembre de 2001 con el que se le da a las causas en su contra. La vicepresidenta Cristina Fern&aacute;ndez de Kirchner afirm&oacute; que &ldquo;las &hellip; <\/p>\n","protected":false},"author":5,"featured_media":1369,"comment_status":"closed","ping_status":"closed","sticky":false,"template":"","format":"standard","meta":{"om_disable_all_campaigns":false,"_joinchat":[]},"categories":[3],"tags":[120,119,125,46,126,43,121],"featured_image_urls":{"full":["https:\/\/infotep.com.ar\/wp-content\/uploads\/2022\/09\/cristina-1.jpg",900,505,false],"thumbnail":["https:\/\/infotep.com.ar\/wp-content\/uploads\/2022\/09\/cristina-1-150x150.jpg",150,150,true],"medium":["https:\/\/infotep.com.ar\/wp-content\/uploads\/2022\/09\/cristina-1-300x168.jpg",300,168,true],"medium_large":["https:\/\/infotep.com.ar\/wp-content\/uploads\/2022\/09\/cristina-1-768x431.jpg",768,431,true],"large":["https:\/\/infotep.com.ar\/wp-content\/uploads\/2022\/09\/cristina-1.jpg",900,505,false],"1536x1536":["https:\/\/infotep.com.ar\/wp-content\/uploads\/2022\/09\/cristina-1.jpg",900,505,false],"2048x2048":["https:\/\/infotep.com.ar\/wp-content\/uploads\/2022\/09\/cristina-1.jpg",900,505,false],"blossom-feminine-slider":["https:\/\/infotep.com.ar\/wp-content\/uploads\/2022\/09\/cristina-1.jpg",900,505,false],"blossom-feminine-featured":["https:\/\/infotep.com.ar\/wp-content\/uploads\/2022\/09\/cristina-1.jpg",900,505,false],"blossom-feminine-with-sidebar":["https:\/\/infotep.com.ar\/wp-content\/uploads\/2022\/09\/cristina-1.jpg",900,505,false],"blossom-feminine-blog":["https:\/\/infotep.com.ar\/wp-content\/uploads\/2022\/09\/cristina-1-435x435.jpg",435,435,true],"blossom-feminine-cat":["https:\/\/infotep.com.ar\/wp-content\/uploads\/2022\/09\/cristina-1-450x300.jpg",450,300,true],"blossom-feminine-related":["https:\/\/infotep.com.ar\/wp-content\/uploads\/2022\/09\/cristina-1-320x200.jpg",320,200,true],"blossom-feminine-schema":["https:\/\/infotep.com.ar\/wp-content\/uploads\/2022\/09\/cristina-1-107x60.jpg",107,60,true],"blossom-mommy-blog-slider-big":["https:\/\/infotep.com.ar\/wp-content\/uploads\/2022\/09\/cristina-1.jpg",900,505,false],"blossom-mommy-blog-slider":["https:\/\/infotep.com.ar\/wp-content\/uploads\/2022\/09\/cristina-1-460x310.jpg",460,310,true],"blossom-mommy-blog-two":["https:\/\/infotep.com.ar\/wp-content\/uploads\/2022\/09\/cristina-1-768x480.jpg",768,480,true]},"author_info":{"info":["Angela Tobar"]},"category_info":"<a href=\"https:\/\/infotep.com.ar\/index.php\/category\/nacionales\/\" rel=\"category tag\">Nacionales<\/a>","tag_info":"Nacionales","comment_count":"0","_links":{"self":[{"href":"https:\/\/infotep.com.ar\/index.php\/wp-json\/wp\/v2\/posts\/1368"}],"collection":[{"href":"https:\/\/infotep.com.ar\/index.php\/wp-json\/wp\/v2\/posts"}],"about":[{"href":"https:\/\/infotep.com.ar\/index.php\/wp-json\/wp\/v2\/types\/post"}],"author":[{"embeddable":true,"href":"https:\/\/infotep.com.ar\/index.php\/wp-json\/wp\/v2\/users\/5"}],"replies":[{"embeddable":true,"href":"https:\/\/infotep.com.ar\/index.php\/wp-json\/wp\/v2\/comments?post=1368"}],"version-history":[{"count":1,"href":"https:\/\/infotep.com.ar\/index.php\/wp-json\/wp\/v2\/posts\/1368\/revisions"}],"predecessor-version":[{"id":1370,"href":"https:\/\/infotep.com.ar\/index.php\/wp-json\/wp\/v2\/posts\/1368\/revisions\/1370"}],"wp:featuredmedia":[{"embeddable":true,"href":"https:\/\/infotep.com.ar\/index.php\/wp-json\/wp\/v2\/media\/1369"}],"wp:attachment":[{"href":"https:\/\/infotep.com.ar\/index.php\/wp-json\/wp\/v2\/media?parent=1368"}],"wp:term":[{"taxonomy":"category","embeddable":true,"href":"https:\/\/infotep.com.ar\/index.php\/wp-json\/wp\/v2\/categories?post=1368"},{"taxonomy":"post_tag","embeddable":true,"href":"https:\/\/infotep.com.ar\/index.php\/wp-json\/wp\/v2\/tags?post=1368"}],"curies":[{"name":"wp","href":"https:\/\/api.w.org\/{rel}","templated":true}]}}