{"id":13693,"date":"2024-05-28T12:05:43","date_gmt":"2024-05-28T15:05:43","guid":{"rendered":"https:\/\/infotep.com.ar\/?p=13693"},"modified":"2024-05-28T12:07:03","modified_gmt":"2024-05-28T15:07:03","slug":"larroque-kicillof-tiene-los-atributos-de-lo-que-puede-ser-el-ideal-de-un-dirigente-politico","status":"publish","type":"post","link":"https:\/\/infotep.com.ar\/index.php\/2024\/05\/28\/larroque-kicillof-tiene-los-atributos-de-lo-que-puede-ser-el-ideal-de-un-dirigente-politico\/","title":{"rendered":"Larroque: &#8220;Kicillof tiene los atributos de lo que puede ser el ideal de un dirigente pol\u00edtico&#8221;"},"content":{"rendered":"\n<p>El ministro de Desarrollo de la Comunidad bonaerense destac\u00f3 que el gobernador es un &#8220;emergente&#8221; ante la situaci\u00f3n que gener\u00f3 el presidente Javier Milei como &#8220;parteaguas&#8221; en la pol\u00edtica.<br><br>El ministro de Desarrollo de la Comunidad bonaerense, Andr\u00e9s &#8220;Cuervo&#8221; Larroque, afirm\u00f3 que el<br>gobernador Axel Kicillof &#8220;tiene los atributos de lo que puede ser el ideal de un dirigente pol\u00edtico&#8221; y remarc\u00f3 que el peronismo debe avanzar hacia &#8220;una construcci\u00f3n m\u00e1s din\u00e1mica&#8221;.<\/p>\n\n\n\n<p>&#8220;(El presidente Javier) Milei es el parteaguas de la pol\u00edtica argentina y, sin dudas, Axel es un emergente. Desde el primer d\u00eda mantuvo una posici\u00f3n clara frente a Milei, no titube\u00f3, aunque<br>muchos le recomendaban que se replegara, se refugiara&#8221;, sostuvo el funcionario provincial.<\/p>\n\n\n\n<p>En declaraciones radiales, el exsecretario general de La C\u00e1mpora asegur\u00f3 que el mandatario bonaerense &#8220;tiene los atributos de lo que puede ser el ideal de un dirigente pol\u00edtico&#8221; y destac\u00f3 que &#8220;no se puede hacer pol\u00edtica con miedo&#8221;.<\/p>\n\n\n\n<p>Al analizar la situaci\u00f3n actual del peronismo, Larroque indic\u00f3 que el movimiento justicialista se tiene que &#8220;refundar&#8221; y explic\u00f3 que debe &#8220;reencontrarse, volver a la esencia&#8221;.<\/p>\n\n\n\n<p>&#8220;Una fuerza pol\u00edtica empieza a perder funcionamiento cuando se considera que tiene raz\u00f3n el que m\u00e1s poder tiene. El peronismo no es iluminista: no es que hay alguien que viene con la verdad, sino que la verdad reside en el pueblo y tiene que ser escuchado&#8221;, analiz\u00f3.<\/p>\n\n\n\n<p>Y agreg\u00f3: &#8220;Hoy hay que ir a una construcci\u00f3n m\u00e1s din\u00e1mica: tenemos que adaptarnos a las demandas de la propia ciudadan\u00eda y la militancia&#8221;.<\/p>\n\n\n\n<p>Adem\u00e1s, envi\u00f3 un mensaje a las autoridades del PJ Nacional y Bonaerense, al referirse al proceso de renovaci\u00f3n de los sellos: &#8220;No podemos andar con travesuras a esta altura de los acontecimientos, cuando uno ve chicanitas, movimientos\u2026 De movida, no nos podemos enterar por redes sociales de una convocatoria que no surge de los cuerpos partidarios&#8221;.<\/p>\n\n\n\n<p>Asimismo, Larroque expres\u00f3 que ve &#8220;un escenario de revivificaci\u00f3n de la pol\u00edtica, porque lo que ha generado Milei sacudi\u00f3 todas las estructuras y hay muchas ganas de participar&#8221;.<\/p>\n\n\n\n<p>Y complet\u00f3: &#8220;Ven\u00edamos de una etapa de apat\u00eda con la pol\u00edtica, pero ahora hay ganas de participar&#8221;.<\/p>\n\n\n\n<p>&#8220;El Gobierno est\u00e1 haciendo todo lo posible para trasladar esta crisis econ\u00f3mica y social a la esfera pol\u00edtica&#8221;, concluy\u00f3.<\/p>\n","protected":false},"excerpt":{"rendered":"<p>El ministro de Desarrollo de la Comunidad bonaerense destac&oacute; que el gobernador es un &ldquo;emergente&rdquo; ante la situaci&oacute;n que gener&oacute; el presidente Javier Milei como &ldquo;parteaguas&rdquo; en la pol&iacute;tica. El ministro de Desarrollo de la Comunidad bonaerense, Andr&eacute;s &ldquo;Cuervo&rdquo; Larroque, afirm&oacute; que elgobernador Axel Kicillof &ldquo;tiene los atributos de lo que puede ser el ideal &hellip; <\/p>\n","protected":false},"author":5,"featured_media":13696,"comment_status":"closed","ping_status":"closed","sticky":false,"template":"","format":"standard","meta":{"om_disable_all_campaigns":false,"_joinchat":[]},"categories":[4],"tags":[46,43],"featured_image_urls":{"full":["https:\/\/infotep.com.ar\/wp-content\/uploads\/2024\/05\/larroque.webp",541,360,false],"thumbnail":["https:\/\/infotep.com.ar\/wp-content\/uploads\/2024\/05\/larroque-150x150.webp",150,150,true],"medium":["https:\/\/infotep.com.ar\/wp-content\/uploads\/2024\/05\/larroque-300x200.webp",300,200,true],"medium_large":["https:\/\/infotep.com.ar\/wp-content\/uploads\/2024\/05\/larroque.webp",541,360,false],"large":["https:\/\/infotep.com.ar\/wp-content\/uploads\/2024\/05\/larroque.webp",541,360,false],"1536x1536":["https:\/\/infotep.com.ar\/wp-content\/uploads\/2024\/05\/larroque.webp",541,360,false],"2048x2048":["https:\/\/infotep.com.ar\/wp-content\/uploads\/2024\/05\/larroque.webp",541,360,false],"blossom-feminine-slider":["https:\/\/infotep.com.ar\/wp-content\/uploads\/2024\/05\/larroque.webp",541,360,false],"blossom-feminine-featured":["https:\/\/infotep.com.ar\/wp-content\/uploads\/2024\/05\/larroque.webp",541,360,false],"blossom-feminine-with-sidebar":["https:\/\/infotep.com.ar\/wp-content\/uploads\/2024\/05\/larroque.webp",541,360,false],"blossom-feminine-blog":["https:\/\/infotep.com.ar\/wp-content\/uploads\/2024\/05\/larroque-435x360.webp",435,360,true],"blossom-feminine-cat":["https:\/\/infotep.com.ar\/wp-content\/uploads\/2024\/05\/larroque-450x300.webp",450,300,true],"blossom-feminine-related":["https:\/\/infotep.com.ar\/wp-content\/uploads\/2024\/05\/larroque-320x200.webp",320,200,true],"blossom-feminine-schema":["https:\/\/infotep.com.ar\/wp-content\/uploads\/2024\/05\/larroque-90x60.webp",90,60,true],"blossom-mommy-blog-slider-big":["https:\/\/infotep.com.ar\/wp-content\/uploads\/2024\/05\/larroque.webp",541,360,false],"blossom-mommy-blog-slider":["https:\/\/infotep.com.ar\/wp-content\/uploads\/2024\/05\/larroque-460x310.webp",460,310,true],"blossom-mommy-blog-two":["https:\/\/infotep.com.ar\/wp-content\/uploads\/2024\/05\/larroque.webp",541,360,false]},"author_info":{"info":["Angela Tobar"]},"category_info":"<a href=\"https:\/\/infotep.com.ar\/index.php\/category\/provinciales\/\" rel=\"category tag\">Provinciales<\/a>","tag_info":"Provinciales","comment_count":"0","_links":{"self":[{"href":"https:\/\/infotep.com.ar\/index.php\/wp-json\/wp\/v2\/posts\/13693"}],"collection":[{"href":"https:\/\/infotep.com.ar\/index.php\/wp-json\/wp\/v2\/posts"}],"about":[{"href":"https:\/\/infotep.com.ar\/index.php\/wp-json\/wp\/v2\/types\/post"}],"author":[{"embeddable":true,"href":"https:\/\/infotep.com.ar\/index.php\/wp-json\/wp\/v2\/users\/5"}],"replies":[{"embeddable":true,"href":"https:\/\/infotep.com.ar\/index.php\/wp-json\/wp\/v2\/comments?post=13693"}],"version-history":[{"count":1,"href":"https:\/\/infotep.com.ar\/index.php\/wp-json\/wp\/v2\/posts\/13693\/revisions"}],"predecessor-version":[{"id":13695,"href":"https:\/\/infotep.com.ar\/index.php\/wp-json\/wp\/v2\/posts\/13693\/revisions\/13695"}],"wp:featuredmedia":[{"embeddable":true,"href":"https:\/\/infotep.com.ar\/index.php\/wp-json\/wp\/v2\/media\/13696"}],"wp:attachment":[{"href":"https:\/\/infotep.com.ar\/index.php\/wp-json\/wp\/v2\/media?parent=13693"}],"wp:term":[{"taxonomy":"category","embeddable":true,"href":"https:\/\/infotep.com.ar\/index.php\/wp-json\/wp\/v2\/categories?post=13693"},{"taxonomy":"post_tag","embeddable":true,"href":"https:\/\/infotep.com.ar\/index.php\/wp-json\/wp\/v2\/tags?post=13693"}],"curies":[{"name":"wp","href":"https:\/\/api.w.org\/{rel}","templated":true}]}}