{"id":13700,"date":"2024-05-28T12:17:47","date_gmt":"2024-05-28T15:17:47","guid":{"rendered":"https:\/\/infotep.com.ar\/?p=13700"},"modified":"2024-05-28T12:17:48","modified_gmt":"2024-05-28T15:17:48","slug":"sturzenegger-sera-designado-ministro-para-impulsar-la-modernizacion-del-estado-y-la-desregulacion-economica","status":"publish","type":"post","link":"https:\/\/infotep.com.ar\/index.php\/2024\/05\/28\/sturzenegger-sera-designado-ministro-para-impulsar-la-modernizacion-del-estado-y-la-desregulacion-economica\/","title":{"rendered":"Sturzenegger ser\u00e1 designado ministro para impulsar la \u201cmodernizaci\u00f3n del Estado y la desregulaci\u00f3n econ\u00f3mica\u201d"},"content":{"rendered":"\n<p>As\u00ed lo confirm\u00f3 el flamante jefe de Gabinete, Guillermo Francos. El nombre de la nueva cartera ser\u00e1 dado a conocer &#8220;en los pr\u00f3ximos d\u00edas&#8221;.<br><br>El flamante jefe de Gabinete, Guillermo Francos, confirm\u00f3 que el economista Federico Sturzenegger ser\u00e1 designado como ministro en los pr\u00f3ximos d\u00edas para impulsar la &#8220;modernizaci\u00f3n del Estado y la desregulaci\u00f3n econ\u00f3mica&#8221;.<\/p>\n\n\n\n<p>&#8220;Es una decisi\u00f3n del Presidente (Javier Milei) que Federico se incorpore al Gabinete en un ministerio&#8221;, sostuvo el funcionario nacional.<\/p>\n\n\n\n<p>En conferencia de prensa en Casa Rosada tras encabezar su primera reuni\u00f3n de Gabinete, el exdiputado nacional explic\u00f3 que el extitular del Banco Central durante la gesti\u00f3n de Mauricio Macri &#8220;va a tener que ver con todo el tema de modernizaci\u00f3n del Estado y desregulaci\u00f3n econ\u00f3mica&#8221;.<\/p>\n\n\n\n<p>&#8220;El nombre se va a resolver en los pr\u00f3ximos d\u00edas&#8221;, agreg\u00f3.<\/p>\n\n\n\n<p>Horas antes de iniciar su primera jornada como jefe de Gabinete, Francos hab\u00eda subrayado la intenci\u00f3n de Milei de sumar formalmente a Federico Sturzenegger al Gobierno: hasta el momento, hab\u00eda oficiado como uno de los principales asesores presidenciales, pero sin un cargo oficial.<\/p>\n\n\n\n<p>&#8220;Quiere incorporar al Gabinete una persona que sea capaz de analizar la regulaci\u00f3n argentina y discutir con todos los miembros del Gabinete su visi\u00f3n sobre lo que tiene que ser el proceso de simplificaci\u00f3n y desregulaci\u00f3n de nuestra compleja normativa p\u00fablica&#8221;, hab\u00eda explicado el ministro coordinador en di\u00e1logo con Esta Ma\u00f1ana, el programa que conduce Marcelo Longobardi en Radio Rivadavia.<\/p>\n","protected":false},"excerpt":{"rendered":"<p>As&iacute; lo confirm&oacute; el flamante jefe de Gabinete, Guillermo Francos. El nombre de la nueva cartera ser&aacute; dado a conocer &ldquo;en los pr&oacute;ximos d&iacute;as&rdquo;. El flamante jefe de Gabinete, Guillermo Francos, confirm&oacute; que el economista Federico Sturzenegger ser&aacute; designado como ministro en los pr&oacute;ximos d&iacute;as para impulsar la &ldquo;modernizaci&oacute;n del Estado y la desregulaci&oacute;n econ&oacute;mica&rdquo;. &hellip; <\/p>\n","protected":false},"author":5,"featured_media":13701,"comment_status":"closed","ping_status":"closed","sticky":false,"template":"","format":"standard","meta":{"om_disable_all_campaigns":false,"_joinchat":[]},"categories":[3],"tags":[46,43],"featured_image_urls":{"full":["https:\/\/infotep.com.ar\/wp-content\/uploads\/2024\/05\/360-2-3.webp",434,360,false],"thumbnail":["https:\/\/infotep.com.ar\/wp-content\/uploads\/2024\/05\/360-2-3-150x150.webp",150,150,true],"medium":["https:\/\/infotep.com.ar\/wp-content\/uploads\/2024\/05\/360-2-3-300x249.webp",300,249,true],"medium_large":["https:\/\/infotep.com.ar\/wp-content\/uploads\/2024\/05\/360-2-3.webp",434,360,false],"large":["https:\/\/infotep.com.ar\/wp-content\/uploads\/2024\/05\/360-2-3.webp",434,360,false],"1536x1536":["https:\/\/infotep.com.ar\/wp-content\/uploads\/2024\/05\/360-2-3.webp",434,360,false],"2048x2048":["https:\/\/infotep.com.ar\/wp-content\/uploads\/2024\/05\/360-2-3.webp",434,360,false],"blossom-feminine-slider":["https:\/\/infotep.com.ar\/wp-content\/uploads\/2024\/05\/360-2-3.webp",434,360,false],"blossom-feminine-featured":["https:\/\/infotep.com.ar\/wp-content\/uploads\/2024\/05\/360-2-3.webp",434,360,false],"blossom-feminine-with-sidebar":["https:\/\/infotep.com.ar\/wp-content\/uploads\/2024\/05\/360-2-3.webp",434,360,false],"blossom-feminine-blog":["https:\/\/infotep.com.ar\/wp-content\/uploads\/2024\/05\/360-2-3.webp",434,360,false],"blossom-feminine-cat":["https:\/\/infotep.com.ar\/wp-content\/uploads\/2024\/05\/360-2-3-434x300.webp",434,300,true],"blossom-feminine-related":["https:\/\/infotep.com.ar\/wp-content\/uploads\/2024\/05\/360-2-3-320x200.webp",320,200,true],"blossom-feminine-schema":["https:\/\/infotep.com.ar\/wp-content\/uploads\/2024\/05\/360-2-3-72x60.webp",72,60,true],"blossom-mommy-blog-slider-big":["https:\/\/infotep.com.ar\/wp-content\/uploads\/2024\/05\/360-2-3.webp",434,360,false],"blossom-mommy-blog-slider":["https:\/\/infotep.com.ar\/wp-content\/uploads\/2024\/05\/360-2-3-434x310.webp",434,310,true],"blossom-mommy-blog-two":["https:\/\/infotep.com.ar\/wp-content\/uploads\/2024\/05\/360-2-3.webp",434,360,false]},"author_info":{"info":["Angela Tobar"]},"category_info":"<a href=\"https:\/\/infotep.com.ar\/index.php\/category\/nacionales\/\" rel=\"category tag\">Nacionales<\/a>","tag_info":"Nacionales","comment_count":"0","_links":{"self":[{"href":"https:\/\/infotep.com.ar\/index.php\/wp-json\/wp\/v2\/posts\/13700"}],"collection":[{"href":"https:\/\/infotep.com.ar\/index.php\/wp-json\/wp\/v2\/posts"}],"about":[{"href":"https:\/\/infotep.com.ar\/index.php\/wp-json\/wp\/v2\/types\/post"}],"author":[{"embeddable":true,"href":"https:\/\/infotep.com.ar\/index.php\/wp-json\/wp\/v2\/users\/5"}],"replies":[{"embeddable":true,"href":"https:\/\/infotep.com.ar\/index.php\/wp-json\/wp\/v2\/comments?post=13700"}],"version-history":[{"count":1,"href":"https:\/\/infotep.com.ar\/index.php\/wp-json\/wp\/v2\/posts\/13700\/revisions"}],"predecessor-version":[{"id":13702,"href":"https:\/\/infotep.com.ar\/index.php\/wp-json\/wp\/v2\/posts\/13700\/revisions\/13702"}],"wp:featuredmedia":[{"embeddable":true,"href":"https:\/\/infotep.com.ar\/index.php\/wp-json\/wp\/v2\/media\/13701"}],"wp:attachment":[{"href":"https:\/\/infotep.com.ar\/index.php\/wp-json\/wp\/v2\/media?parent=13700"}],"wp:term":[{"taxonomy":"category","embeddable":true,"href":"https:\/\/infotep.com.ar\/index.php\/wp-json\/wp\/v2\/categories?post=13700"},{"taxonomy":"post_tag","embeddable":true,"href":"https:\/\/infotep.com.ar\/index.php\/wp-json\/wp\/v2\/tags?post=13700"}],"curies":[{"name":"wp","href":"https:\/\/api.w.org\/{rel}","templated":true}]}}