{"id":13703,"date":"2024-05-28T13:06:19","date_gmt":"2024-05-28T16:06:19","guid":{"rendered":"https:\/\/infotep.com.ar\/?p=13703"},"modified":"2024-05-28T13:06:20","modified_gmt":"2024-05-28T16:06:20","slug":"la-matanza-recluta-a-jovenes-aspirantes-a-las-fuerzas-policiales","status":"publish","type":"post","link":"https:\/\/infotep.com.ar\/index.php\/2024\/05\/28\/la-matanza-recluta-a-jovenes-aspirantes-a-las-fuerzas-policiales\/","title":{"rendered":"La Matanza recluta a j\u00f3venes aspirantes a las fuerzas policiales"},"content":{"rendered":"\n<p><\/p>\n\n\n\n<p>Durante un encuentro celebrado, junto a autoridades del Gobierno local y provincial, se recibi\u00f3 a las y los j\u00f3venes que comenzaron la formaci\u00f3n para ingresar a la Polic\u00eda Bonaerense y servir a la comunidad del distrito.<\/p>\n\n\n\n<p>El evento que reuni\u00f3 a las y los aspirantes a la Polic\u00eda de la provincia de Buenos Aires, que fueron reclutados por el Gobierno local, cont\u00f3 con la presencia del secretario de Planificaci\u00f3n Operativa de La Matanza, Miguel Saredi; el secretario de Juventudes, Franco Torales y la directora de Reclutamiento e Incorporaciones del Ministerio de Seguridad bonaerense, Elizabeth Rueda.<\/p>\n\n\n\n<p>Al comenzar el encuentro, Miguel Saredi, se dirigi\u00f3 a los cientos de aspirantes presentes y destac\u00f3: &#8220;En representaci\u00f3n del intendente Fernando Espinoza, quiero hacer menci\u00f3n al orgullo que sentimos de que ustedes puedan ingresar a una fuerza que va a cuidar y proporcionar m\u00e1s seguridad a las vecinas, vecinos y a las familias de La Matanza&#8221;.<\/p>\n\n\n\n<p>Asimismo, el titular de Planificaci\u00f3n Operativa de La Matanza, abord\u00f3 tambi\u00e9n la complejidad de la seguridad, al se\u00f1alar que, \u201caunque la responsabilidad final es exclusiva del Gobierno provincial y nacional, el Gobierno local siempre ha colaborado activamente a trav\u00e9s de grandes inversiones en sistemas de vigilancia de \u00faltima generaci\u00f3n, recursos para la Guardia Urbana, con la compra de patrulleros para la polic\u00eda provincial, alarmas vecinales y t\u00f3tems de emergencia, entre otros elementos clave que hacen a la prevenci\u00f3n y protecci\u00f3n ciudadana, en definitiva, al bienestar de nuestra gente&#8221;.<\/p>\n\n\n\n<p>Por su parte, la responsable del reclutamiento e incorporaci\u00f3n de la Polic\u00eda Bonaerense, detall\u00f3 que los aspirantes deber\u00e1n aprobar diferentes ex\u00e1menes, entrevistas y distintos abordajes durante la capacitaci\u00f3n que forma parte del ingreso a las fuerzas. Adem\u00e1s, expres\u00f3 su agradecimiento a la Secretar\u00eda de Juventudes del Municipio, por acercar la propuesta a los j\u00f3venes de las distintas ciudades para que sean parte de la Polic\u00eda bonaerense.<\/p>\n\n\n\n<p>El evento tambi\u00e9n cont\u00f3 con la participaci\u00f3n de los concejales Juan Aisa y Nicol\u00e1s Natale, la secretaria de Deportes local, Jorgelina Bertoni.<\/p>\n\n\n\n<p>De esta manera, respaldados y motivados por las autoridades, los aspirantes emprenden un camino de preparaci\u00f3n no solo como polic\u00edas, sino tambi\u00e9n como pilares esenciales de su comunidad, con el compromiso de aportar a La Matanza y a la Provincia de Buenos Aires, m\u00e1s protecci\u00f3n y cuidado para su gente.<\/p>\n","protected":false},"excerpt":{"rendered":"<p>Durante un encuentro celebrado, junto a autoridades del Gobierno local y provincial, se recibi&oacute; a las y los j&oacute;venes que comenzaron la formaci&oacute;n para ingresar a la Polic&iacute;a Bonaerense y servir a la comunidad del distrito. El evento que reuni&oacute; a las y los aspirantes a la Polic&iacute;a de la provincia de Buenos Aires, que &hellip; <\/p>\n","protected":false},"author":5,"featured_media":13704,"comment_status":"closed","ping_status":"closed","sticky":false,"template":"","format":"standard","meta":{"om_disable_all_campaigns":false,"_joinchat":[]},"categories":[26],"tags":[60,46,59],"featured_image_urls":{"full":["https:\/\/infotep.com.ar\/wp-content\/uploads\/2024\/05\/image-1-1-scaled.jpg",2560,1707,false],"thumbnail":["https:\/\/infotep.com.ar\/wp-content\/uploads\/2024\/05\/image-1-1-150x150.jpg",150,150,true],"medium":["https:\/\/infotep.com.ar\/wp-content\/uploads\/2024\/05\/image-1-1-300x200.jpg",300,200,true],"medium_large":["https:\/\/infotep.com.ar\/wp-content\/uploads\/2024\/05\/image-1-1-768x512.jpg",768,512,true],"large":["https:\/\/infotep.com.ar\/wp-content\/uploads\/2024\/05\/image-1-1-1024x683.jpg",1020,680,true],"1536x1536":["https:\/\/infotep.com.ar\/wp-content\/uploads\/2024\/05\/image-1-1-1536x1024.jpg",1536,1024,true],"2048x2048":["https:\/\/infotep.com.ar\/wp-content\/uploads\/2024\/05\/image-1-1-2048x1365.jpg",2048,1365,true],"blossom-feminine-slider":["https:\/\/infotep.com.ar\/wp-content\/uploads\/2024\/05\/image-1-1-1920x649.jpg",1920,649,true],"blossom-feminine-featured":["https:\/\/infotep.com.ar\/wp-content\/uploads\/2024\/05\/image-1-1-1410x600.jpg",1410,600,true],"blossom-feminine-with-sidebar":["https:\/\/infotep.com.ar\/wp-content\/uploads\/2024\/05\/image-1-1-1020x600.jpg",1020,600,true],"blossom-feminine-blog":["https:\/\/infotep.com.ar\/wp-content\/uploads\/2024\/05\/image-1-1-435x435.jpg",435,435,true],"blossom-feminine-cat":["https:\/\/infotep.com.ar\/wp-content\/uploads\/2024\/05\/image-1-1-450x300.jpg",450,300,true],"blossom-feminine-related":["https:\/\/infotep.com.ar\/wp-content\/uploads\/2024\/05\/image-1-1-320x200.jpg",320,200,true],"blossom-feminine-schema":["https:\/\/infotep.com.ar\/wp-content\/uploads\/2024\/05\/image-1-1-90x60.jpg",90,60,true],"blossom-mommy-blog-slider-big":["https:\/\/infotep.com.ar\/wp-content\/uploads\/2024\/05\/image-1-1-920x650.jpg",920,650,true],"blossom-mommy-blog-slider":["https:\/\/infotep.com.ar\/wp-content\/uploads\/2024\/05\/image-1-1-460x310.jpg",460,310,true],"blossom-mommy-blog-two":["https:\/\/infotep.com.ar\/wp-content\/uploads\/2024\/05\/image-1-1-768x480.jpg",768,480,true]},"author_info":{"info":["Angela Tobar"]},"category_info":"<a href=\"https:\/\/infotep.com.ar\/index.php\/category\/municipales\/la-matanza\/\" rel=\"category tag\">La Matanza<\/a>","tag_info":"La Matanza","comment_count":"0","_links":{"self":[{"href":"https:\/\/infotep.com.ar\/index.php\/wp-json\/wp\/v2\/posts\/13703"}],"collection":[{"href":"https:\/\/infotep.com.ar\/index.php\/wp-json\/wp\/v2\/posts"}],"about":[{"href":"https:\/\/infotep.com.ar\/index.php\/wp-json\/wp\/v2\/types\/post"}],"author":[{"embeddable":true,"href":"https:\/\/infotep.com.ar\/index.php\/wp-json\/wp\/v2\/users\/5"}],"replies":[{"embeddable":true,"href":"https:\/\/infotep.com.ar\/index.php\/wp-json\/wp\/v2\/comments?post=13703"}],"version-history":[{"count":1,"href":"https:\/\/infotep.com.ar\/index.php\/wp-json\/wp\/v2\/posts\/13703\/revisions"}],"predecessor-version":[{"id":13705,"href":"https:\/\/infotep.com.ar\/index.php\/wp-json\/wp\/v2\/posts\/13703\/revisions\/13705"}],"wp:featuredmedia":[{"embeddable":true,"href":"https:\/\/infotep.com.ar\/index.php\/wp-json\/wp\/v2\/media\/13704"}],"wp:attachment":[{"href":"https:\/\/infotep.com.ar\/index.php\/wp-json\/wp\/v2\/media?parent=13703"}],"wp:term":[{"taxonomy":"category","embeddable":true,"href":"https:\/\/infotep.com.ar\/index.php\/wp-json\/wp\/v2\/categories?post=13703"},{"taxonomy":"post_tag","embeddable":true,"href":"https:\/\/infotep.com.ar\/index.php\/wp-json\/wp\/v2\/tags?post=13703"}],"curies":[{"name":"wp","href":"https:\/\/api.w.org\/{rel}","templated":true}]}}