{"id":13774,"date":"2024-05-31T17:15:36","date_gmt":"2024-05-31T20:15:36","guid":{"rendered":"https:\/\/infotep.com.ar\/?p=13774"},"modified":"2024-05-31T17:18:44","modified_gmt":"2024-05-31T20:18:44","slug":"alberto-descalzo-la-batalla-cultural-hay-que-darla-hay-que-volver-a-las-fuentes-y-entender-que-es-lo-que-se-hizo-mal-desde-el-peronismo","status":"publish","type":"post","link":"https:\/\/infotep.com.ar\/index.php\/2024\/05\/31\/alberto-descalzo-la-batalla-cultural-hay-que-darla-hay-que-volver-a-las-fuentes-y-entender-que-es-lo-que-se-hizo-mal-desde-el-peronismo\/","title":{"rendered":"Alberto Descalzo: \u201cLa batalla cultural hay que darla, hay que volver a las fuentes y entender qu\u00e9 es lo que se hizo mal\u201d, desde el peronismo"},"content":{"rendered":"\n<p class=\"has-white-background-color has-background\">El exintendente de Ituzaing\u00f3, Alberto Descalzo cuestion\u00f3 el ajuste que est\u00e1 realizando el gobierno nacional y que perjudica principalmente a la clase trabajadora. Adelant\u00f3 que en Ituzaing\u00f3 se present\u00f3 el Instituto de formaci\u00f3n con el objetivo de unir los distintos pensamientos pol\u00edticos, no solo de argentina sino del mundo, m\u00e1s all\u00e1 de los colores pol\u00edticos.<\/p>\n\n\n\n<p><\/p>\n\n\n\n<figure class=\"wp-block-embed is-type-video is-provider-youtube wp-block-embed-youtube wp-embed-aspect-16-9 wp-has-aspect-ratio\"><div class=\"wp-block-embed__wrapper\">\n<iframe loading=\"lazy\" title=\"Alberto Descalzo exintendente de Ituzaing\u00f3\" width=\"1020\" height=\"574\" src=\"https:\/\/www.youtube.com\/embed\/SsZKaULpX0U?feature=oembed\" frameborder=\"0\" allow=\"accelerometer; autoplay; clipboard-write; encrypted-media; gyroscope; picture-in-picture; web-share\" referrerpolicy=\"strict-origin-when-cross-origin\" allowfullscreen><\/iframe>\n<\/div><\/figure>\n\n\n\n<p class=\"has-white-background-color has-background\"><br>Alberto Descalzo por primera vez en 28 a\u00f1os ocupa un rol distinto, en el que acompa\u00f1a en base a su experiencia, al intendente de Ituzaing\u00f3 Pablo Descalzo, \u201ctratamos de asesorar y acompa\u00f1ar en las distintas cosas que necesita Pablo y el pueblo de Ituzaing\u00f3\u201d.<br><br>Consultado sobre este contexto pol\u00edtico y econ\u00f3mico analiz\u00f3: \u201cEs un dif\u00edcil momento, hay una crisis grande que se manifest\u00f3 en un corto plazo, y se hace dif\u00edcil afrontar el aumento de todos los servicios\u201d, en una situaci\u00f3n en que el desempleo no para de subir.<br><br><strong>Ratific\u00f3 que el municipio de Ituzaing\u00f3, realiz\u00f3 una presentaci\u00f3n ante la justicia respecto a la excesiva suma en la facturaci\u00f3n en los servicios p\u00fablicos municipales, y alert\u00f3 que \u201cEdenor envi\u00f3 facturas por 200 millones de pesos por mes, es una locura\u201d.<br><\/strong><br>Y explic\u00f3 que este tipo de aumentos pone en peligro los compromisos que tiene el municipio: \u201cCuando uno hace un presupuesto, lo hace en funci\u00f3n de los valores normales (de gastos) y al subir cinco veces m\u00e1s los precios, desequilibra todo el balance\u201d.<br><br><strong>Por otra parte, cuestion\u00f3 los modos del presidente Javier Milei, que en pocos meses logr\u00f3 con su discurso belicoso \u201cconfrontar con pa\u00edses hermanos\u201d, aliados hist\u00f3ricamente a la argentina.<\/strong><\/p>\n\n\n\n<p class=\"has-light-green-cyan-background-color has-background\">Consultado sobre la expresi\u00f3n de paciencia y esperanza que a\u00fan sostiene a un sector de los votantes de Milei, a pesar del feroz ajuste, analiz\u00f3: \u201cLa gente tiene necesidad de tener esperanza. Nosotros desde Ituzaing\u00f3 seguimos trabajando para mantener la universidad, solucionar la situaci\u00f3n de las escuelas, vendr\u00e1 el ministro de Educaci\u00f3n de la provincia y recorrer\u00e1 con Pablo (Descalzo) distintas escuelas, y estamos trabajando por el hospital, para mejorar la salud p\u00fablica, atender al que perdi\u00f3 la obra social porque se qued\u00f3 sin trabajo o porque ya no puede pagar\u201d.<\/p>\n\n\n\n<p class=\"has-white-background-color has-background\">En esta l\u00ednea afirm\u00f3: \u201cCreemos en la educaci\u00f3n y la salud p\u00fablica y que todos tienen derecho a estos servicios y en este sentido nosotros tenemos toda nuestra direcci\u00f3n y estamos acompa\u00f1ando al gobernador y el gobernador nos est\u00e1 acompa\u00f1ando\u201d.<br><br><strong><em>Con respecto a la conformaci\u00f3n del Instituto de Formaci\u00f3n Tres Banderas que fue presentado la semana pasada en Ituzaing\u00f3, y que acompa\u00f1\u00f3 la vicegobernadora de la provincia de Buenos Aires, Ver\u00f3nica Magario, detall\u00f3: \u201cEl instituto tiene como objetivo unir los distintos pensamientos pol\u00edticos, no solo de argentina sino del mundo, m\u00e1s all\u00e1 de los colores pol\u00edticos. Por supuesto, se\u00f1alamos cu\u00e1l es la doctrina e ideolog\u00eda justicialista, pero tambi\u00e9n pensamos que participaran desde el radicalismo, el socialismo, los conservadores y el liberalismo para explicar qu\u00e9 es cada uno, para que podamos hablar con conocimiento de causa\u201d.<br><\/em><\/strong><\/p>\n\n\n\n<blockquote class=\"wp-block-quote has-small-font-size\">\n<p class=\"has-white-background-color has-background has-medium-font-size\">\u201cEstoy convencido que esta divisi\u00f3n entre los y las argentinas es de arriba hacia abajo y podemos hablar de los distintos pensamientos pol\u00edticos y esto no tiene por qu\u00e9 dividirnos\u201d, marc\u00f3.<\/p>\n<\/blockquote>\n\n\n\n<p>Por lo que ejemplific\u00f3 que en Ituzaing\u00f3 se atraves\u00f3 \u201cdistintas crisis importantes (2001, 2016) y sin embargo Ituzaing\u00f3 sigui\u00f3 creciendo. Ituzaing\u00f3, sigui\u00f3 escuchando a los vecinos y vecinas sin color pol\u00edtico, porque necesitamos que Ituzaing\u00f3 siga creciendo porque si crece hay trabajo y a medida que hay trabajo, hay alternativa para prepararse y formarse. Un buen gobierno tambi\u00e9n tiene que dar trabajo, tiene que formar y adem\u00e1s dar educaci\u00f3n y salud p\u00fablica. Tenemos que trabajar para formar, para dar lo mejor a Ituzaing\u00f3, a la provincia y al pa\u00eds\u201d.<\/p>\n\n\n\n<p class=\"has-light-green-cyan-background-color has-background\">Descalzo ratific\u00f3 \u201cel camino que tom\u00f3 el gobierno nacional no lo compartimos: es individualista, no le importa el hambre, no le importa la gente. Creen que hay que bajar la inflaci\u00f3n a costa de los salarios, de la educaci\u00f3n, las obras de salud, nosotros (el peronismo) creemos en la justicia social y en la participaci\u00f3n del pueblo y en los gobiernos\u201d.<\/p>\n\n\n\n<p>Claro que va haber cr\u00edticas a los gobiernos por eso un instituto de formaci\u00f3n nos va a permitir profundizar sobre lo que la gente espera que nosotros hagamos.<br><br>\u201cEl peronismo nunca estuvo de acuerdo en los c\u00edrculos unipersonales, tenemos que empezar a construir todos unidos, no pensando en individualidades\u201d.<br><br>Y reconoci\u00f3 que durante la gesti\u00f3n de Alberto Fern\u00e1ndez el peronismo cometi\u00f3 \u201cerrores, con Alberto Fern\u00e1ndez tuvimos la desgracia de dedicarnos m\u00e1s a la interna que a lo que hab\u00edamos prometido en la campa\u00f1a electoral y no hicimos lo que el pueblo esperaba y lo que nosotros nos comprometimos. En vez de ayudarnos entre nosotros, estamos en una interna que cans\u00f3 a la gente\u201d.<br><br>Reflexion\u00f3 que Sergio Massa fue un buen candidato, pero no alcanz\u00f3, con el diario del lunes vemos que perdi\u00f3 en muchas provincias, y entonces pensamos: Amigo, alguno (gobernador) se hizo el zonzo\u201d.<br>\u201cHay que volver a la fuente, la unidad es una de las respuestas, la otra cosa es mirar al bien com\u00fan, y mirar que es un mundo que se derechizo y no encontramos con pocas empresas que tienen mucho poder\u201d, prosigui\u00f3.<br><br>Y finaliz\u00f3 al marcar que actualmente \u201cla forma de gobernar hace que haya muy poca gente que tenga todo. Creo que hay que tener nuevas leyes, hay que tener una nueva constituci\u00f3n, porque las empresas del mundo tienen m\u00e1s poder que un gobierno. Hay pa\u00edses en que son m\u00e1s importantes las empresas que los gobiernos y ese poder de las empresas multinacionales condiciona las decisiones de los gobiernos\u201d.<\/p>\n","protected":false},"excerpt":{"rendered":"<p>El exintendente de Ituzaing&oacute;, Alberto Descalzo cuestion&oacute; el ajuste que est&aacute; realizando el gobierno nacional y que perjudica principalmente a la clase trabajadora. Adelant&oacute; que en Ituzaing&oacute; se present&oacute; el Instituto de formaci&oacute;n con el objetivo de unir los distintos pensamientos pol&iacute;ticos, no solo de argentina sino del mundo, m&aacute;s all&aacute; de los colores pol&iacute;ticos. &hellip; <\/p>\n","protected":false},"author":5,"featured_media":9436,"comment_status":"closed","ping_status":"closed","sticky":false,"template":"","format":"standard","meta":{"om_disable_all_campaigns":false,"_joinchat":[]},"categories":[31,8],"tags":[65,46,51,43],"featured_image_urls":{"full":["https:\/\/infotep.com.ar\/wp-content\/uploads\/2023\/11\/alberto-descalzo.jpg",853,568,false],"thumbnail":["https:\/\/infotep.com.ar\/wp-content\/uploads\/2023\/11\/alberto-descalzo-150x150.jpg",150,150,true],"medium":["https:\/\/infotep.com.ar\/wp-content\/uploads\/2023\/11\/alberto-descalzo-300x200.jpg",300,200,true],"medium_large":["https:\/\/infotep.com.ar\/wp-content\/uploads\/2023\/11\/alberto-descalzo-768x511.jpg",768,511,true],"large":["https:\/\/infotep.com.ar\/wp-content\/uploads\/2023\/11\/alberto-descalzo.jpg",853,568,false],"1536x1536":["https:\/\/infotep.com.ar\/wp-content\/uploads\/2023\/11\/alberto-descalzo.jpg",853,568,false],"2048x2048":["https:\/\/infotep.com.ar\/wp-content\/uploads\/2023\/11\/alberto-descalzo.jpg",853,568,false],"blossom-feminine-slider":["https:\/\/infotep.com.ar\/wp-content\/uploads\/2023\/11\/alberto-descalzo.jpg",853,568,false],"blossom-feminine-featured":["https:\/\/infotep.com.ar\/wp-content\/uploads\/2023\/11\/alberto-descalzo.jpg",853,568,false],"blossom-feminine-with-sidebar":["https:\/\/infotep.com.ar\/wp-content\/uploads\/2023\/11\/alberto-descalzo.jpg",853,568,false],"blossom-feminine-blog":["https:\/\/infotep.com.ar\/wp-content\/uploads\/2023\/11\/alberto-descalzo-435x435.jpg",435,435,true],"blossom-feminine-cat":["https:\/\/infotep.com.ar\/wp-content\/uploads\/2023\/11\/alberto-descalzo-450x300.jpg",450,300,true],"blossom-feminine-related":["https:\/\/infotep.com.ar\/wp-content\/uploads\/2023\/11\/alberto-descalzo-320x200.jpg",320,200,true],"blossom-feminine-schema":["https:\/\/infotep.com.ar\/wp-content\/uploads\/2023\/11\/alberto-descalzo-90x60.jpg",90,60,true],"blossom-mommy-blog-slider-big":["https:\/\/infotep.com.ar\/wp-content\/uploads\/2023\/11\/alberto-descalzo.jpg",853,568,false],"blossom-mommy-blog-slider":["https:\/\/infotep.com.ar\/wp-content\/uploads\/2023\/11\/alberto-descalzo-460x310.jpg",460,310,true],"blossom-mommy-blog-two":["https:\/\/infotep.com.ar\/wp-content\/uploads\/2023\/11\/alberto-descalzo-768x480.jpg",768,480,true]},"author_info":{"info":["Angela Tobar"]},"category_info":"<a href=\"https:\/\/infotep.com.ar\/index.php\/category\/destacadas\/\" rel=\"category tag\">Destacadas<\/a> <a href=\"https:\/\/infotep.com.ar\/index.php\/category\/municipales\/ituzaingo\/\" rel=\"category tag\">Ituzaing\u00f3<\/a>","tag_info":"Ituzaing\u00f3","comment_count":"0","_links":{"self":[{"href":"https:\/\/infotep.com.ar\/index.php\/wp-json\/wp\/v2\/posts\/13774"}],"collection":[{"href":"https:\/\/infotep.com.ar\/index.php\/wp-json\/wp\/v2\/posts"}],"about":[{"href":"https:\/\/infotep.com.ar\/index.php\/wp-json\/wp\/v2\/types\/post"}],"author":[{"embeddable":true,"href":"https:\/\/infotep.com.ar\/index.php\/wp-json\/wp\/v2\/users\/5"}],"replies":[{"embeddable":true,"href":"https:\/\/infotep.com.ar\/index.php\/wp-json\/wp\/v2\/comments?post=13774"}],"version-history":[{"count":3,"href":"https:\/\/infotep.com.ar\/index.php\/wp-json\/wp\/v2\/posts\/13774\/revisions"}],"predecessor-version":[{"id":13777,"href":"https:\/\/infotep.com.ar\/index.php\/wp-json\/wp\/v2\/posts\/13774\/revisions\/13777"}],"wp:featuredmedia":[{"embeddable":true,"href":"https:\/\/infotep.com.ar\/index.php\/wp-json\/wp\/v2\/media\/9436"}],"wp:attachment":[{"href":"https:\/\/infotep.com.ar\/index.php\/wp-json\/wp\/v2\/media?parent=13774"}],"wp:term":[{"taxonomy":"category","embeddable":true,"href":"https:\/\/infotep.com.ar\/index.php\/wp-json\/wp\/v2\/categories?post=13774"},{"taxonomy":"post_tag","embeddable":true,"href":"https:\/\/infotep.com.ar\/index.php\/wp-json\/wp\/v2\/tags?post=13774"}],"curies":[{"name":"wp","href":"https:\/\/api.w.org\/{rel}","templated":true}]}}