{"id":13819,"date":"2024-06-02T16:15:26","date_gmt":"2024-06-02T19:15:26","guid":{"rendered":"https:\/\/infotep.com.ar\/?p=13819"},"modified":"2024-06-02T16:15:28","modified_gmt":"2024-06-02T19:15:28","slug":"gremios-universitarios-lanzaron-un-paro-nacional-de-48-horas","status":"publish","type":"post","link":"https:\/\/infotep.com.ar\/index.php\/2024\/06\/02\/gremios-universitarios-lanzaron-un-paro-nacional-de-48-horas\/","title":{"rendered":"Gremios universitarios lanzaron un paro nacional de 48 horas"},"content":{"rendered":"\n<p>El Gobierno sigue sin dar respuestas al reclamo de mejoras salariales. Seg\u00fan los sindicatos, los trabajadores docentes y nodocentes perdieron un 42% de poder adquisitivo desde diciembre.<br><br>Los gremios docentes y nodocentes de universidades nacionales convocaron a un nuevo paro nacional, esta vez por 48 horas, ante la falta de respuestas del Gobierno nacional al reclamo de recomposici\u00f3n salarial.<\/p>\n\n\n\n<p>Los referentes sindicales se reunieron este martes con la ministra de Capital Humano, Sandra Petovello, y el Subsecretario de Pol\u00edticas Universitarias, Alejandro \u00c1lvarez, en la reanudaci\u00f3n de la negociaci\u00f3n paritarias tras el cuarto intermedio decretado la semana pasada.<\/p>\n\n\n\n<p>Pettovello reconoci\u00f3 el atraso salarial de los trabajadores del sector y la falta de env\u00edo de fondos para capacitaci\u00f3n y formaci\u00f3n, aunque volvi\u00f3 a dilitar la soluci\u00f3n a la espera de una reuni\u00f3n con el ministro de Econom\u00eda, Luis Caputo, quien arbitra la posibilida de aumentos salariales en el Estado.<\/p>\n\n\n\n<p>En ese marco, la ministra se comprometi\u00f3 a dar respuestas el pr\u00f3ximo jueves tras reuni\u00f3n con Caputo. \u00abEl gobierno no realiz\u00f3 ninguna propuesta concreta, y de este modo, lejos de resolver el conflicto, lo agudiza\u00bb, se\u00f1al\u00f3 el Frente Sindical de Universidades Nacionales (FSUN).<\/p>\n\n\n\n<p><strong>Los sindicatos reclamaron una recuperaci\u00f3n de los puntos salariales perdidos y anunciaron un paro nacional universitario de 48 horas para el pr\u00f3ximo martes 4 y mi\u00e9rcoles 5 de junio. Denuncian una p\u00e9rdida de poder adquisitivo del 42% desde diciembre.<\/strong><\/p>\n\n\n\n<p>La nueva medida fue convocada por los gremios integrantes del Frente, como CONADU H, CONADU, FEDUN, CTERA, FAGDUT, FATUN y UDA.<\/p>\n\n\n\n<p>El anuncio llega tras el acuerdo de los rectores universitarios por la actualizaci\u00f3n del 270% en los gastos de funcionamiento. Ese acuerdo, sin embargo, no inclu\u00eda mejoras en el salario de los profesores.<\/p>\n\n\n\n<p>Los universitarios ya pararon el pasado 23 de mayo junto al resto de los gremios docentes de todo el sistema educaci\u00f3n nacional, y motorizaron adem\u00e1s la hist\u00f3rica marcha del 23 de abril.<\/p>\n","protected":false},"excerpt":{"rendered":"<p>El Gobierno sigue sin dar respuestas al reclamo de mejoras salariales. Seg&uacute;n los sindicatos, los trabajadores docentes y nodocentes perdieron un 42% de poder adquisitivo desde diciembre. Los gremios docentes y nodocentes de universidades nacionales convocaron a un nuevo paro nacional, esta vez por 48 horas, ante la falta de respuestas del Gobierno nacional al &hellip; <\/p>\n","protected":false},"author":5,"featured_media":8200,"comment_status":"closed","ping_status":"closed","sticky":false,"template":"","format":"standard","meta":{"om_disable_all_campaigns":false,"_joinchat":[]},"categories":[7,6],"tags":[46,43],"featured_image_urls":{"full":["https:\/\/infotep.com.ar\/wp-content\/uploads\/2023\/10\/universidaades.jpg",780,565,false],"thumbnail":["https:\/\/infotep.com.ar\/wp-content\/uploads\/2023\/10\/universidaades-150x150.jpg",150,150,true],"medium":["https:\/\/infotep.com.ar\/wp-content\/uploads\/2023\/10\/universidaades-300x217.jpg",300,217,true],"medium_large":["https:\/\/infotep.com.ar\/wp-content\/uploads\/2023\/10\/universidaades-768x556.jpg",768,556,true],"large":["https:\/\/infotep.com.ar\/wp-content\/uploads\/2023\/10\/universidaades.jpg",780,565,false],"1536x1536":["https:\/\/infotep.com.ar\/wp-content\/uploads\/2023\/10\/universidaades.jpg",780,565,false],"2048x2048":["https:\/\/infotep.com.ar\/wp-content\/uploads\/2023\/10\/universidaades.jpg",780,565,false],"blossom-feminine-slider":["https:\/\/infotep.com.ar\/wp-content\/uploads\/2023\/10\/universidaades.jpg",780,565,false],"blossom-feminine-featured":["https:\/\/infotep.com.ar\/wp-content\/uploads\/2023\/10\/universidaades.jpg",780,565,false],"blossom-feminine-with-sidebar":["https:\/\/infotep.com.ar\/wp-content\/uploads\/2023\/10\/universidaades.jpg",780,565,false],"blossom-feminine-blog":["https:\/\/infotep.com.ar\/wp-content\/uploads\/2023\/10\/universidaades-435x435.jpg",435,435,true],"blossom-feminine-cat":["https:\/\/infotep.com.ar\/wp-content\/uploads\/2023\/10\/universidaades-450x300.jpg",450,300,true],"blossom-feminine-related":["https:\/\/infotep.com.ar\/wp-content\/uploads\/2023\/10\/universidaades-320x200.jpg",320,200,true],"blossom-feminine-schema":["https:\/\/infotep.com.ar\/wp-content\/uploads\/2023\/10\/universidaades-83x60.jpg",83,60,true],"blossom-mommy-blog-slider-big":["https:\/\/infotep.com.ar\/wp-content\/uploads\/2023\/10\/universidaades.jpg",780,565,false],"blossom-mommy-blog-slider":["https:\/\/infotep.com.ar\/wp-content\/uploads\/2023\/10\/universidaades-460x310.jpg",460,310,true],"blossom-mommy-blog-two":["https:\/\/infotep.com.ar\/wp-content\/uploads\/2023\/10\/universidaades-768x480.jpg",768,480,true]},"author_info":{"info":["Angela Tobar"]},"category_info":"<a href=\"https:\/\/infotep.com.ar\/index.php\/category\/gremios\/\" rel=\"category tag\">Gremios<\/a> <a href=\"https:\/\/infotep.com.ar\/index.php\/category\/universitarias\/\" rel=\"category tag\">Universitarias<\/a>","tag_info":"Universitarias","comment_count":"0","_links":{"self":[{"href":"https:\/\/infotep.com.ar\/index.php\/wp-json\/wp\/v2\/posts\/13819"}],"collection":[{"href":"https:\/\/infotep.com.ar\/index.php\/wp-json\/wp\/v2\/posts"}],"about":[{"href":"https:\/\/infotep.com.ar\/index.php\/wp-json\/wp\/v2\/types\/post"}],"author":[{"embeddable":true,"href":"https:\/\/infotep.com.ar\/index.php\/wp-json\/wp\/v2\/users\/5"}],"replies":[{"embeddable":true,"href":"https:\/\/infotep.com.ar\/index.php\/wp-json\/wp\/v2\/comments?post=13819"}],"version-history":[{"count":1,"href":"https:\/\/infotep.com.ar\/index.php\/wp-json\/wp\/v2\/posts\/13819\/revisions"}],"predecessor-version":[{"id":13820,"href":"https:\/\/infotep.com.ar\/index.php\/wp-json\/wp\/v2\/posts\/13819\/revisions\/13820"}],"wp:featuredmedia":[{"embeddable":true,"href":"https:\/\/infotep.com.ar\/index.php\/wp-json\/wp\/v2\/media\/8200"}],"wp:attachment":[{"href":"https:\/\/infotep.com.ar\/index.php\/wp-json\/wp\/v2\/media?parent=13819"}],"wp:term":[{"taxonomy":"category","embeddable":true,"href":"https:\/\/infotep.com.ar\/index.php\/wp-json\/wp\/v2\/categories?post=13819"},{"taxonomy":"post_tag","embeddable":true,"href":"https:\/\/infotep.com.ar\/index.php\/wp-json\/wp\/v2\/tags?post=13819"}],"curies":[{"name":"wp","href":"https:\/\/api.w.org\/{rel}","templated":true}]}}