{"id":13823,"date":"2024-06-03T18:39:14","date_gmt":"2024-06-03T21:39:14","guid":{"rendered":"https:\/\/infotep.com.ar\/?p=13823"},"modified":"2024-06-03T19:03:27","modified_gmt":"2024-06-03T22:03:27","slug":"la-fraternidad-confirmo-el-paro-de-trenes-para-este-martes-4-de-junio","status":"publish","type":"post","link":"https:\/\/infotep.com.ar\/index.php\/2024\/06\/03\/la-fraternidad-confirmo-el-paro-de-trenes-para-este-martes-4-de-junio\/","title":{"rendered":"La Fraternidad confirm\u00f3 el paro de trenes para este martes 4 de junio"},"content":{"rendered":"\n<p>El pasado jueves, durante la jornada en la que las formaciones redujeron su velocidad a 30 kil\u00f3metros por hora, el gremio hab\u00eda advertido sobre el paro por 24 horas para este martes.<br><br>El gremio La Fraternidad confirm\u00f3 el paro de trenes para este martes 4 de junio y de esta manera no habr\u00e1 servicio durante 24 horas en reclamo de un aumento salarial que permita \u201cempatar la inflaci\u00f3n\u201d.<\/p>\n\n\n\n<p>Fue el pasado jueves, durante la jornada en la que las formaciones redujeron su velocidad a 30 kil\u00f3metros por hora, cuando el gremio hab\u00eda advertido de que si no hab\u00eda resoluciones efectivas por parte del Gobierno Nacional este martes 4 de junio habr\u00eda paro por 24 horas, algo que efectivamente se llevar\u00e1 a cabo.<\/p>\n\n\n\n<p>Por el momento desde La Fraternidad indicaron que este lunes al mediod\u00eda habr\u00e1 una reuni\u00f3n para \u201cterminar de definir la medida de fuerza\u201d.<\/p>\n\n\n\n<p>\u201cEl pr\u00f3ximo martes vamos a hacer un paro total de 24 horas\u201d, hab\u00eda manifestado la semana pasada el titular del Sindicato de La Fraternidad, Omar Maturano.<\/p>\n\n\n\n<p>All\u00ed el sindicalista manifest\u00f3 que \u201cno queremos aumentos de salarios, queremos empatar a la inflaci\u00f3n, como la ven\u00edamos empatando con el gobierno anterior\u201d.<\/p>\n\n\n\n<p>Aquella advertencia, que se har\u00e1 efectiva a las 00 de este martes, ocurri\u00f3 mientras se desarrollaba una curiosa medida de fuerza.<\/p>\n\n\n\n<p>En esa ocasi\u00f3n, las formaciones de las l\u00edneas Roca, Belgrano Sur, San Mart\u00edn, Mitre, Sarmiento y el Tren de la Costa redujeron su velocidad a 30 kil\u00f3metros por hora.<\/p>\n\n\n\n<p><\/p>\n","protected":false},"excerpt":{"rendered":"<p>El pasado jueves, durante la jornada en la que las formaciones redujeron su velocidad a 30 kil&oacute;metros por hora, el gremio hab&iacute;a advertido sobre el paro por 24 horas para este martes. El gremio La Fraternidad confirm&oacute; el paro de trenes para este martes 4 de junio y de esta manera no habr&aacute; servicio durante &hellip; <\/p>\n","protected":false},"author":5,"featured_media":7881,"comment_status":"closed","ping_status":"closed","sticky":false,"template":"","format":"standard","meta":{"om_disable_all_campaigns":false,"_joinchat":[]},"categories":[7],"tags":[46,43],"featured_image_urls":{"full":["https:\/\/infotep.com.ar\/wp-content\/uploads\/2023\/09\/tren-sarmiento.jpg",1200,675,false],"thumbnail":["https:\/\/infotep.com.ar\/wp-content\/uploads\/2023\/09\/tren-sarmiento-150x150.jpg",150,150,true],"medium":["https:\/\/infotep.com.ar\/wp-content\/uploads\/2023\/09\/tren-sarmiento-300x169.jpg",300,169,true],"medium_large":["https:\/\/infotep.com.ar\/wp-content\/uploads\/2023\/09\/tren-sarmiento-768x432.jpg",768,432,true],"large":["https:\/\/infotep.com.ar\/wp-content\/uploads\/2023\/09\/tren-sarmiento-1024x576.jpg",1020,574,true],"1536x1536":["https:\/\/infotep.com.ar\/wp-content\/uploads\/2023\/09\/tren-sarmiento.jpg",1200,675,false],"2048x2048":["https:\/\/infotep.com.ar\/wp-content\/uploads\/2023\/09\/tren-sarmiento.jpg",1200,675,false],"blossom-feminine-slider":["https:\/\/infotep.com.ar\/wp-content\/uploads\/2023\/09\/tren-sarmiento-1200x649.jpg",1200,649,true],"blossom-feminine-featured":["https:\/\/infotep.com.ar\/wp-content\/uploads\/2023\/09\/tren-sarmiento-1200x600.jpg",1200,600,true],"blossom-feminine-with-sidebar":["https:\/\/infotep.com.ar\/wp-content\/uploads\/2023\/09\/tren-sarmiento-1020x600.jpg",1020,600,true],"blossom-feminine-blog":["https:\/\/infotep.com.ar\/wp-content\/uploads\/2023\/09\/tren-sarmiento-435x435.jpg",435,435,true],"blossom-feminine-cat":["https:\/\/infotep.com.ar\/wp-content\/uploads\/2023\/09\/tren-sarmiento-450x300.jpg",450,300,true],"blossom-feminine-related":["https:\/\/infotep.com.ar\/wp-content\/uploads\/2023\/09\/tren-sarmiento-320x200.jpg",320,200,true],"blossom-feminine-schema":["https:\/\/infotep.com.ar\/wp-content\/uploads\/2023\/09\/tren-sarmiento-107x60.jpg",107,60,true],"blossom-mommy-blog-slider-big":["https:\/\/infotep.com.ar\/wp-content\/uploads\/2023\/09\/tren-sarmiento-920x650.jpg",920,650,true],"blossom-mommy-blog-slider":["https:\/\/infotep.com.ar\/wp-content\/uploads\/2023\/09\/tren-sarmiento-460x310.jpg",460,310,true],"blossom-mommy-blog-two":["https:\/\/infotep.com.ar\/wp-content\/uploads\/2023\/09\/tren-sarmiento-768x480.jpg",768,480,true]},"author_info":{"info":["Angela Tobar"]},"category_info":"<a href=\"https:\/\/infotep.com.ar\/index.php\/category\/gremios\/\" rel=\"category tag\">Gremios<\/a>","tag_info":"Gremios","comment_count":"0","_links":{"self":[{"href":"https:\/\/infotep.com.ar\/index.php\/wp-json\/wp\/v2\/posts\/13823"}],"collection":[{"href":"https:\/\/infotep.com.ar\/index.php\/wp-json\/wp\/v2\/posts"}],"about":[{"href":"https:\/\/infotep.com.ar\/index.php\/wp-json\/wp\/v2\/types\/post"}],"author":[{"embeddable":true,"href":"https:\/\/infotep.com.ar\/index.php\/wp-json\/wp\/v2\/users\/5"}],"replies":[{"embeddable":true,"href":"https:\/\/infotep.com.ar\/index.php\/wp-json\/wp\/v2\/comments?post=13823"}],"version-history":[{"count":1,"href":"https:\/\/infotep.com.ar\/index.php\/wp-json\/wp\/v2\/posts\/13823\/revisions"}],"predecessor-version":[{"id":13824,"href":"https:\/\/infotep.com.ar\/index.php\/wp-json\/wp\/v2\/posts\/13823\/revisions\/13824"}],"wp:featuredmedia":[{"embeddable":true,"href":"https:\/\/infotep.com.ar\/index.php\/wp-json\/wp\/v2\/media\/7881"}],"wp:attachment":[{"href":"https:\/\/infotep.com.ar\/index.php\/wp-json\/wp\/v2\/media?parent=13823"}],"wp:term":[{"taxonomy":"category","embeddable":true,"href":"https:\/\/infotep.com.ar\/index.php\/wp-json\/wp\/v2\/categories?post=13823"},{"taxonomy":"post_tag","embeddable":true,"href":"https:\/\/infotep.com.ar\/index.php\/wp-json\/wp\/v2\/tags?post=13823"}],"curies":[{"name":"wp","href":"https:\/\/api.w.org\/{rel}","templated":true}]}}