{"id":13944,"date":"2024-06-07T12:41:59","date_gmt":"2024-06-07T15:41:59","guid":{"rendered":"https:\/\/infotep.com.ar\/?p=13944"},"modified":"2024-06-07T12:42:00","modified_gmt":"2024-06-07T15:42:00","slug":"echaron-al-equipo-de-victimologia-y-desde-madres-del-dolor-expresaron-su-negativa-ante-la-decision","status":"publish","type":"post","link":"https:\/\/infotep.com.ar\/index.php\/2024\/06\/07\/echaron-al-equipo-de-victimologia-y-desde-madres-del-dolor-expresaron-su-negativa-ante-la-decision\/","title":{"rendered":"Echaron al equipo de Victimolog\u00eda y desde Madres del Dolor expresaron su negativa ante la decisi\u00f3n"},"content":{"rendered":"\n<p>La medida fue tomada por el Ministerio de Justicia de la Naci\u00f3n sin previo aviso a los integrantes.<br><\/p>\n\n\n\n<p>esde Madres del Dolor expresaron su negativa ante la decisi\u00f3n del Ministerio de Justicia de la Naci\u00f3n de echar a integrantes del equipo de Victimolog\u00eda sin previo aviso: \u201cEsperamos que esta decisi\u00f3n sea revertida para que el dolor no cale mas profundo\u201d.<\/p>\n\n\n\n<p>El equipo de Victimolog\u00eda, el cual atend\u00eda en la sede de Madres del Dolor desde hace 16 a\u00f1os, conten\u00eda a la familia de las v\u00edctimas y luego ofrec\u00eda una gu\u00eda con respecto a c\u00f3mo seguir adelante con las causas.<\/p>\n\n\n\n<p>Viviam Perrone, fundadora de la ONG Madres del Dolor y mam\u00e1 de Kevin Sedano, quien muri\u00f3 tras ser atropellado en 2002, habl\u00f3 con Noticias Argentinas y explic\u00f3 la importancia del equipo: \u201cUno tiene que asistir a la asociaci\u00f3n con fotocopia de la causa, ellos leen las causas y despu\u00e9s les vdan explicaciones con respecto a cu\u00e1les son los pasos a seguir. Por un lado a veces se pueden seguir pidiendo pruebas y quiz\u00e1s las familias no se hab\u00edan dado cuenta\u201d.<\/p>\n\n\n\n<p>Acerca de la decisi\u00f3n del Ministerio de Justicia, Perrone sostuvo: \u201cEl abogado que asist\u00eda en la asociaci\u00f3n, el doctor Saviero O\u00f1atibia, no recibi\u00f3 ning\u00fan aviso previo, directamente recibi\u00f3 un telegrama avis\u00e1ndole de su despido, mientras que a Alberto Linares y Mar\u00eda Macenari, les lleg\u00f3 un telegrama en el que se expresaba que deb\u00edan mudarse\u201d.<\/p>\n\n\n\n<p>\u201cLas v\u00edctimas llegan a nuestra sede cargados de dolor por la perdida irreparable mezclada con el dolor de la injusticia y la falta de conocimiento acerca de los procesos judiciales. Quien tiene dinero, tiene acceso a estudios de abogados, por eso la mayor\u00eda de las familias que nos visitan son humildes\u201d, cont\u00f3 la fundadora de la ONG.<\/p>\n\n\n\n<p><strong>Con esta medida, desde Madres del Dolor manifiestan que \u201cahora las victimas de hechos violentos quedar\u00e1n a la deriva\u201d.<\/strong><\/p>\n\n\n\n<p>\u201cEsperamos que esta decisi\u00f3n del Ministerio sea revertida para que el dolor no cale mas profundo a\u00fan\u201d, enfatiz\u00f3 Perrone.<\/p>\n","protected":false},"excerpt":{"rendered":"<p>La medida fue tomada por el Ministerio de Justicia de la Naci&oacute;n sin previo aviso a los integrantes. esde Madres del Dolor expresaron su negativa ante la decisi&oacute;n del Ministerio de Justicia de la Naci&oacute;n de echar a integrantes del equipo de Victimolog&iacute;a sin previo aviso: &ldquo;Esperamos que esta decisi&oacute;n sea revertida para que el &hellip; <\/p>\n","protected":false},"author":5,"featured_media":13945,"comment_status":"closed","ping_status":"closed","sticky":false,"template":"","format":"standard","meta":{"om_disable_all_campaigns":false,"_joinchat":[]},"categories":[31,3],"tags":[46,43],"featured_image_urls":{"full":["https:\/\/infotep.com.ar\/wp-content\/uploads\/2024\/06\/madre-del-dolor.webp",640,359,false],"thumbnail":["https:\/\/infotep.com.ar\/wp-content\/uploads\/2024\/06\/madre-del-dolor-150x150.webp",150,150,true],"medium":["https:\/\/infotep.com.ar\/wp-content\/uploads\/2024\/06\/madre-del-dolor-300x168.webp",300,168,true],"medium_large":["https:\/\/infotep.com.ar\/wp-content\/uploads\/2024\/06\/madre-del-dolor.webp",640,359,false],"large":["https:\/\/infotep.com.ar\/wp-content\/uploads\/2024\/06\/madre-del-dolor.webp",640,359,false],"1536x1536":["https:\/\/infotep.com.ar\/wp-content\/uploads\/2024\/06\/madre-del-dolor.webp",640,359,false],"2048x2048":["https:\/\/infotep.com.ar\/wp-content\/uploads\/2024\/06\/madre-del-dolor.webp",640,359,false],"blossom-feminine-slider":["https:\/\/infotep.com.ar\/wp-content\/uploads\/2024\/06\/madre-del-dolor.webp",640,359,false],"blossom-feminine-featured":["https:\/\/infotep.com.ar\/wp-content\/uploads\/2024\/06\/madre-del-dolor.webp",640,359,false],"blossom-feminine-with-sidebar":["https:\/\/infotep.com.ar\/wp-content\/uploads\/2024\/06\/madre-del-dolor.webp",640,359,false],"blossom-feminine-blog":["https:\/\/infotep.com.ar\/wp-content\/uploads\/2024\/06\/madre-del-dolor-435x359.webp",435,359,true],"blossom-feminine-cat":["https:\/\/infotep.com.ar\/wp-content\/uploads\/2024\/06\/madre-del-dolor-450x300.webp",450,300,true],"blossom-feminine-related":["https:\/\/infotep.com.ar\/wp-content\/uploads\/2024\/06\/madre-del-dolor-320x200.webp",320,200,true],"blossom-feminine-schema":["https:\/\/infotep.com.ar\/wp-content\/uploads\/2024\/06\/madre-del-dolor-107x60.webp",107,60,true],"blossom-mommy-blog-slider-big":["https:\/\/infotep.com.ar\/wp-content\/uploads\/2024\/06\/madre-del-dolor.webp",640,359,false],"blossom-mommy-blog-slider":["https:\/\/infotep.com.ar\/wp-content\/uploads\/2024\/06\/madre-del-dolor-460x310.webp",460,310,true],"blossom-mommy-blog-two":["https:\/\/infotep.com.ar\/wp-content\/uploads\/2024\/06\/madre-del-dolor.webp",640,359,false]},"author_info":{"info":["Angela Tobar"]},"category_info":"<a href=\"https:\/\/infotep.com.ar\/index.php\/category\/destacadas\/\" rel=\"category tag\">Destacadas<\/a> <a href=\"https:\/\/infotep.com.ar\/index.php\/category\/nacionales\/\" rel=\"category tag\">Nacionales<\/a>","tag_info":"Nacionales","comment_count":"0","_links":{"self":[{"href":"https:\/\/infotep.com.ar\/index.php\/wp-json\/wp\/v2\/posts\/13944"}],"collection":[{"href":"https:\/\/infotep.com.ar\/index.php\/wp-json\/wp\/v2\/posts"}],"about":[{"href":"https:\/\/infotep.com.ar\/index.php\/wp-json\/wp\/v2\/types\/post"}],"author":[{"embeddable":true,"href":"https:\/\/infotep.com.ar\/index.php\/wp-json\/wp\/v2\/users\/5"}],"replies":[{"embeddable":true,"href":"https:\/\/infotep.com.ar\/index.php\/wp-json\/wp\/v2\/comments?post=13944"}],"version-history":[{"count":1,"href":"https:\/\/infotep.com.ar\/index.php\/wp-json\/wp\/v2\/posts\/13944\/revisions"}],"predecessor-version":[{"id":13946,"href":"https:\/\/infotep.com.ar\/index.php\/wp-json\/wp\/v2\/posts\/13944\/revisions\/13946"}],"wp:featuredmedia":[{"embeddable":true,"href":"https:\/\/infotep.com.ar\/index.php\/wp-json\/wp\/v2\/media\/13945"}],"wp:attachment":[{"href":"https:\/\/infotep.com.ar\/index.php\/wp-json\/wp\/v2\/media?parent=13944"}],"wp:term":[{"taxonomy":"category","embeddable":true,"href":"https:\/\/infotep.com.ar\/index.php\/wp-json\/wp\/v2\/categories?post=13944"},{"taxonomy":"post_tag","embeddable":true,"href":"https:\/\/infotep.com.ar\/index.php\/wp-json\/wp\/v2\/tags?post=13944"}],"curies":[{"name":"wp","href":"https:\/\/api.w.org\/{rel}","templated":true}]}}