{"id":13947,"date":"2024-06-07T12:46:41","date_gmt":"2024-06-07T15:46:41","guid":{"rendered":"https:\/\/infotep.com.ar\/?p=13947"},"modified":"2024-06-07T12:46:42","modified_gmt":"2024-06-07T15:46:42","slug":"ni-comedores-ni-merenderos-el-gobierno-confirmo-a-donde-entregara-los-alimentos","status":"publish","type":"post","link":"https:\/\/infotep.com.ar\/index.php\/2024\/06\/07\/ni-comedores-ni-merenderos-el-gobierno-confirmo-a-donde-entregara-los-alimentos\/","title":{"rendered":"Ni comedores ni merenderos: el Gobierno confirm\u00f3 a d\u00f3nde entregar\u00e1 los alimentos"},"content":{"rendered":"\n<p>En medio del esc\u00e1ndalo y las acusaciones, Capital Humano le comunic\u00f3 la decisi\u00f3n al juez Casanello.<br><br>El Ministerio de Capital Humano le inform\u00f3 al juez Sebasti\u00e1n Casanello que distribuir\u00e1 los alimentos almacenados en dos dep\u00f3sitos en Buenos Aires y Tucum\u00e1n entre escuelas con alumnos vulnerables y no a los comedores populares y merenderos.<\/p>\n\n\n\n<p>As\u00ed se desprende de una notificaci\u00f3n enviada en las \u00faltimas horas del jueves al magistrado, en cumplimiento \u2013con algunas horas de retardo- del plazo que le hab\u00eda dado la C\u00e1mara Federal para que elaborara un plan de distribuci\u00f3n de la comida.<\/p>\n\n\n\n<p>El documento y sus planillas adjuntas con el inventario de los alimentos no precisa cu\u00e1les ser\u00e1n las escuelas que recibir\u00e1n la comida.<\/p>\n\n\n\n<p>\u201cSe comunicar\u00e1 a la brevedad acerca de las escuelas receptoras como as\u00ed tambi\u00e9n las cantidades de productos y fechas exactas de entrega de los alimentos\u201d, sostiene la comunicaci\u00f3n, firmada por Yamila Nano Lembo, designada al frente de la Secretar\u00eda de Ni\u00f1ez, Adolescencia y Familia en reemplazo del despedido Pablo De la Torre.<\/p>\n\n\n\n<p>El gobierno inform\u00f3 que los alimentos ser\u00e1n repartidos entre \u201cescuelas vulnerables\u201d, lo que excluye a los comedores y merenderos que dependen de organizaciones sociales y eclesi\u00e1sticas.<\/p>\n\n\n\n<p>\u201cLos alimentos restantes existentes en los dep\u00f3sitos van a ser distribuidos a las escuelas vulnerables de todo el pa\u00eds. Se considera escuelas vulnerables aquellas que presentan estudiantes con altos niveles de riesgo infantil y bajos \u00edndices de desempe\u00f1o educativo y socioecon\u00f3mico\u201d, expresa la comunicaci\u00f3n.<\/p>\n\n\n\n<p>El gobierno se arrog\u00f3 la determinaci\u00f3n de la vulnerabilidad de las escuelas sobre la base de estad\u00edsticas del \u00cdndice de Contexto Social de la Educaci\u00f3n, \u00cdndice de Riesgo Infantil y los resultados de las Pruebas Aprender de 2023.<\/p>\n\n\n\n<p>Asimismo, la nota blanque\u00f3 una operatoria que el gobierno ya comenz\u00f3 a ejecutar: el reparto del cargamento de leche en polvo, a trav\u00e9s de la Fundaci\u00f3n CONIN, del controvertido pediatra Abel Albino.<\/p>\n","protected":false},"excerpt":{"rendered":"<p>En medio del esc&aacute;ndalo y las acusaciones, Capital Humano le comunic&oacute; la decisi&oacute;n al juez Casanello. El Ministerio de Capital Humano le inform&oacute; al juez Sebasti&aacute;n Casanello que distribuir&aacute; los alimentos almacenados en dos dep&oacute;sitos en Buenos Aires y Tucum&aacute;n entre escuelas con alumnos vulnerables y no a los comedores populares y merenderos. As&iacute; se &hellip; <\/p>\n","protected":false},"author":5,"featured_media":13948,"comment_status":"closed","ping_status":"closed","sticky":false,"template":"","format":"standard","meta":{"om_disable_all_campaigns":false,"_joinchat":[]},"categories":[31,3],"tags":[46,43],"featured_image_urls":{"full":["https:\/\/infotep.com.ar\/wp-content\/uploads\/2024\/06\/alimento.webp",1201,720,false],"thumbnail":["https:\/\/infotep.com.ar\/wp-content\/uploads\/2024\/06\/alimento-150x150.webp",150,150,true],"medium":["https:\/\/infotep.com.ar\/wp-content\/uploads\/2024\/06\/alimento-300x180.webp",300,180,true],"medium_large":["https:\/\/infotep.com.ar\/wp-content\/uploads\/2024\/06\/alimento-768x460.webp",768,460,true],"large":["https:\/\/infotep.com.ar\/wp-content\/uploads\/2024\/06\/alimento-1024x614.webp",1020,612,true],"1536x1536":["https:\/\/infotep.com.ar\/wp-content\/uploads\/2024\/06\/alimento.webp",1201,720,false],"2048x2048":["https:\/\/infotep.com.ar\/wp-content\/uploads\/2024\/06\/alimento.webp",1201,720,false],"blossom-feminine-slider":["https:\/\/infotep.com.ar\/wp-content\/uploads\/2024\/06\/alimento-1201x649.webp",1201,649,true],"blossom-feminine-featured":["https:\/\/infotep.com.ar\/wp-content\/uploads\/2024\/06\/alimento-1201x600.webp",1201,600,true],"blossom-feminine-with-sidebar":["https:\/\/infotep.com.ar\/wp-content\/uploads\/2024\/06\/alimento-1020x600.webp",1020,600,true],"blossom-feminine-blog":["https:\/\/infotep.com.ar\/wp-content\/uploads\/2024\/06\/alimento-435x435.webp",435,435,true],"blossom-feminine-cat":["https:\/\/infotep.com.ar\/wp-content\/uploads\/2024\/06\/alimento-450x300.webp",450,300,true],"blossom-feminine-related":["https:\/\/infotep.com.ar\/wp-content\/uploads\/2024\/06\/alimento-320x200.webp",320,200,true],"blossom-feminine-schema":["https:\/\/infotep.com.ar\/wp-content\/uploads\/2024\/06\/alimento-100x60.webp",100,60,true],"blossom-mommy-blog-slider-big":["https:\/\/infotep.com.ar\/wp-content\/uploads\/2024\/06\/alimento-920x650.webp",920,650,true],"blossom-mommy-blog-slider":["https:\/\/infotep.com.ar\/wp-content\/uploads\/2024\/06\/alimento-460x310.webp",460,310,true],"blossom-mommy-blog-two":["https:\/\/infotep.com.ar\/wp-content\/uploads\/2024\/06\/alimento-768x480.webp",768,480,true]},"author_info":{"info":["Angela Tobar"]},"category_info":"<a href=\"https:\/\/infotep.com.ar\/index.php\/category\/destacadas\/\" rel=\"category tag\">Destacadas<\/a> <a href=\"https:\/\/infotep.com.ar\/index.php\/category\/nacionales\/\" rel=\"category tag\">Nacionales<\/a>","tag_info":"Nacionales","comment_count":"0","_links":{"self":[{"href":"https:\/\/infotep.com.ar\/index.php\/wp-json\/wp\/v2\/posts\/13947"}],"collection":[{"href":"https:\/\/infotep.com.ar\/index.php\/wp-json\/wp\/v2\/posts"}],"about":[{"href":"https:\/\/infotep.com.ar\/index.php\/wp-json\/wp\/v2\/types\/post"}],"author":[{"embeddable":true,"href":"https:\/\/infotep.com.ar\/index.php\/wp-json\/wp\/v2\/users\/5"}],"replies":[{"embeddable":true,"href":"https:\/\/infotep.com.ar\/index.php\/wp-json\/wp\/v2\/comments?post=13947"}],"version-history":[{"count":1,"href":"https:\/\/infotep.com.ar\/index.php\/wp-json\/wp\/v2\/posts\/13947\/revisions"}],"predecessor-version":[{"id":13949,"href":"https:\/\/infotep.com.ar\/index.php\/wp-json\/wp\/v2\/posts\/13947\/revisions\/13949"}],"wp:featuredmedia":[{"embeddable":true,"href":"https:\/\/infotep.com.ar\/index.php\/wp-json\/wp\/v2\/media\/13948"}],"wp:attachment":[{"href":"https:\/\/infotep.com.ar\/index.php\/wp-json\/wp\/v2\/media?parent=13947"}],"wp:term":[{"taxonomy":"category","embeddable":true,"href":"https:\/\/infotep.com.ar\/index.php\/wp-json\/wp\/v2\/categories?post=13947"},{"taxonomy":"post_tag","embeddable":true,"href":"https:\/\/infotep.com.ar\/index.php\/wp-json\/wp\/v2\/tags?post=13947"}],"curies":[{"name":"wp","href":"https:\/\/api.w.org\/{rel}","templated":true}]}}