{"id":13950,"date":"2024-06-07T12:50:25","date_gmt":"2024-06-07T15:50:25","guid":{"rendered":"https:\/\/infotep.com.ar\/?p=13950"},"modified":"2024-06-07T12:50:26","modified_gmt":"2024-06-07T15:50:26","slug":"estela-diaz-es-sumamente-grave-el-cierre-de-las-politicas-publicas-contra-la-violencia-de-genero","status":"publish","type":"post","link":"https:\/\/infotep.com.ar\/index.php\/2024\/06\/07\/estela-diaz-es-sumamente-grave-el-cierre-de-las-politicas-publicas-contra-la-violencia-de-genero\/","title":{"rendered":"Estela D\u00edaz: \u201cEs sumamente grave el cierre de las pol\u00edticas p\u00fablicas contra la violencia de g\u00e9nero\u201d"},"content":{"rendered":"\n<p>La ministra de Mujeres y Diversidad bonaerense lament\u00f3 la decisi\u00f3n del Gobierno nacional de cerrar la Subsecretar\u00eda de Protecci\u00f3n contra la Violencia de G\u00e9nero.<br><br>La ministra de Mujeres y Diversidad bonaerense, Estela D\u00edaz, lament\u00f3 la decisi\u00f3n del Gobierno de terminar de eliminar lo que quedaba del ex-Ministerio de Mujeres, G\u00e9nero y Diversidad y afirm\u00f3 que &#8220;es sumamente grave el cierre de las pol\u00edticas p\u00fablicas contra la violencia de g\u00e9nero&#8221;.<\/p>\n\n\n\n<p>&#8220;Me parece grav\u00edsimo, un punto m\u00e1s en el desguace y destrucci\u00f3n del Estado en responsabilidades y obligaciones fundamentales para con los ciudadanos&#8221;, sostuvo la funcionaria provincial.<\/p>\n\n\n\n<p>En declaraciones radiales, la referente feminista destac\u00f3 que la cartera que conduce es &#8220;el \u00fanico Ministerio de Mujeres del pa\u00eds&#8221;.<\/p>\n\n\n\n<p>Frente a la decisi\u00f3n del Gobierno de eliminar los \u00faltimos indicios de pol\u00edticas p\u00fablicas de g\u00e9nero, la integrante del Gabinete del gobernador Axel Kicillof expres\u00f3 que tiene &#8220;una incertidumbre gigantesca con lo que va a pasar con la l\u00ednea 144&#8221;, de atenci\u00f3n a las v\u00edctimas de violencia de g\u00e9nero.<\/p>\n\n\n\n<p>E insisti\u00f3: &#8220;Es sumamente grave el cierre de las pol\u00edticas p\u00fablicas contra la violencia de g\u00e9nero&#8221;.<\/p>\n\n\n\n<p>&#8220;El Gobierno tiene la obligaci\u00f3n de garantizar la protecci\u00f3n y el cuidado de la vida de las mujeres y diversidades y est\u00e1 incumpliendo sus deberes. Desde diciembre est\u00e1n discontinuadas la mayor\u00eda de las pol\u00edticas p\u00fablicas&#8221;, se quej\u00f3.<\/p>\n\n\n\n<p>Y concluy\u00f3: &#8220;Por un sesgo ideol\u00f3gico antifeminista, antiderechos, profundamente conservador eliminan la responsabilidad pol\u00edtica de gesti\u00f3n. \u00c9sto es sumamente grave&#8221;.<\/p>\n","protected":false},"excerpt":{"rendered":"<p>La ministra de Mujeres y Diversidad bonaerense lament&oacute; la decisi&oacute;n del Gobierno nacional de cerrar la Subsecretar&iacute;a de Protecci&oacute;n contra la Violencia de G&eacute;nero. La ministra de Mujeres y Diversidad bonaerense, Estela D&iacute;az, lament&oacute; la decisi&oacute;n del Gobierno de terminar de eliminar lo que quedaba del ex-Ministerio de Mujeres, G&eacute;nero y Diversidad y afirm&oacute; que &hellip; <\/p>\n","protected":false},"author":5,"featured_media":13951,"comment_status":"closed","ping_status":"closed","sticky":false,"template":"","format":"standard","meta":{"om_disable_all_campaigns":false,"_joinchat":[]},"categories":[4],"tags":[46,43],"featured_image_urls":{"full":["https:\/\/infotep.com.ar\/wp-content\/uploads\/2024\/06\/estela-dia.webp",540,360,false],"thumbnail":["https:\/\/infotep.com.ar\/wp-content\/uploads\/2024\/06\/estela-dia-150x150.webp",150,150,true],"medium":["https:\/\/infotep.com.ar\/wp-content\/uploads\/2024\/06\/estela-dia-300x200.webp",300,200,true],"medium_large":["https:\/\/infotep.com.ar\/wp-content\/uploads\/2024\/06\/estela-dia.webp",540,360,false],"large":["https:\/\/infotep.com.ar\/wp-content\/uploads\/2024\/06\/estela-dia.webp",540,360,false],"1536x1536":["https:\/\/infotep.com.ar\/wp-content\/uploads\/2024\/06\/estela-dia.webp",540,360,false],"2048x2048":["https:\/\/infotep.com.ar\/wp-content\/uploads\/2024\/06\/estela-dia.webp",540,360,false],"blossom-feminine-slider":["https:\/\/infotep.com.ar\/wp-content\/uploads\/2024\/06\/estela-dia.webp",540,360,false],"blossom-feminine-featured":["https:\/\/infotep.com.ar\/wp-content\/uploads\/2024\/06\/estela-dia.webp",540,360,false],"blossom-feminine-with-sidebar":["https:\/\/infotep.com.ar\/wp-content\/uploads\/2024\/06\/estela-dia.webp",540,360,false],"blossom-feminine-blog":["https:\/\/infotep.com.ar\/wp-content\/uploads\/2024\/06\/estela-dia-435x360.webp",435,360,true],"blossom-feminine-cat":["https:\/\/infotep.com.ar\/wp-content\/uploads\/2024\/06\/estela-dia-450x300.webp",450,300,true],"blossom-feminine-related":["https:\/\/infotep.com.ar\/wp-content\/uploads\/2024\/06\/estela-dia-320x200.webp",320,200,true],"blossom-feminine-schema":["https:\/\/infotep.com.ar\/wp-content\/uploads\/2024\/06\/estela-dia-90x60.webp",90,60,true],"blossom-mommy-blog-slider-big":["https:\/\/infotep.com.ar\/wp-content\/uploads\/2024\/06\/estela-dia.webp",540,360,false],"blossom-mommy-blog-slider":["https:\/\/infotep.com.ar\/wp-content\/uploads\/2024\/06\/estela-dia-460x310.webp",460,310,true],"blossom-mommy-blog-two":["https:\/\/infotep.com.ar\/wp-content\/uploads\/2024\/06\/estela-dia.webp",540,360,false]},"author_info":{"info":["Angela Tobar"]},"category_info":"<a href=\"https:\/\/infotep.com.ar\/index.php\/category\/provinciales\/\" rel=\"category tag\">Provinciales<\/a>","tag_info":"Provinciales","comment_count":"0","_links":{"self":[{"href":"https:\/\/infotep.com.ar\/index.php\/wp-json\/wp\/v2\/posts\/13950"}],"collection":[{"href":"https:\/\/infotep.com.ar\/index.php\/wp-json\/wp\/v2\/posts"}],"about":[{"href":"https:\/\/infotep.com.ar\/index.php\/wp-json\/wp\/v2\/types\/post"}],"author":[{"embeddable":true,"href":"https:\/\/infotep.com.ar\/index.php\/wp-json\/wp\/v2\/users\/5"}],"replies":[{"embeddable":true,"href":"https:\/\/infotep.com.ar\/index.php\/wp-json\/wp\/v2\/comments?post=13950"}],"version-history":[{"count":1,"href":"https:\/\/infotep.com.ar\/index.php\/wp-json\/wp\/v2\/posts\/13950\/revisions"}],"predecessor-version":[{"id":13952,"href":"https:\/\/infotep.com.ar\/index.php\/wp-json\/wp\/v2\/posts\/13950\/revisions\/13952"}],"wp:featuredmedia":[{"embeddable":true,"href":"https:\/\/infotep.com.ar\/index.php\/wp-json\/wp\/v2\/media\/13951"}],"wp:attachment":[{"href":"https:\/\/infotep.com.ar\/index.php\/wp-json\/wp\/v2\/media?parent=13950"}],"wp:term":[{"taxonomy":"category","embeddable":true,"href":"https:\/\/infotep.com.ar\/index.php\/wp-json\/wp\/v2\/categories?post=13950"},{"taxonomy":"post_tag","embeddable":true,"href":"https:\/\/infotep.com.ar\/index.php\/wp-json\/wp\/v2\/tags?post=13950"}],"curies":[{"name":"wp","href":"https:\/\/api.w.org\/{rel}","templated":true}]}}