{"id":13971,"date":"2024-06-07T21:20:05","date_gmt":"2024-06-08T00:20:05","guid":{"rendered":"https:\/\/infotep.com.ar\/?p=13971"},"modified":"2024-06-07T21:20:05","modified_gmt":"2024-06-08T00:20:05","slug":"las-universidades-van-a-un-paro-de-48-horas-el-proximo-martes-y-miercoles-ante-la-falta-de-respuestas-del-gobierno","status":"publish","type":"post","link":"https:\/\/infotep.com.ar\/index.php\/2024\/06\/07\/las-universidades-van-a-un-paro-de-48-horas-el-proximo-martes-y-miercoles-ante-la-falta-de-respuestas-del-gobierno\/","title":{"rendered":"Las universidades van a un paro de 48 horas el pr\u00f3ximo martes y mi\u00e9rcoles &#8220;ante la falta de respuestas del Gobierno&#8221;"},"content":{"rendered":"\n<p><strong>Adem\u00e1s los gremios docentes universitarios movilizar\u00e1n al Congreso junto a otros sindicatos el 12 de junio, desde las 9 hs, para exigirle a los senadores que voten en contra de la Ley Bases.<br><\/strong><br><strong>La Federaci\u00f3n de Docentes de las Universidades (FEDUN) confirm\u00f3 hoy el paro de 48 horas para el pr\u00f3ximo martes y mi\u00e9rcoles \u201cdebido a la falta de respuesta por parte del Gobierno nacional\u201d.<\/strong><\/p>\n\n\n\n<p>La ratificaci\u00f3n de la medida de fuerza se adopt\u00f3 en el marco de una asamblea de secretarios generales con la participaci\u00f3n de gremios de base para analizar la continuidad del plan de lucha contra el ajuste del financiamiento.<\/p>\n\n\n\n<p><strong>De esta manera, resolvieron \u201cconvocar a un paro de 48 horas para los d\u00edas 11 y 12 de junio, debido a la falta de respuesta por parte del gobierno nacional\u201d.<\/strong><\/p>\n\n\n\n<p>Adem\u00e1s, resolvieron \u201cmovilizar el pr\u00f3ximo mi\u00e9rcoles 12 de junio frente al Congreso de la Naci\u00f3n, a las 9 hs, para manifestar el absoluto rechazo a la Ley Bases y exigirle a los senadores y las senadoras que voten en contra\u201d.<\/p>\n\n\n\n<p>Luego del plenario, el secretario general de la FEDUN, Daniel Ricci, lament\u00f3 que &#8220;desde la multitudinaria marcha en la que todos los argentinos y las argentinas se expresaron en defensa de la Universidad P\u00fablica ya pas\u00f3 m\u00e1s de un mes y a\u00fan no tuvimos ninguna respuesta del gobierno\u201d.<\/p>\n\n\n\n<p>\u201cEn el \u00faltimo tiempo nuestros salarios siguen deterior\u00e1ndose mes a mes, ya llevamos perdido m\u00e1s de un 60 por ciento de poder adquisitivo frente a la inflaci\u00f3n y no vamos a seguir tolerando este deterioro y falta de respeto\u201d, indic\u00f3.<\/p>\n\n\n\n<p>&#8220;Es por eso que convocamos a este paro de 48 horas y, en caso de no tener respuesta, profundizaremos el plan de lucha y convocaremos a nuevas medidas de fuerza\u201d, advirti\u00f3 el dirigente sindical.<\/p>\n","protected":false},"excerpt":{"rendered":"<p>Adem&aacute;s los gremios docentes universitarios movilizar&aacute;n al Congreso junto a otros sindicatos el 12 de junio, desde las 9 hs, para exigirle a los senadores que voten en contra de la Ley Bases.La Federaci&oacute;n de Docentes de las Universidades (FEDUN) confirm&oacute; hoy el paro de 48 horas para el pr&oacute;ximo martes y mi&eacute;rcoles &ldquo;debido a &hellip; <\/p>\n","protected":false},"author":5,"featured_media":4057,"comment_status":"closed","ping_status":"closed","sticky":false,"template":"","format":"standard","meta":{"om_disable_all_campaigns":false,"_joinchat":[]},"categories":[31,6],"tags":[46,43],"featured_image_urls":{"full":["https:\/\/infotep.com.ar\/wp-content\/uploads\/2023\/03\/universidad.jpg",1080,600,false],"thumbnail":["https:\/\/infotep.com.ar\/wp-content\/uploads\/2023\/03\/universidad-150x150.jpg",150,150,true],"medium":["https:\/\/infotep.com.ar\/wp-content\/uploads\/2023\/03\/universidad-300x167.jpg",300,167,true],"medium_large":["https:\/\/infotep.com.ar\/wp-content\/uploads\/2023\/03\/universidad-768x427.jpg",768,427,true],"large":["https:\/\/infotep.com.ar\/wp-content\/uploads\/2023\/03\/universidad-1024x569.jpg",1020,567,true],"1536x1536":["https:\/\/infotep.com.ar\/wp-content\/uploads\/2023\/03\/universidad.jpg",1080,600,false],"2048x2048":["https:\/\/infotep.com.ar\/wp-content\/uploads\/2023\/03\/universidad.jpg",1080,600,false],"blossom-feminine-slider":["https:\/\/infotep.com.ar\/wp-content\/uploads\/2023\/03\/universidad.jpg",1080,600,false],"blossom-feminine-featured":["https:\/\/infotep.com.ar\/wp-content\/uploads\/2023\/03\/universidad.jpg",1080,600,false],"blossom-feminine-with-sidebar":["https:\/\/infotep.com.ar\/wp-content\/uploads\/2023\/03\/universidad-1020x600.jpg",1020,600,true],"blossom-feminine-blog":["https:\/\/infotep.com.ar\/wp-content\/uploads\/2023\/03\/universidad-435x435.jpg",435,435,true],"blossom-feminine-cat":["https:\/\/infotep.com.ar\/wp-content\/uploads\/2023\/03\/universidad-450x300.jpg",450,300,true],"blossom-feminine-related":["https:\/\/infotep.com.ar\/wp-content\/uploads\/2023\/03\/universidad-320x200.jpg",320,200,true],"blossom-feminine-schema":["https:\/\/infotep.com.ar\/wp-content\/uploads\/2023\/03\/universidad-108x60.jpg",108,60,true],"blossom-mommy-blog-slider-big":["https:\/\/infotep.com.ar\/wp-content\/uploads\/2023\/03\/universidad-920x600.jpg",920,600,true],"blossom-mommy-blog-slider":["https:\/\/infotep.com.ar\/wp-content\/uploads\/2023\/03\/universidad-460x310.jpg",460,310,true],"blossom-mommy-blog-two":["https:\/\/infotep.com.ar\/wp-content\/uploads\/2023\/03\/universidad-768x480.jpg",768,480,true]},"author_info":{"info":["Angela Tobar"]},"category_info":"<a href=\"https:\/\/infotep.com.ar\/index.php\/category\/destacadas\/\" rel=\"category tag\">Destacadas<\/a> <a href=\"https:\/\/infotep.com.ar\/index.php\/category\/universitarias\/\" rel=\"category tag\">Universitarias<\/a>","tag_info":"Universitarias","comment_count":"0","_links":{"self":[{"href":"https:\/\/infotep.com.ar\/index.php\/wp-json\/wp\/v2\/posts\/13971"}],"collection":[{"href":"https:\/\/infotep.com.ar\/index.php\/wp-json\/wp\/v2\/posts"}],"about":[{"href":"https:\/\/infotep.com.ar\/index.php\/wp-json\/wp\/v2\/types\/post"}],"author":[{"embeddable":true,"href":"https:\/\/infotep.com.ar\/index.php\/wp-json\/wp\/v2\/users\/5"}],"replies":[{"embeddable":true,"href":"https:\/\/infotep.com.ar\/index.php\/wp-json\/wp\/v2\/comments?post=13971"}],"version-history":[{"count":1,"href":"https:\/\/infotep.com.ar\/index.php\/wp-json\/wp\/v2\/posts\/13971\/revisions"}],"predecessor-version":[{"id":13972,"href":"https:\/\/infotep.com.ar\/index.php\/wp-json\/wp\/v2\/posts\/13971\/revisions\/13972"}],"wp:featuredmedia":[{"embeddable":true,"href":"https:\/\/infotep.com.ar\/index.php\/wp-json\/wp\/v2\/media\/4057"}],"wp:attachment":[{"href":"https:\/\/infotep.com.ar\/index.php\/wp-json\/wp\/v2\/media?parent=13971"}],"wp:term":[{"taxonomy":"category","embeddable":true,"href":"https:\/\/infotep.com.ar\/index.php\/wp-json\/wp\/v2\/categories?post=13971"},{"taxonomy":"post_tag","embeddable":true,"href":"https:\/\/infotep.com.ar\/index.php\/wp-json\/wp\/v2\/tags?post=13971"}],"curies":[{"name":"wp","href":"https:\/\/api.w.org\/{rel}","templated":true}]}}