{"id":14006,"date":"2024-06-10T15:56:22","date_gmt":"2024-06-10T18:56:22","guid":{"rendered":"https:\/\/infotep.com.ar\/?p=14006"},"modified":"2024-06-10T15:56:23","modified_gmt":"2024-06-10T18:56:23","slug":"kicillof-viaja-a-roma-para-tener-una-audiencia-con-el-papa","status":"publish","type":"post","link":"https:\/\/infotep.com.ar\/index.php\/2024\/06\/10\/kicillof-viaja-a-roma-para-tener-una-audiencia-con-el-papa\/","title":{"rendered":"Kicillof viaja a Roma para tener una audiencia con el Papa"},"content":{"rendered":"\n<p>El gobernador bonaerense se ir\u00e1 a Italia el pr\u00f3ximo mi\u00e9rcoles y dialogar\u00e1 sobre la situaci\u00f3n del pa\u00eds y de la provincia.<br><br>El gobernador de la provincia de Buenos Aires, Axel Kicillof, viajar\u00e1 a la ciudad italiana de Roma donde el pr\u00f3ximo jueves mantendr\u00e1 un encuentro con el papa Francisco para hablar de la situaci\u00f3n de Argentina y del territorio que conduce.<\/p>\n\n\n\n<p>As\u00ed lo confirm\u00f3 el jefe de Gabinete bonaerense, Carlos Bianco, quien dijo: \u201cEl pr\u00f3ximo jueves el Gobernador va a mantener una audiencia privada con el papa Francisco en la que dialogar\u00e1n sobre la situaci\u00f3n de nuestro pa\u00eds y nuestra provincia\u201d.<\/p>\n\n\n\n<p><strong>Por otro lado, Bianco se\u00f1al\u00f3: \u201cMa\u00f1ana martes junto a ministros e intendentes vamos a entregar de manera presencial un petitorio al ministro de Econom\u00eda de la Naci\u00f3n, Luis Caputo, con el fin de continuar con el reclamo de los $5,8 billones de deuda que mantiene la Naci\u00f3n con la provincia de Buenos Aires\u201d.<\/strong><\/p>\n\n\n\n<p>\u201cA continuaci\u00f3n, el gobernador Axel Kicillof brindar\u00e1 una conferencia de prensa en la Casa de la Provincia de la Ciudad de Buenos Aires\u201d, a\u00f1adi\u00f3 el jefe de Gabinete bonaerense, a la vez que dijo: \u201cConvocamos para el mi\u00e9rcoles junto a intendentes, organizaciones sociales y sindicatos, a movilizarnos en contra de la Ley Bases, ya que no hay un solo inciso en ese conjunto normativo que est\u00e1 en discusi\u00f3n en el Congreso que beneficie al pueblo bonaerense\u201d.<\/p>\n\n\n\n<p><strong>Sileoni y la actualizaci\u00f3n del r\u00e9gimen acad\u00e9mico secundario<\/strong><br><strong><br><\/strong>El ministro de Educaci\u00f3n bonaerense, Alberto Sileoni, se\u00f1al\u00f3 acerca de la actualizaci\u00f3n del r\u00e9gimen acad\u00e9mico secundario: \u201cNo fue aprobado por este ministro, sino que se aprueba en el Consejo General de Educaci\u00f3n que es pluripartidario y donde, despu\u00e9s de escuchar mucho las diferentes posturas, se aprob\u00f3 por unanimidad\u201d.<\/p>\n\n\n\n<p><strong>\u201cRatificamos un sistema de dos cuatrimestres y volvemos a la nota num\u00e9rica por cuatrimestre. Algunos creen que abolir la repitencia es bajar la exigencia, nosotros creemos que hay otros caminos y, de hecho, la mitad del pa\u00eds ya ha salido de la repitencia, entre ellos la Ciudad de Buenos Aires\u201d, asever\u00f3.<\/strong><\/p>\n\n\n\n<p>Adem\u00e1s, dijo: \u201cLa materia aprobada no se recursa m\u00e1s, se asiste en per\u00edodos de intensificaci\u00f3n y el alumno no lo hace solo. Estamos convencidos de que puede haber un camino donde se les exige, pero se los acompa\u00f1a: m\u00e1s exigencia, acompa\u00f1ada. M\u00e1s Estado\u201d.<\/p>\n\n\n\n<p>\u201cNo estamos pensando en una secundaria m\u00e1s f\u00e1cil, estamos pensando en una secundaria m\u00e1s cercana a los intereses de los pibes, y m\u00e1s atractiva (lo que no quiere decir m\u00e1s divertida), que tenga arte, deporte, ciencias de la computaci\u00f3n y rob\u00f3tica\u201d, a\u00f1adi\u00f3.<\/p>\n\n\n\n<p>En tanto, coment\u00f3: \u201cQueremos una escuela que le ponga un freno al odio. En una sociedad en donde el odio habla muy alto, necesitamos una escuela m\u00e1s humanista: que los estudiantes puedan reparar en el sufrimiento del otro tambi\u00e9n es una mejor escuela secundaria\u201d.<\/p>\n","protected":false},"excerpt":{"rendered":"<p>El gobernador bonaerense se ir&aacute; a Italia el pr&oacute;ximo mi&eacute;rcoles y dialogar&aacute; sobre la situaci&oacute;n del pa&iacute;s y de la provincia. El gobernador de la provincia de Buenos Aires, Axel Kicillof, viajar&aacute; a la ciudad italiana de Roma donde el pr&oacute;ximo jueves mantendr&aacute; un encuentro con el papa Francisco para hablar de la situaci&oacute;n de &hellip; <\/p>\n","protected":false},"author":5,"featured_media":14007,"comment_status":"closed","ping_status":"closed","sticky":false,"template":"","format":"standard","meta":{"om_disable_all_campaigns":false,"_joinchat":[]},"categories":[31,4],"tags":[46,43],"featured_image_urls":{"full":["https:\/\/infotep.com.ar\/wp-content\/uploads\/2024\/06\/kicillof-2.webp",1173,720,false],"thumbnail":["https:\/\/infotep.com.ar\/wp-content\/uploads\/2024\/06\/kicillof-2-150x150.webp",150,150,true],"medium":["https:\/\/infotep.com.ar\/wp-content\/uploads\/2024\/06\/kicillof-2-300x184.webp",300,184,true],"medium_large":["https:\/\/infotep.com.ar\/wp-content\/uploads\/2024\/06\/kicillof-2-768x471.webp",768,471,true],"large":["https:\/\/infotep.com.ar\/wp-content\/uploads\/2024\/06\/kicillof-2-1024x629.webp",1020,627,true],"1536x1536":["https:\/\/infotep.com.ar\/wp-content\/uploads\/2024\/06\/kicillof-2.webp",1173,720,false],"2048x2048":["https:\/\/infotep.com.ar\/wp-content\/uploads\/2024\/06\/kicillof-2.webp",1173,720,false],"blossom-feminine-slider":["https:\/\/infotep.com.ar\/wp-content\/uploads\/2024\/06\/kicillof-2-1173x649.webp",1173,649,true],"blossom-feminine-featured":["https:\/\/infotep.com.ar\/wp-content\/uploads\/2024\/06\/kicillof-2-1173x600.webp",1173,600,true],"blossom-feminine-with-sidebar":["https:\/\/infotep.com.ar\/wp-content\/uploads\/2024\/06\/kicillof-2-1020x600.webp",1020,600,true],"blossom-feminine-blog":["https:\/\/infotep.com.ar\/wp-content\/uploads\/2024\/06\/kicillof-2-435x435.webp",435,435,true],"blossom-feminine-cat":["https:\/\/infotep.com.ar\/wp-content\/uploads\/2024\/06\/kicillof-2-450x300.webp",450,300,true],"blossom-feminine-related":["https:\/\/infotep.com.ar\/wp-content\/uploads\/2024\/06\/kicillof-2-320x200.webp",320,200,true],"blossom-feminine-schema":["https:\/\/infotep.com.ar\/wp-content\/uploads\/2024\/06\/kicillof-2-98x60.webp",98,60,true],"blossom-mommy-blog-slider-big":["https:\/\/infotep.com.ar\/wp-content\/uploads\/2024\/06\/kicillof-2-920x650.webp",920,650,true],"blossom-mommy-blog-slider":["https:\/\/infotep.com.ar\/wp-content\/uploads\/2024\/06\/kicillof-2-460x310.webp",460,310,true],"blossom-mommy-blog-two":["https:\/\/infotep.com.ar\/wp-content\/uploads\/2024\/06\/kicillof-2-768x480.webp",768,480,true]},"author_info":{"info":["Angela Tobar"]},"category_info":"<a href=\"https:\/\/infotep.com.ar\/index.php\/category\/destacadas\/\" rel=\"category tag\">Destacadas<\/a> <a href=\"https:\/\/infotep.com.ar\/index.php\/category\/provinciales\/\" rel=\"category tag\">Provinciales<\/a>","tag_info":"Provinciales","comment_count":"0","_links":{"self":[{"href":"https:\/\/infotep.com.ar\/index.php\/wp-json\/wp\/v2\/posts\/14006"}],"collection":[{"href":"https:\/\/infotep.com.ar\/index.php\/wp-json\/wp\/v2\/posts"}],"about":[{"href":"https:\/\/infotep.com.ar\/index.php\/wp-json\/wp\/v2\/types\/post"}],"author":[{"embeddable":true,"href":"https:\/\/infotep.com.ar\/index.php\/wp-json\/wp\/v2\/users\/5"}],"replies":[{"embeddable":true,"href":"https:\/\/infotep.com.ar\/index.php\/wp-json\/wp\/v2\/comments?post=14006"}],"version-history":[{"count":1,"href":"https:\/\/infotep.com.ar\/index.php\/wp-json\/wp\/v2\/posts\/14006\/revisions"}],"predecessor-version":[{"id":14008,"href":"https:\/\/infotep.com.ar\/index.php\/wp-json\/wp\/v2\/posts\/14006\/revisions\/14008"}],"wp:featuredmedia":[{"embeddable":true,"href":"https:\/\/infotep.com.ar\/index.php\/wp-json\/wp\/v2\/media\/14007"}],"wp:attachment":[{"href":"https:\/\/infotep.com.ar\/index.php\/wp-json\/wp\/v2\/media?parent=14006"}],"wp:term":[{"taxonomy":"category","embeddable":true,"href":"https:\/\/infotep.com.ar\/index.php\/wp-json\/wp\/v2\/categories?post=14006"},{"taxonomy":"post_tag","embeddable":true,"href":"https:\/\/infotep.com.ar\/index.php\/wp-json\/wp\/v2\/tags?post=14006"}],"curies":[{"name":"wp","href":"https:\/\/api.w.org\/{rel}","templated":true}]}}