{"id":14018,"date":"2024-06-11T19:38:16","date_gmt":"2024-06-11T22:38:16","guid":{"rendered":"https:\/\/infotep.com.ar\/?p=14018"},"modified":"2024-06-11T19:38:19","modified_gmt":"2024-06-11T22:38:19","slug":"se-suspenden-los-viajes-de-egresados-gratis-en-la-provincia-de-buenos-aires-por-falta-de-fondos-nacionales","status":"publish","type":"post","link":"https:\/\/infotep.com.ar\/index.php\/2024\/06\/11\/se-suspenden-los-viajes-de-egresados-gratis-en-la-provincia-de-buenos-aires-por-falta-de-fondos-nacionales\/","title":{"rendered":"Se suspenden los viajes de egresados gratis en la provincia de Buenos Aires por falta de fondos nacionales"},"content":{"rendered":"\n<p>La medida fue confirmada por el ministro de Gobierno bonaerense Carlos Bianco y rige de manera inmediata.<br><br>Los viajes de egresados gratuitos que ven\u00eda ofreciendo la provincia de Buenos Aires fueron cancelados debido a la falta de fondos nacionales para sostener la medida: la noticia fue confirmada por el ministro de Gobierno bonaerense Carlos Bianco, quien argument\u00f3 que desde Naci\u00f3n le quitaron \u201c1,7 billones de pesos a la provincia\u201d y que de esa manera se hace imposible sostener esta pol\u00edtica p\u00fablica.<\/p>\n\n\n\n<p><strong>El funcionario de Axel Kicillof tambi\u00e9n destac\u00f3 que cuando \u201crecortan una cantidad de dinero semejante hay que acomodar las estructuras de los costos, los gastos corrientes y las inversiones al nuevo presupuesto: por esto nos vimos obligados a no llevar adelante el programa\u201d.<\/strong><\/p>\n\n\n\n<p>El programa Viaje de Fin de Curso fue implementado por la provincia de Buenos Aires en 2021 con el objetivo de fomentar el conocimiento de los destinos tur\u00edsticos bonaerenses y tambi\u00e9n para otorgar una ayuda a las familias de los alumnos a los que se les complica pagar un viaje de egresados tradicional por diversos motivos.<\/p>\n\n\n\n<p>\u201cNosotros hace tres a\u00f1os ven\u00edamos estableciendo esta pol\u00edtica, hab\u00edamos ido incrementando la cantidad: el a\u00f1o pasado tuvimos r\u00e9cord de viajes de egresados\u201d, explic\u00f3 Bianco. Y agreg\u00f3 que los viajes de fin de curso son una \u201cpol\u00edtica de fomento productivo y de generaci\u00f3n de ingresos durante la temporada baja.<\/p>\n\n\n\n<p><strong>\u00bfQui\u00e9nes pod\u00edan aplicar a los viajes de egresados gratuitos?<\/strong><br><strong><br><\/strong>Todos los j\u00f3venes que est\u00e9n cursando el \u00faltimo a\u00f1o del nivel secundario (6\u00b0 a\u00f1o en el Secundario Orientado y de la modalidad Art\u00edstica y 7\u00b0 a\u00f1o de la modalidad T\u00e9cnico Profesional) de establecimientos educativos de gesti\u00f3n estatal y privada de la provincia de Buenos Aires y se inscriban en el programa.<\/p>\n\n\n\n<p><strong>\u00bfQu\u00e9 inclu\u00edan los paquetes?<\/strong><br><strong><br><\/strong>Transporte que cumpla con las regulaciones establecidas por la Comisi\u00f3n Nacional de Regulaci\u00f3n del Transporte (CNRT) y la debida habilitaci\u00f3n de la Subsecretar\u00eda de Transporte de la Provincia de Buenos Aires.<br><br>Alojamiento en hotel TRES (3) estrellas o categor\u00eda superior, inscripto en el Registro de Hoteler\u00eda y Afines de la Provincia de Buenos Aires y\/o en su caso, alojamiento tur\u00edstico hotelero debidamente habilitado por el municipio que corresponda, de caracter\u00edsticas y prestaciones similares, conforme a lo establecido en el art\u00edculo 41 del Anexo I \u201cReglamento de clasificaci\u00f3n y categorizaci\u00f3n de los alojamientos tur\u00edsticos de la provincia de Buenos Aires\u201d de la Resoluci\u00f3n N\u00b0 23\/14 de la ex Secretar\u00eda de Turismo.<br><br>Pensi\u00f3n completa (desayuno, almuerzo, merienda en excursiones y cena) con todas las bebidas incluidas.<br>Cinco excursiones diurnas de car\u00e1cter recreativo, deportivo, cultural o tur\u00edstico y al menos dos actividades nocturnas de car\u00e1cter recreativo\/bailable, seg\u00fan el destino.<br><br>Un paquete tur\u00edstico, en las mismas condiciones, para un\/a padre\/madre\/tutor bonificado por cada VEINTE (20) estudiantes.<br><br>Asistencia m\u00e9dica, seguros y coordinadores-acompa\u00f1antes, en los t\u00e9rminos de la Ley Nacional N\u00b0 25.599 y la Resoluci\u00f3n N\u00b0 23\/14 del entonces Ministerio de Turismo de la Naci\u00f3n.<\/p>\n","protected":false},"excerpt":{"rendered":"<p>La medida fue confirmada por el ministro de Gobierno bonaerense Carlos Bianco y rige de manera inmediata. Los viajes de egresados gratuitos que ven&iacute;a ofreciendo la provincia de Buenos Aires fueron cancelados debido a la falta de fondos nacionales para sostener la medida: la noticia fue confirmada por el ministro de Gobierno bonaerense Carlos Bianco, &hellip; <\/p>\n","protected":false},"author":5,"featured_media":5443,"comment_status":"closed","ping_status":"closed","sticky":false,"template":"","format":"standard","meta":{"om_disable_all_campaigns":false,"_joinchat":[]},"categories":[31,4],"tags":[46,43],"featured_image_urls":{"full":["https:\/\/infotep.com.ar\/wp-content\/uploads\/2023\/06\/viaje-fin-de-curso-egresados.jpg",700,405,false],"thumbnail":["https:\/\/infotep.com.ar\/wp-content\/uploads\/2023\/06\/viaje-fin-de-curso-egresados-150x150.jpg",150,150,true],"medium":["https:\/\/infotep.com.ar\/wp-content\/uploads\/2023\/06\/viaje-fin-de-curso-egresados-300x174.jpg",300,174,true],"medium_large":["https:\/\/infotep.com.ar\/wp-content\/uploads\/2023\/06\/viaje-fin-de-curso-egresados.jpg",700,405,false],"large":["https:\/\/infotep.com.ar\/wp-content\/uploads\/2023\/06\/viaje-fin-de-curso-egresados.jpg",700,405,false],"1536x1536":["https:\/\/infotep.com.ar\/wp-content\/uploads\/2023\/06\/viaje-fin-de-curso-egresados.jpg",700,405,false],"2048x2048":["https:\/\/infotep.com.ar\/wp-content\/uploads\/2023\/06\/viaje-fin-de-curso-egresados.jpg",700,405,false],"blossom-feminine-slider":["https:\/\/infotep.com.ar\/wp-content\/uploads\/2023\/06\/viaje-fin-de-curso-egresados.jpg",700,405,false],"blossom-feminine-featured":["https:\/\/infotep.com.ar\/wp-content\/uploads\/2023\/06\/viaje-fin-de-curso-egresados.jpg",700,405,false],"blossom-feminine-with-sidebar":["https:\/\/infotep.com.ar\/wp-content\/uploads\/2023\/06\/viaje-fin-de-curso-egresados.jpg",700,405,false],"blossom-feminine-blog":["https:\/\/infotep.com.ar\/wp-content\/uploads\/2023\/06\/viaje-fin-de-curso-egresados-435x405.jpg",435,405,true],"blossom-feminine-cat":["https:\/\/infotep.com.ar\/wp-content\/uploads\/2023\/06\/viaje-fin-de-curso-egresados-450x300.jpg",450,300,true],"blossom-feminine-related":["https:\/\/infotep.com.ar\/wp-content\/uploads\/2023\/06\/viaje-fin-de-curso-egresados-320x200.jpg",320,200,true],"blossom-feminine-schema":["https:\/\/infotep.com.ar\/wp-content\/uploads\/2023\/06\/viaje-fin-de-curso-egresados-104x60.jpg",104,60,true],"blossom-mommy-blog-slider-big":["https:\/\/infotep.com.ar\/wp-content\/uploads\/2023\/06\/viaje-fin-de-curso-egresados.jpg",700,405,false],"blossom-mommy-blog-slider":["https:\/\/infotep.com.ar\/wp-content\/uploads\/2023\/06\/viaje-fin-de-curso-egresados-460x310.jpg",460,310,true],"blossom-mommy-blog-two":["https:\/\/infotep.com.ar\/wp-content\/uploads\/2023\/06\/viaje-fin-de-curso-egresados.jpg",700,405,false]},"author_info":{"info":["Angela Tobar"]},"category_info":"<a href=\"https:\/\/infotep.com.ar\/index.php\/category\/destacadas\/\" rel=\"category tag\">Destacadas<\/a> <a href=\"https:\/\/infotep.com.ar\/index.php\/category\/provinciales\/\" rel=\"category tag\">Provinciales<\/a>","tag_info":"Provinciales","comment_count":"0","_links":{"self":[{"href":"https:\/\/infotep.com.ar\/index.php\/wp-json\/wp\/v2\/posts\/14018"}],"collection":[{"href":"https:\/\/infotep.com.ar\/index.php\/wp-json\/wp\/v2\/posts"}],"about":[{"href":"https:\/\/infotep.com.ar\/index.php\/wp-json\/wp\/v2\/types\/post"}],"author":[{"embeddable":true,"href":"https:\/\/infotep.com.ar\/index.php\/wp-json\/wp\/v2\/users\/5"}],"replies":[{"embeddable":true,"href":"https:\/\/infotep.com.ar\/index.php\/wp-json\/wp\/v2\/comments?post=14018"}],"version-history":[{"count":1,"href":"https:\/\/infotep.com.ar\/index.php\/wp-json\/wp\/v2\/posts\/14018\/revisions"}],"predecessor-version":[{"id":14019,"href":"https:\/\/infotep.com.ar\/index.php\/wp-json\/wp\/v2\/posts\/14018\/revisions\/14019"}],"wp:featuredmedia":[{"embeddable":true,"href":"https:\/\/infotep.com.ar\/index.php\/wp-json\/wp\/v2\/media\/5443"}],"wp:attachment":[{"href":"https:\/\/infotep.com.ar\/index.php\/wp-json\/wp\/v2\/media?parent=14018"}],"wp:term":[{"taxonomy":"category","embeddable":true,"href":"https:\/\/infotep.com.ar\/index.php\/wp-json\/wp\/v2\/categories?post=14018"},{"taxonomy":"post_tag","embeddable":true,"href":"https:\/\/infotep.com.ar\/index.php\/wp-json\/wp\/v2\/tags?post=14018"}],"curies":[{"name":"wp","href":"https:\/\/api.w.org\/{rel}","templated":true}]}}