{"id":14028,"date":"2024-06-11T19:48:09","date_gmt":"2024-06-11T22:48:09","guid":{"rendered":"https:\/\/infotep.com.ar\/?p=14028"},"modified":"2024-06-11T19:48:32","modified_gmt":"2024-06-11T22:48:32","slug":"el-kirchnerismo-realizara-una-vigilia-contra-la-ley-bases-a-milei-lo-frenamos-luchando-en-la-calle","status":"publish","type":"post","link":"https:\/\/infotep.com.ar\/index.php\/2024\/06\/11\/el-kirchnerismo-realizara-una-vigilia-contra-la-ley-bases-a-milei-lo-frenamos-luchando-en-la-calle\/","title":{"rendered":"Vigilia contra la Ley Bases: \u201cA Milei lo frenamos luchando en la calle&#8221;"},"content":{"rendered":"\n<p>Ser\u00e1 desde las 19 en la Plaza de los Dos Congresos. El mega proyecto de ley se debatir\u00e1 ma\u00f1ana en el Senado y el oficialismo conf\u00eda en tener los votos necesarios.<br><br>En la previa del tratamiento de la Ley Bases y el paquete fiscal en el Senado, el ala dura del kirchnerismo y organizaciones sociales convocaron para este martes desde las 19:00, a una vigilia en la Plaza de los Dos Congresos. El ministro de Infraestructura de la provincia de Buenos Aires, Gabriel Katopodis, es el principal impulsor de la convocatoria.<\/p>\n\n\n\n<p>El mega proyecto de Javier Milei ser\u00e1 tratado este mi\u00e9rcoles en una marat\u00f3nica sesi\u00f3n, donde el oficialismo buscar\u00e1 conseguir los votos necesarios para su aprobaci\u00f3n con modificaciones.<\/p>\n\n\n\n<p>Mientras tanto, la Confederaci\u00f3n General del Trabajo (CGT); las dos CTA, el resto gabinete del gobernador bonaerense, Axel Kicillof; los intendentes peronistas, y los grupos de izquierda se movilizar\u00e1n al Congreso ma\u00f1ana mi\u00e9rcoles, cuando la C\u00e1mara alta comience con el tratamiento legislativo.<\/p>\n\n\n\n<p>\u201cDesde las 19, los convocamos a todos y todas a sumarse a la Vigilia que estamos organizando en el marco de la campa\u00f1a #FrenemosLaLey. En la Plaza de los Dos Congresos, con una Radio Abierta, m\u00fasica en vivo e invitados especiales, vamos a debatir, exponer y denunciar esta ley anti-Argentina. Arrancamos a construir una Plaza que Frene a Milei. \u00a1Te esperamos!\u201d, escribi\u00f3 Katopodis en su cuenta de la red social X.<\/p>\n\n\n\n<p>El diputado radical Leopoldo Moreau tambi\u00e9n convoc\u00f3 a la vigilia, a la que se sumar\u00e1 una olla popular. \u201cNo hay que dejar sola a la Patria. Quieren llevarse los recursos naturales y la rentabilidad de esos recursos. Lo \u00fanico que les importa es que los senadores les voten el RIGI que es el acto de corrupci\u00f3n estructural m\u00e1s grande de la historia argentina\u201d, poste\u00f3 en sus redes.<\/p>\n\n\n\n<p>Cristina \u00c1lvarez Rodr\u00edguez, jefa de Asesores de Kicillof, fue otra voz a favor de la vigilia y la protesta: \u201cA Milei lo frenamos luchando en la calle y en el Congreso. El mi\u00e9rcoles las y los senadores tienen que votar en contra de la Ley de Bases. Ma\u00f1ana desde las 19, vigilia con radio abierta, m\u00fasica y orquesta en vivo. #FrenemosLaLey\u201d.<\/p>\n","protected":false},"excerpt":{"rendered":"<p>Ser&aacute; desde las 19 en la Plaza de los Dos Congresos. El mega proyecto de ley se debatir&aacute; ma&ntilde;ana en el Senado y el oficialismo conf&iacute;a en tener los votos necesarios. En la previa del tratamiento de la Ley Bases y el paquete fiscal en el Senado, el ala dura del kirchnerismo y organizaciones sociales &hellip; <\/p>\n","protected":false},"author":5,"featured_media":14029,"comment_status":"closed","ping_status":"closed","sticky":false,"template":"","format":"standard","meta":{"om_disable_all_campaigns":false,"_joinchat":[]},"categories":[4],"tags":[46,43],"featured_image_urls":{"full":["https:\/\/infotep.com.ar\/wp-content\/uploads\/2024\/06\/kicilof-intendentes.webp",1177,720,false],"thumbnail":["https:\/\/infotep.com.ar\/wp-content\/uploads\/2024\/06\/kicilof-intendentes-150x150.webp",150,150,true],"medium":["https:\/\/infotep.com.ar\/wp-content\/uploads\/2024\/06\/kicilof-intendentes-300x184.webp",300,184,true],"medium_large":["https:\/\/infotep.com.ar\/wp-content\/uploads\/2024\/06\/kicilof-intendentes-768x470.webp",768,470,true],"large":["https:\/\/infotep.com.ar\/wp-content\/uploads\/2024\/06\/kicilof-intendentes-1024x626.webp",1020,624,true],"1536x1536":["https:\/\/infotep.com.ar\/wp-content\/uploads\/2024\/06\/kicilof-intendentes.webp",1177,720,false],"2048x2048":["https:\/\/infotep.com.ar\/wp-content\/uploads\/2024\/06\/kicilof-intendentes.webp",1177,720,false],"blossom-feminine-slider":["https:\/\/infotep.com.ar\/wp-content\/uploads\/2024\/06\/kicilof-intendentes-1177x649.webp",1177,649,true],"blossom-feminine-featured":["https:\/\/infotep.com.ar\/wp-content\/uploads\/2024\/06\/kicilof-intendentes-1177x600.webp",1177,600,true],"blossom-feminine-with-sidebar":["https:\/\/infotep.com.ar\/wp-content\/uploads\/2024\/06\/kicilof-intendentes-1020x600.webp",1020,600,true],"blossom-feminine-blog":["https:\/\/infotep.com.ar\/wp-content\/uploads\/2024\/06\/kicilof-intendentes-435x435.webp",435,435,true],"blossom-feminine-cat":["https:\/\/infotep.com.ar\/wp-content\/uploads\/2024\/06\/kicilof-intendentes-450x300.webp",450,300,true],"blossom-feminine-related":["https:\/\/infotep.com.ar\/wp-content\/uploads\/2024\/06\/kicilof-intendentes-320x200.webp",320,200,true],"blossom-feminine-schema":["https:\/\/infotep.com.ar\/wp-content\/uploads\/2024\/06\/kicilof-intendentes-98x60.webp",98,60,true],"blossom-mommy-blog-slider-big":["https:\/\/infotep.com.ar\/wp-content\/uploads\/2024\/06\/kicilof-intendentes-920x650.webp",920,650,true],"blossom-mommy-blog-slider":["https:\/\/infotep.com.ar\/wp-content\/uploads\/2024\/06\/kicilof-intendentes-460x310.webp",460,310,true],"blossom-mommy-blog-two":["https:\/\/infotep.com.ar\/wp-content\/uploads\/2024\/06\/kicilof-intendentes-768x480.webp",768,480,true]},"author_info":{"info":["Angela Tobar"]},"category_info":"<a href=\"https:\/\/infotep.com.ar\/index.php\/category\/provinciales\/\" rel=\"category tag\">Provinciales<\/a>","tag_info":"Provinciales","comment_count":"0","_links":{"self":[{"href":"https:\/\/infotep.com.ar\/index.php\/wp-json\/wp\/v2\/posts\/14028"}],"collection":[{"href":"https:\/\/infotep.com.ar\/index.php\/wp-json\/wp\/v2\/posts"}],"about":[{"href":"https:\/\/infotep.com.ar\/index.php\/wp-json\/wp\/v2\/types\/post"}],"author":[{"embeddable":true,"href":"https:\/\/infotep.com.ar\/index.php\/wp-json\/wp\/v2\/users\/5"}],"replies":[{"embeddable":true,"href":"https:\/\/infotep.com.ar\/index.php\/wp-json\/wp\/v2\/comments?post=14028"}],"version-history":[{"count":2,"href":"https:\/\/infotep.com.ar\/index.php\/wp-json\/wp\/v2\/posts\/14028\/revisions"}],"predecessor-version":[{"id":14031,"href":"https:\/\/infotep.com.ar\/index.php\/wp-json\/wp\/v2\/posts\/14028\/revisions\/14031"}],"wp:featuredmedia":[{"embeddable":true,"href":"https:\/\/infotep.com.ar\/index.php\/wp-json\/wp\/v2\/media\/14029"}],"wp:attachment":[{"href":"https:\/\/infotep.com.ar\/index.php\/wp-json\/wp\/v2\/media?parent=14028"}],"wp:term":[{"taxonomy":"category","embeddable":true,"href":"https:\/\/infotep.com.ar\/index.php\/wp-json\/wp\/v2\/categories?post=14028"},{"taxonomy":"post_tag","embeddable":true,"href":"https:\/\/infotep.com.ar\/index.php\/wp-json\/wp\/v2\/tags?post=14028"}],"curies":[{"name":"wp","href":"https:\/\/api.w.org\/{rel}","templated":true}]}}