{"id":14041,"date":"2024-06-11T20:40:50","date_gmt":"2024-06-11T23:40:50","guid":{"rendered":"https:\/\/infotep.com.ar\/?p=14041"},"modified":"2024-06-11T20:40:52","modified_gmt":"2024-06-11T23:40:52","slug":"el-detenido-por-matar-al-peluquero-no-apelo-el-procesamiento-y-va-a-juicio","status":"publish","type":"post","link":"https:\/\/infotep.com.ar\/index.php\/2024\/06\/11\/el-detenido-por-matar-al-peluquero-no-apelo-el-procesamiento-y-va-a-juicio\/","title":{"rendered":"El detenido por matar al peluquero no apel\u00f3 el procesamiento y va a juicio"},"content":{"rendered":"\n<p><br>El juez de instrucci\u00f3n Javier S\u00e1nchez Sarmiento clausur\u00f3 la investigaci\u00f3n contra Abel Guzm\u00e1n por el crimen del peluquero Germ\u00e1n Medina en Recoleta el pasado 20 de marzo y ahora ir\u00e1 a juicio oral y p\u00fablico mientras tanto aguardar\u00e1 detenido con prisi\u00f3n preventiva.<\/p>\n\n\n\n<p>Es que la defensa no apel\u00f3 el procesamiento impuesto con prisi\u00f3n preventiva d\u00edas atr\u00e1s por el juzgado con lo cual la medida qued\u00f3 firme. Ahora, se prev\u00e9 que el fiscal requiera el pase del expediente a juicio oral y p\u00fablico donde se lo juzgar\u00e1.<\/p>\n\n\n\n<p>Mientras tanto, aguardar\u00e1 con prisi\u00f3n preventiva en la c\u00e1rcel de Ezeiza donde est\u00e1 detenido luego de desatar semanas pr\u00f3fugos y ser capturado.<\/p>\n\n\n\n<p>Seg\u00fan sostiene el fallo del juez Javier S\u00e1nchez Sarmiento, el 20 de marzo Guzm\u00e1n se acerc\u00f3 a Verdini y le pregunt\u00f3: \u201c\u00bfVos ten\u00e9s algo para decirme?\u201d, a lo que el due\u00f1o le respondi\u00f3: : &#8220;No, ma\u00f1ana vamos a hablar&#8221;. De repente, Guzm\u00e1n sac\u00f3 el arma de fuego que ten\u00eda en su cintura y amenaz\u00f3 a los presentes al grito de: &#8220;Qu\u00e9dense quietos porque le vuelo la cabeza a los cuatro\u201d.<\/p>\n\n\n\n<p>Luego le dispar\u00f3 a Medina de un disparo en la cabeza, que estaba sentado tomando una cerveza, y lo mat\u00f3 en el acto, tras lo cual se dio a la fuga.<\/p>\n\n\n\n<p>Guzm\u00e1n estuvo pr\u00f3fugo casi setenta d\u00edas hasta que fue detenido en la localidad Bonaerense de Moreno tras el alerta que dio un vecino que permiti\u00f3 su identificaci\u00f3n.<\/p>\n\n\n\n<p>El ataque de Guzm\u00e1n qued\u00f3 registrado en las c\u00e1maras de seguridad del local, mientras que la v\u00edctima fue trasladada al Hospital Fern\u00e1ndez, en grave estado, y falleci\u00f3 poco despu\u00e9s.<\/p>\n\n\n\n<p>La ins\u00f3lita explicaci\u00f3n de la defensa previo al avance del caso fue que a Guzm\u00e1n se le hab\u00eda escapado el disparo.<\/p>\n\n\n\n<p>Por su parte, el due\u00f1o del local -Facundo Verdini-, cerr\u00f3 el negocio durante algunas semanas por temor a una nueva aparici\u00f3n de Guzm\u00e1n, hasta que finalmente decidi\u00f3 reabrir el 12 de abril, aun con custodia policial en las inmediaciones.<\/p>\n\n\n\n<p>De acuerdo al fallo que accedi\u00f3 Noticias Argentinas, los chats del grupo de WhatsApp evidenciaron la mala relaci\u00f3n que Guzm\u00e1n ten\u00eda con el resto de los peluqueros. El due\u00f1o del local Facundo Verdini record\u00f3 que el uso de formol estaba prohibido y aclar\u00f3 que al que no estuviese de acuerdo se pod\u00eda abrir su propio sal\u00f3n.<\/p>\n\n\n\n<p>Guzm\u00e1n contest\u00f3 que \u201cno ten\u00eda problema\u201d. &#8220;Nos encontramos y lo resolvemos como corresponde\u201d, sugiri\u00f3 en un Zoom con todos los empleados del lugar.<\/p>\n\n\n\n<p>Medina, por su parte, dijo: Hasta donde yo entiendo se hace lo que el jefe dice y si no patada en el tuje. \u00bfD\u00f3nde se vio que se le hable as\u00ed al que te paga el sueldo? Si no le gusta a alguien que agarre la puerta y listo. Muerto el perro, se acab\u00f3 la rabia\u201d.<\/p>\n\n\n\n<p>La conversaci\u00f3n fue el 24 de febrero pasado, un mes antes del crimen. Guzm\u00e1n era el \u00fanico que continuaba usando formol para alisar el cabello de las clientas. Sin embargo, sus colegas y el propietario no estaban de acuerdo con esa acci\u00f3n ya que era da\u00f1ino para la salud. Por ese motivo, la peluquer\u00eda fue denunciada en dos oportunidades.<\/p>\n\n\n\n<p>\u201cEsto va m\u00e1s que nada para vos Abel [por Guzm\u00e1n] que tengo muchas quejas con los chicos y ya. Me est\u00e1 superando este tema: prohibido usar formol!!! Lo dejo grabado como evidencia, no quiero m\u00e1s formol en la peluquer\u00eda. Listo. Listo formol, ni a la ma\u00f1ana, ni a la tarde, ni a la noche, ni cuando est\u00e1 cerrada la peluquer\u00eda\u201d, enfatiz\u00f3 Verdini en un video que envi\u00f3 al grupo de WhatsApp.<\/p>\n\n\n\n<p>Guzm\u00e1n redobl\u00f3 la apuesta. \u201c\u00bfQuer\u00e9s hablarlo personalmente mejor? Nunca sos claro\u2026. Y Ahora que ten\u00e9s este equipo te molesta el formol&#8221;, cuestion\u00f3 el hombre que permaneci\u00f3 pr\u00f3fugo durante dos meses, a la vez que insisti\u00f3: \u201c\u00bfPor qu\u00e9 esperaste tanto tiempo para poner claro tantas cosas? No tengo problema de ma\u00f1ana nos encontramos y lo resolvemos, pero c\u00f3mo corresponde si todo es un problema para vos. Ya sabes qu\u00e9 tenes que hacer. Te olvid\u00e1s de qui\u00e9n sos\u2026 Siempre estuve y nunca te abandon\u00e9 y te port\u00e1s as\u00ed conmigo, no quiero m\u00e1s. Ma\u00f1ana te busco en la otra pelu y lo resolvemos ma\u00f1ana mismo. No me gusta este puter\u00edo barato, lo hablamos en la cara\u201d.<\/p>\n","protected":false},"excerpt":{"rendered":"<p>El juez de instrucci&oacute;n Javier S&aacute;nchez Sarmiento clausur&oacute; la investigaci&oacute;n contra Abel Guzm&aacute;n por el crimen del peluquero Germ&aacute;n Medina en Recoleta el pasado 20 de marzo y ahora ir&aacute; a juicio oral y p&uacute;blico mientras tanto aguardar&aacute; detenido con prisi&oacute;n preventiva. Es que la defensa no apel&oacute; el procesamiento impuesto con prisi&oacute;n preventiva d&iacute;as &hellip; <\/p>\n","protected":false},"author":5,"featured_media":13737,"comment_status":"closed","ping_status":"closed","sticky":false,"template":"","format":"standard","meta":{"om_disable_all_campaigns":false,"_joinchat":[]},"categories":[4],"tags":[46,43],"featured_image_urls":{"full":["https:\/\/infotep.com.ar\/wp-content\/uploads\/2024\/05\/peluquero.webp",563,360,false],"thumbnail":["https:\/\/infotep.com.ar\/wp-content\/uploads\/2024\/05\/peluquero-150x150.webp",150,150,true],"medium":["https:\/\/infotep.com.ar\/wp-content\/uploads\/2024\/05\/peluquero-300x192.webp",300,192,true],"medium_large":["https:\/\/infotep.com.ar\/wp-content\/uploads\/2024\/05\/peluquero.webp",563,360,false],"large":["https:\/\/infotep.com.ar\/wp-content\/uploads\/2024\/05\/peluquero.webp",563,360,false],"1536x1536":["https:\/\/infotep.com.ar\/wp-content\/uploads\/2024\/05\/peluquero.webp",563,360,false],"2048x2048":["https:\/\/infotep.com.ar\/wp-content\/uploads\/2024\/05\/peluquero.webp",563,360,false],"blossom-feminine-slider":["https:\/\/infotep.com.ar\/wp-content\/uploads\/2024\/05\/peluquero.webp",563,360,false],"blossom-feminine-featured":["https:\/\/infotep.com.ar\/wp-content\/uploads\/2024\/05\/peluquero.webp",563,360,false],"blossom-feminine-with-sidebar":["https:\/\/infotep.com.ar\/wp-content\/uploads\/2024\/05\/peluquero.webp",563,360,false],"blossom-feminine-blog":["https:\/\/infotep.com.ar\/wp-content\/uploads\/2024\/05\/peluquero-435x360.webp",435,360,true],"blossom-feminine-cat":["https:\/\/infotep.com.ar\/wp-content\/uploads\/2024\/05\/peluquero-450x300.webp",450,300,true],"blossom-feminine-related":["https:\/\/infotep.com.ar\/wp-content\/uploads\/2024\/05\/peluquero-320x200.webp",320,200,true],"blossom-feminine-schema":["https:\/\/infotep.com.ar\/wp-content\/uploads\/2024\/05\/peluquero-94x60.webp",94,60,true],"blossom-mommy-blog-slider-big":["https:\/\/infotep.com.ar\/wp-content\/uploads\/2024\/05\/peluquero.webp",563,360,false],"blossom-mommy-blog-slider":["https:\/\/infotep.com.ar\/wp-content\/uploads\/2024\/05\/peluquero-460x310.webp",460,310,true],"blossom-mommy-blog-two":["https:\/\/infotep.com.ar\/wp-content\/uploads\/2024\/05\/peluquero.webp",563,360,false]},"author_info":{"info":["Angela Tobar"]},"category_info":"<a href=\"https:\/\/infotep.com.ar\/index.php\/category\/provinciales\/\" rel=\"category tag\">Provinciales<\/a>","tag_info":"Provinciales","comment_count":"0","_links":{"self":[{"href":"https:\/\/infotep.com.ar\/index.php\/wp-json\/wp\/v2\/posts\/14041"}],"collection":[{"href":"https:\/\/infotep.com.ar\/index.php\/wp-json\/wp\/v2\/posts"}],"about":[{"href":"https:\/\/infotep.com.ar\/index.php\/wp-json\/wp\/v2\/types\/post"}],"author":[{"embeddable":true,"href":"https:\/\/infotep.com.ar\/index.php\/wp-json\/wp\/v2\/users\/5"}],"replies":[{"embeddable":true,"href":"https:\/\/infotep.com.ar\/index.php\/wp-json\/wp\/v2\/comments?post=14041"}],"version-history":[{"count":1,"href":"https:\/\/infotep.com.ar\/index.php\/wp-json\/wp\/v2\/posts\/14041\/revisions"}],"predecessor-version":[{"id":14042,"href":"https:\/\/infotep.com.ar\/index.php\/wp-json\/wp\/v2\/posts\/14041\/revisions\/14042"}],"wp:featuredmedia":[{"embeddable":true,"href":"https:\/\/infotep.com.ar\/index.php\/wp-json\/wp\/v2\/media\/13737"}],"wp:attachment":[{"href":"https:\/\/infotep.com.ar\/index.php\/wp-json\/wp\/v2\/media?parent=14041"}],"wp:term":[{"taxonomy":"category","embeddable":true,"href":"https:\/\/infotep.com.ar\/index.php\/wp-json\/wp\/v2\/categories?post=14041"},{"taxonomy":"post_tag","embeddable":true,"href":"https:\/\/infotep.com.ar\/index.php\/wp-json\/wp\/v2\/tags?post=14041"}],"curies":[{"name":"wp","href":"https:\/\/api.w.org\/{rel}","templated":true}]}}