{"id":14077,"date":"2024-06-13T01:43:00","date_gmt":"2024-06-13T04:43:00","guid":{"rendered":"https:\/\/infotep.com.ar\/?p=14077"},"modified":"2024-06-12T22:43:50","modified_gmt":"2024-06-13T01:43:50","slug":"museo-historico-de-ituzaingo-presenta-la-muestra-en-mis-ojos-malvinas","status":"publish","type":"post","link":"https:\/\/infotep.com.ar\/index.php\/2024\/06\/13\/museo-historico-de-ituzaingo-presenta-la-muestra-en-mis-ojos-malvinas\/","title":{"rendered":"Museo hist\u00f3rico de Ituzaing\u00f3 presenta la muestra &#8220;En mis ojos, Malvinas&#8221;"},"content":{"rendered":"\n<p>En el marco del D\u00eda de la Afirmaci\u00f3n de los Derechos Argentinos sobre las Islas Malvinas, Islas del Atl\u00e1ntico Sur y Sector Ant\u00e1rtico, se presenta la muestra  fotogr\u00e1fica \u201cEn mis ojos, Malvinas\u201d de Rub\u00e9n Digilio, que se expondr\u00e1 simult\u00e1neamente en el Museo Hist\u00f3rico Municipal (Olaz\u00e1bal 855) y la Galer\u00eda Municipal de Arte (Soler 217) desde el viernes 14 de junio hasta el s\u00e1bado 27 de julio.<\/p>\n\n\n\n<p class=\"has-light-green-cyan-background-color has-background\">La muestra es un recorrido a trav\u00e9s de las islas, su fauna, su geograf\u00eda, los vestigios de la guerra y la vida cotidiana actual, como homenaje a los h\u00e9roes de Malvinas que volvieron y a los que dieron su vida por la Patria.<\/p>\n\n\n\n<p>La inauguraci\u00f3n de la muestra, que se realizar\u00e1 este viernes 14 de junio, contar\u00e1 con la participaci\u00f3n del fot\u00f3grafo Rub\u00e9n Digilio, quien presentar\u00e1 su libro \u201cEn mis ojos, Malvinas\u201d y llevar\u00e1 adelante un conversatorio sobre su obra y la muestra. La actividad comenzar\u00e1 a las 18hs en el Museo Hist\u00f3rico Municipal y a las 19hs se har\u00e1 el traslado hacia la Galer\u00eda Municipal de Arte, en donde se cerrar\u00e1 la jornada con un espect\u00e1culo musical.<\/p>\n\n\n\n<p>Las y los interesados en visitar la exposici\u00f3n podr\u00e1n hacerlo en el Museo Hist\u00f3rico Municipal o la Galer\u00eda Municipal de Arte de lunes a s\u00e1bados de 10 a 17hs. La entrada es libre y gratuita.<\/p>\n","protected":false},"excerpt":{"rendered":"<p>En el marco del D&iacute;a de la Afirmaci&oacute;n de los Derechos Argentinos sobre las Islas Malvinas, Islas del Atl&aacute;ntico Sur y Sector Ant&aacute;rtico, se presenta la muestra fotogr&aacute;fica &ldquo;En mis ojos, Malvinas&rdquo; de Rub&eacute;n Digilio, que se expondr&aacute; simult&aacute;neamente en el Museo Hist&oacute;rico Municipal (Olaz&aacute;bal 855) y la Galer&iacute;a Municipal de Arte (Soler 217) desde &hellip; <\/p>\n","protected":false},"author":5,"featured_media":14078,"comment_status":"closed","ping_status":"closed","sticky":false,"template":"","format":"standard","meta":{"om_disable_all_campaigns":false,"_joinchat":[]},"categories":[31,8],"tags":[46,51,43],"featured_image_urls":{"full":["https:\/\/infotep.com.ar\/wp-content\/uploads\/2024\/06\/En-mis-ojos-Malvinas-2.jpg",2385,1590,false],"thumbnail":["https:\/\/infotep.com.ar\/wp-content\/uploads\/2024\/06\/En-mis-ojos-Malvinas-2-150x150.jpg",150,150,true],"medium":["https:\/\/infotep.com.ar\/wp-content\/uploads\/2024\/06\/En-mis-ojos-Malvinas-2-300x200.jpg",300,200,true],"medium_large":["https:\/\/infotep.com.ar\/wp-content\/uploads\/2024\/06\/En-mis-ojos-Malvinas-2-768x512.jpg",768,512,true],"large":["https:\/\/infotep.com.ar\/wp-content\/uploads\/2024\/06\/En-mis-ojos-Malvinas-2-1024x683.jpg",1020,680,true],"1536x1536":["https:\/\/infotep.com.ar\/wp-content\/uploads\/2024\/06\/En-mis-ojos-Malvinas-2-1536x1024.jpg",1536,1024,true],"2048x2048":["https:\/\/infotep.com.ar\/wp-content\/uploads\/2024\/06\/En-mis-ojos-Malvinas-2-2048x1365.jpg",2048,1365,true],"blossom-feminine-slider":["https:\/\/infotep.com.ar\/wp-content\/uploads\/2024\/06\/En-mis-ojos-Malvinas-2-1920x649.jpg",1920,649,true],"blossom-feminine-featured":["https:\/\/infotep.com.ar\/wp-content\/uploads\/2024\/06\/En-mis-ojos-Malvinas-2-1410x600.jpg",1410,600,true],"blossom-feminine-with-sidebar":["https:\/\/infotep.com.ar\/wp-content\/uploads\/2024\/06\/En-mis-ojos-Malvinas-2-1020x600.jpg",1020,600,true],"blossom-feminine-blog":["https:\/\/infotep.com.ar\/wp-content\/uploads\/2024\/06\/En-mis-ojos-Malvinas-2-435x435.jpg",435,435,true],"blossom-feminine-cat":["https:\/\/infotep.com.ar\/wp-content\/uploads\/2024\/06\/En-mis-ojos-Malvinas-2-450x300.jpg",450,300,true],"blossom-feminine-related":["https:\/\/infotep.com.ar\/wp-content\/uploads\/2024\/06\/En-mis-ojos-Malvinas-2-320x200.jpg",320,200,true],"blossom-feminine-schema":["https:\/\/infotep.com.ar\/wp-content\/uploads\/2024\/06\/En-mis-ojos-Malvinas-2-90x60.jpg",90,60,true],"blossom-mommy-blog-slider-big":["https:\/\/infotep.com.ar\/wp-content\/uploads\/2024\/06\/En-mis-ojos-Malvinas-2-920x650.jpg",920,650,true],"blossom-mommy-blog-slider":["https:\/\/infotep.com.ar\/wp-content\/uploads\/2024\/06\/En-mis-ojos-Malvinas-2-460x310.jpg",460,310,true],"blossom-mommy-blog-two":["https:\/\/infotep.com.ar\/wp-content\/uploads\/2024\/06\/En-mis-ojos-Malvinas-2-768x480.jpg",768,480,true]},"author_info":{"info":["Angela Tobar"]},"category_info":"<a href=\"https:\/\/infotep.com.ar\/index.php\/category\/destacadas\/\" rel=\"category tag\">Destacadas<\/a> <a href=\"https:\/\/infotep.com.ar\/index.php\/category\/municipales\/ituzaingo\/\" rel=\"category tag\">Ituzaing\u00f3<\/a>","tag_info":"Ituzaing\u00f3","comment_count":"0","_links":{"self":[{"href":"https:\/\/infotep.com.ar\/index.php\/wp-json\/wp\/v2\/posts\/14077"}],"collection":[{"href":"https:\/\/infotep.com.ar\/index.php\/wp-json\/wp\/v2\/posts"}],"about":[{"href":"https:\/\/infotep.com.ar\/index.php\/wp-json\/wp\/v2\/types\/post"}],"author":[{"embeddable":true,"href":"https:\/\/infotep.com.ar\/index.php\/wp-json\/wp\/v2\/users\/5"}],"replies":[{"embeddable":true,"href":"https:\/\/infotep.com.ar\/index.php\/wp-json\/wp\/v2\/comments?post=14077"}],"version-history":[{"count":1,"href":"https:\/\/infotep.com.ar\/index.php\/wp-json\/wp\/v2\/posts\/14077\/revisions"}],"predecessor-version":[{"id":14079,"href":"https:\/\/infotep.com.ar\/index.php\/wp-json\/wp\/v2\/posts\/14077\/revisions\/14079"}],"wp:featuredmedia":[{"embeddable":true,"href":"https:\/\/infotep.com.ar\/index.php\/wp-json\/wp\/v2\/media\/14078"}],"wp:attachment":[{"href":"https:\/\/infotep.com.ar\/index.php\/wp-json\/wp\/v2\/media?parent=14077"}],"wp:term":[{"taxonomy":"category","embeddable":true,"href":"https:\/\/infotep.com.ar\/index.php\/wp-json\/wp\/v2\/categories?post=14077"},{"taxonomy":"post_tag","embeddable":true,"href":"https:\/\/infotep.com.ar\/index.php\/wp-json\/wp\/v2\/tags?post=14077"}],"curies":[{"name":"wp","href":"https:\/\/api.w.org\/{rel}","templated":true}]}}