{"id":14098,"date":"2024-06-13T20:12:11","date_gmt":"2024-06-13T23:12:11","guid":{"rendered":"https:\/\/infotep.com.ar\/?p=14098"},"modified":"2024-06-13T20:12:13","modified_gmt":"2024-06-13T23:12:13","slug":"el-papa-francisco-recibio-a-kicillof-en-una-audiencia-privada-en-el-vaticano","status":"publish","type":"post","link":"https:\/\/infotep.com.ar\/index.php\/2024\/06\/13\/el-papa-francisco-recibio-a-kicillof-en-una-audiencia-privada-en-el-vaticano\/","title":{"rendered":"El papa Francisco recibi\u00f3 a Kicillof en una audiencia privada en el Vaticano"},"content":{"rendered":"\n<p>La reuni\u00f3n es un nuevo gesto pol\u00edtico del Sumo Pont\u00edfice, quien horas antes hab\u00eda estado con sindicalistas aeron\u00e1uticos y hab\u00eda posado con una foto en defensa de Aerol\u00edneas Argentinas.<br><br>El papa Francisco recibi\u00f3 en una audiencia privada al gobernador bonaerense, Axel Kicillof, en el Vaticano, en un nuevo gesto que impactar\u00e1 en el Gobierno.<\/p>\n\n\n\n<p>Luego de mostrarse con una bandera en defensa de Aerol\u00edneas Argentinas, el Sumo Pont\u00edfice volvi\u00f3 a tener una actividad ligada a la pol\u00edtica argentina.<\/p>\n\n\n\n<p>El papa Francisco se fotografi\u00f3 con Aeronavegantes y una bandera de respaldo a Aerol\u00edneas<br>Este jueves recibi\u00f3 en el Vaticano a Kicillof en el marco de una audiencia privada.<\/p>\n\n\n\n<p>El mandatario provincial viaj\u00f3 a la Santa Sede acompa\u00f1ado por el ministro de Gobierno, Carlos Bianco, y la jefa de asesores, Cristina \u00c1lvarez Rodr\u00edguez.<\/p>\n\n\n\n<p>&#8220;Fue una muy buena reuni\u00f3n, un encuentro muy importante para m\u00ed en lo personal. El papa Francisco fue muy c\u00e1lido, afectuoso y muy preciso en sus definiciones en lo que respecta a la necesidad de tenderle la mano a quienes m\u00e1s lo necesitan&#8221;, se\u00f1al\u00f3 Kicillof.<\/p>\n\n\n\n<p>El gobernador bonaerense se\u00f1al\u00f3 que no conoc\u00eda personalmente al Santo Padre y remarc\u00f3 que &#8220;hoy tiene un papel muy importante: es un referente internacional en un momento donde es muy necesario tener esa mirada en una \u00e9poca de crisis, guerra, y del surgimiento de la extrema derecha&#8221;.<\/p>\n\n\n\n<p>&#8220;La voz del Papa es muy importante y muchas veces est\u00e1 sola, suena incluso discordante y por eso es muy necesaria&#8221;, subray\u00f3.<\/p>\n\n\n\n<p>Al referirse a lo que hablaron durante la audiencia privada, Kicillof detall\u00f3: &#8220;Compartimos informaci\u00f3n sobre la situaci\u00f3n social de la Argentina, que \u00e9l conoce en detalle. Las pol\u00edticas de (el presidente Javier) Milei impactan en los m\u00e1s vulnerables, en la industria nacional y en el desempleo, que est\u00e1 creciendo&#8221;.<\/p>\n\n\n\n<p>&#8220;Le coment\u00e9 las acciones que est\u00e1 llevando adelante la provincia de Buenos Aires para sostener lo que ven\u00edamos haciendo, actualizarlo por el impacto en los precios de los alimentos&#8221;, a\u00f1adi\u00f3.<\/p>\n\n\n\n<p>En sus cr\u00edticas al Gobierno, Kicillof expres\u00f3: &#8220;La pol\u00edtica de Milei no tiene nada de novedoso, son las mismas pol\u00edticas de siempre con los resultados de siempre, s\u00f3lo que en c\u00e1mara r\u00e1pida&#8221;.<\/p>\n\n\n\n<p>&#8220;Su propuesta econ\u00f3mica es asfixiar a las provincias, sacarles plata a los jubilados, encarecer los boletos del colectivo, que eran salario indirecto de los trabajadores&#8221;, concluy\u00f3.<\/p>\n","protected":false},"excerpt":{"rendered":"<p>La reuni&oacute;n es un nuevo gesto pol&iacute;tico del Sumo Pont&iacute;fice, quien horas antes hab&iacute;a estado con sindicalistas aeron&aacute;uticos y hab&iacute;a posado con una foto en defensa de Aerol&iacute;neas Argentinas. El papa Francisco recibi&oacute; en una audiencia privada al gobernador bonaerense, Axel Kicillof, en el Vaticano, en un nuevo gesto que impactar&aacute; en el Gobierno. Luego &hellip; <\/p>\n","protected":false},"author":5,"featured_media":14099,"comment_status":"closed","ping_status":"closed","sticky":false,"template":"","format":"standard","meta":{"om_disable_all_campaigns":false,"_joinchat":[]},"categories":[4],"tags":[46,43],"featured_image_urls":{"full":["https:\/\/infotep.com.ar\/wp-content\/uploads\/2024\/06\/papa.webp",1081,720,false],"thumbnail":["https:\/\/infotep.com.ar\/wp-content\/uploads\/2024\/06\/papa-150x150.webp",150,150,true],"medium":["https:\/\/infotep.com.ar\/wp-content\/uploads\/2024\/06\/papa-300x200.webp",300,200,true],"medium_large":["https:\/\/infotep.com.ar\/wp-content\/uploads\/2024\/06\/papa-768x512.webp",768,512,true],"large":["https:\/\/infotep.com.ar\/wp-content\/uploads\/2024\/06\/papa-1024x682.webp",1020,679,true],"1536x1536":["https:\/\/infotep.com.ar\/wp-content\/uploads\/2024\/06\/papa.webp",1081,720,false],"2048x2048":["https:\/\/infotep.com.ar\/wp-content\/uploads\/2024\/06\/papa.webp",1081,720,false],"blossom-feminine-slider":["https:\/\/infotep.com.ar\/wp-content\/uploads\/2024\/06\/papa-1081x649.webp",1081,649,true],"blossom-feminine-featured":["https:\/\/infotep.com.ar\/wp-content\/uploads\/2024\/06\/papa-1081x600.webp",1081,600,true],"blossom-feminine-with-sidebar":["https:\/\/infotep.com.ar\/wp-content\/uploads\/2024\/06\/papa-1020x600.webp",1020,600,true],"blossom-feminine-blog":["https:\/\/infotep.com.ar\/wp-content\/uploads\/2024\/06\/papa-435x435.webp",435,435,true],"blossom-feminine-cat":["https:\/\/infotep.com.ar\/wp-content\/uploads\/2024\/06\/papa-450x300.webp",450,300,true],"blossom-feminine-related":["https:\/\/infotep.com.ar\/wp-content\/uploads\/2024\/06\/papa-320x200.webp",320,200,true],"blossom-feminine-schema":["https:\/\/infotep.com.ar\/wp-content\/uploads\/2024\/06\/papa-90x60.webp",90,60,true],"blossom-mommy-blog-slider-big":["https:\/\/infotep.com.ar\/wp-content\/uploads\/2024\/06\/papa-920x650.webp",920,650,true],"blossom-mommy-blog-slider":["https:\/\/infotep.com.ar\/wp-content\/uploads\/2024\/06\/papa-460x310.webp",460,310,true],"blossom-mommy-blog-two":["https:\/\/infotep.com.ar\/wp-content\/uploads\/2024\/06\/papa-768x480.webp",768,480,true]},"author_info":{"info":["Angela Tobar"]},"category_info":"<a href=\"https:\/\/infotep.com.ar\/index.php\/category\/provinciales\/\" rel=\"category tag\">Provinciales<\/a>","tag_info":"Provinciales","comment_count":"0","_links":{"self":[{"href":"https:\/\/infotep.com.ar\/index.php\/wp-json\/wp\/v2\/posts\/14098"}],"collection":[{"href":"https:\/\/infotep.com.ar\/index.php\/wp-json\/wp\/v2\/posts"}],"about":[{"href":"https:\/\/infotep.com.ar\/index.php\/wp-json\/wp\/v2\/types\/post"}],"author":[{"embeddable":true,"href":"https:\/\/infotep.com.ar\/index.php\/wp-json\/wp\/v2\/users\/5"}],"replies":[{"embeddable":true,"href":"https:\/\/infotep.com.ar\/index.php\/wp-json\/wp\/v2\/comments?post=14098"}],"version-history":[{"count":1,"href":"https:\/\/infotep.com.ar\/index.php\/wp-json\/wp\/v2\/posts\/14098\/revisions"}],"predecessor-version":[{"id":14100,"href":"https:\/\/infotep.com.ar\/index.php\/wp-json\/wp\/v2\/posts\/14098\/revisions\/14100"}],"wp:featuredmedia":[{"embeddable":true,"href":"https:\/\/infotep.com.ar\/index.php\/wp-json\/wp\/v2\/media\/14099"}],"wp:attachment":[{"href":"https:\/\/infotep.com.ar\/index.php\/wp-json\/wp\/v2\/media?parent=14098"}],"wp:term":[{"taxonomy":"category","embeddable":true,"href":"https:\/\/infotep.com.ar\/index.php\/wp-json\/wp\/v2\/categories?post=14098"},{"taxonomy":"post_tag","embeddable":true,"href":"https:\/\/infotep.com.ar\/index.php\/wp-json\/wp\/v2\/tags?post=14098"}],"curies":[{"name":"wp","href":"https:\/\/api.w.org\/{rel}","templated":true}]}}