{"id":14137,"date":"2024-06-18T01:28:38","date_gmt":"2024-06-18T04:28:38","guid":{"rendered":"https:\/\/infotep.com.ar\/?p=14137"},"modified":"2024-06-18T01:28:39","modified_gmt":"2024-06-18T04:28:39","slug":"como-viene-la-inflacion-de-junio-por-que-expertos-ven-dificil-que-siga-bajando","status":"publish","type":"post","link":"https:\/\/infotep.com.ar\/index.php\/2024\/06\/18\/como-viene-la-inflacion-de-junio-por-que-expertos-ven-dificil-que-siga-bajando\/","title":{"rendered":"C\u00f3mo viene la inflaci\u00f3n de junio: por qu\u00e9 expertos ven dif\u00edcil que siga bajando"},"content":{"rendered":"\n<p>Esperan una variaci\u00f3n de entre el 5 y 6% por la reanudaci\u00f3n de los aumentos en las tarifas de luz y gas postergados durante el mes previo, sumado a las se\u00f1ales de aceleraci\u00f3n en los alimentos, seg\u00fan la consultora EcoGo.<\/p>\n\n\n\n<p>El Gobierno avanz\u00f3 en la correcci\u00f3n de precios, que en noviembre ten\u00edan un atraso de 42% en t\u00e9rminos reales. En mayo hubo una pausa para priorizar la baja de la inflaci\u00f3n, a costa de mayor presi\u00f3n futura, seg\u00fan expertos.<\/p>\n\n\n\n<p><strong>El ministro de Econom\u00eda, Luis Caputo, decidi\u00f3 retomar en junio los aumentos en tarifas de luz y de gas, a partir de una quita de subsidios enfocada en sectores de ingresos medios y bajos.<\/strong><\/p>\n\n\n\n<p>Las consultoras estiman que el impacto en el IPC ser\u00e1 de entre 1 y 2 puntos porcentuales. A eso se sumar\u00e1 un incremento en los combustibles del 4% promedio y el aumento del subte.<\/p>\n\n\n\n<p><strong>Para la Fundaci\u00f3n Capital, el sendero de desinflaci\u00f3n podr\u00eda encontrar un freno en los pr\u00f3ximos meses.<\/strong><\/p>\n\n\n\n<p>Los expertos mencionan, adem\u00e1s, la dificultad de salir del cepo (con muchos pesos y sin d\u00f3lares en el BCRA), y la incertidumbre sobre el esquema de salida, puesto que la competencia de monedas con tipo de cambio flexible y la dolarizaci\u00f3n parecen m\u00e1s una competencia de reg\u00edmenes cambiarios que pasos secuenciales complementarios.<\/p>\n\n\n\n<p>La inflaci\u00f3n se ubicar\u00eda en torno a 5,7% mensual en el tercer trimestre, aunque si se decidiera no seguir avanzando con los aumentos de tarifas en el \u00faltimo trimestre, podr\u00eda retornar a los niveles previos, indic\u00f3 la entidad.<\/p>\n\n\n\n<p>Las estimaciones privadas, por otra parte, observan una aceleraci\u00f3n de los precios de los alimentos. LCG detect\u00f3 un alza del 1,5% en la segunda semana del mes.<\/p>\n\n\n\n<p>Y EcoGo registr\u00f3 un incremento del 0,5% en la primera semana, una leve suba respecto a la semana anterior.<\/p>\n\n\n\n<p>El reporte de LCG arroja que las verduras, el az\u00facar \u2013junto con la miel, los dulces y el cacao\u2013 y las bebidas y las infusiones fueron los productos que m\u00e1s aumentaron en la segunda semana del mes, con un alza de 3,9%, 2,8% y 2,4%, respectivamente. Le siguieron los l\u00e1cteos y los huevos, con 2,3%; y los panificados, los cereales y las pastas, con 1,9%.<\/p>\n\n\n\n<p>Para la Fundaci\u00f3n FIEL, los precios subieron 3,8% en la primera semana de junio. De esa suba, 1,2 puntos corresponden a los incrementos en las facturas de electricidad y gas, lo que, seg\u00fan la entidad, rompe con la tendencia de descenso. A ello se suma la suba del Impuesto a las Transferencias de los Combustibles, y su traslado al precio de la nafta.<\/p>\n\n\n\n<p>Seg\u00fan el \u00faltimo Relevamiento de Expectativas de Mercado (REM) del Banco Central, en junio subir\u00e1 al 5,5%, una leve diferencia que marca el freno a la baja y un leve repunte de los precios.<\/p>\n\n\n\n<p class=\"has-light-green-cyan-background-color has-background\">En el \u00faltimo a\u00f1o, los precios de los alimentos subieron 290%. El cambio m\u00e1s relevante en materia de consumo fue que muchos hogares debieron resignar el consumo de carnes y pescados, porque sus precios se convirtieron en prohibitivos.<\/p>\n\n\n\n<p>Esto deprimi\u00f3 el consumo de carne, que cay\u00f3 18% en el primer cuatrimestre, seg\u00fan la C\u00e1mara de Industrias y el Comercio de Carnes y Derivados de la Rep\u00fablica Argentina (CICCRA).<\/p>\n\n\n\n<p>Tambi\u00e9n los embutidos se dispararon con fuerza, con precios que llegan a los $40 mil por kilo, como es el caso del jam\u00f3n crudo.<\/p>\n\n\n\n<p>Las verduras tambi\u00e9n vienen experimentando fuertes alzas, y amagan con presionar sobre la inflaci\u00f3n de junio.<\/p>\n\n\n\n<p>La aceleraci\u00f3n de los precios de los alimentos en los \u00faltimos d\u00edas coincidi\u00f3 con la suba de las cotizaciones de los d\u00f3lares alternativos.<\/p>\n\n\n\n<p>Por eso, encienden una luz de alerta por el impacto que puedan tener en el \u00edndice de precios de junio.<\/p>\n\n\n\n<p>\u201cHabr\u00eda que irse olvidando de que la inflaci\u00f3n empiece con un 4 delante. Ser\u00e1 con un 5, y habr\u00e1 que ver hasta donde rebota\u201d, explic\u00f3 un consultor especializado en consumo.<\/p>\n","protected":false},"excerpt":{"rendered":"<p>Esperan una variaci&oacute;n de entre el 5 y 6% por la reanudaci&oacute;n de los aumentos en las tarifas de luz y gas postergados durante el mes previo, sumado a las se&ntilde;ales de aceleraci&oacute;n en los alimentos, seg&uacute;n la consultora EcoGo. El Gobierno avanz&oacute; en la correcci&oacute;n de precios, que en noviembre ten&iacute;an un atraso de &hellip; <\/p>\n","protected":false},"author":5,"featured_media":5372,"comment_status":"closed","ping_status":"closed","sticky":false,"template":"","format":"standard","meta":{"om_disable_all_campaigns":false,"_joinchat":[]},"categories":[3],"tags":[46,43],"featured_image_urls":{"full":["https:\/\/infotep.com.ar\/wp-content\/uploads\/2023\/06\/inflacion-compras-canasta.jpg",900,505,false],"thumbnail":["https:\/\/infotep.com.ar\/wp-content\/uploads\/2023\/06\/inflacion-compras-canasta-150x150.jpg",150,150,true],"medium":["https:\/\/infotep.com.ar\/wp-content\/uploads\/2023\/06\/inflacion-compras-canasta-300x168.jpg",300,168,true],"medium_large":["https:\/\/infotep.com.ar\/wp-content\/uploads\/2023\/06\/inflacion-compras-canasta-768x431.jpg",768,431,true],"large":["https:\/\/infotep.com.ar\/wp-content\/uploads\/2023\/06\/inflacion-compras-canasta.jpg",900,505,false],"1536x1536":["https:\/\/infotep.com.ar\/wp-content\/uploads\/2023\/06\/inflacion-compras-canasta.jpg",900,505,false],"2048x2048":["https:\/\/infotep.com.ar\/wp-content\/uploads\/2023\/06\/inflacion-compras-canasta.jpg",900,505,false],"blossom-feminine-slider":["https:\/\/infotep.com.ar\/wp-content\/uploads\/2023\/06\/inflacion-compras-canasta.jpg",900,505,false],"blossom-feminine-featured":["https:\/\/infotep.com.ar\/wp-content\/uploads\/2023\/06\/inflacion-compras-canasta.jpg",900,505,false],"blossom-feminine-with-sidebar":["https:\/\/infotep.com.ar\/wp-content\/uploads\/2023\/06\/inflacion-compras-canasta.jpg",900,505,false],"blossom-feminine-blog":["https:\/\/infotep.com.ar\/wp-content\/uploads\/2023\/06\/inflacion-compras-canasta-435x435.jpg",435,435,true],"blossom-feminine-cat":["https:\/\/infotep.com.ar\/wp-content\/uploads\/2023\/06\/inflacion-compras-canasta-450x300.jpg",450,300,true],"blossom-feminine-related":["https:\/\/infotep.com.ar\/wp-content\/uploads\/2023\/06\/inflacion-compras-canasta-320x200.jpg",320,200,true],"blossom-feminine-schema":["https:\/\/infotep.com.ar\/wp-content\/uploads\/2023\/06\/inflacion-compras-canasta-107x60.jpg",107,60,true],"blossom-mommy-blog-slider-big":["https:\/\/infotep.com.ar\/wp-content\/uploads\/2023\/06\/inflacion-compras-canasta.jpg",900,505,false],"blossom-mommy-blog-slider":["https:\/\/infotep.com.ar\/wp-content\/uploads\/2023\/06\/inflacion-compras-canasta-460x310.jpg",460,310,true],"blossom-mommy-blog-two":["https:\/\/infotep.com.ar\/wp-content\/uploads\/2023\/06\/inflacion-compras-canasta-768x480.jpg",768,480,true]},"author_info":{"info":["Angela Tobar"]},"category_info":"<a href=\"https:\/\/infotep.com.ar\/index.php\/category\/nacionales\/\" rel=\"category tag\">Nacionales<\/a>","tag_info":"Nacionales","comment_count":"0","_links":{"self":[{"href":"https:\/\/infotep.com.ar\/index.php\/wp-json\/wp\/v2\/posts\/14137"}],"collection":[{"href":"https:\/\/infotep.com.ar\/index.php\/wp-json\/wp\/v2\/posts"}],"about":[{"href":"https:\/\/infotep.com.ar\/index.php\/wp-json\/wp\/v2\/types\/post"}],"author":[{"embeddable":true,"href":"https:\/\/infotep.com.ar\/index.php\/wp-json\/wp\/v2\/users\/5"}],"replies":[{"embeddable":true,"href":"https:\/\/infotep.com.ar\/index.php\/wp-json\/wp\/v2\/comments?post=14137"}],"version-history":[{"count":1,"href":"https:\/\/infotep.com.ar\/index.php\/wp-json\/wp\/v2\/posts\/14137\/revisions"}],"predecessor-version":[{"id":14138,"href":"https:\/\/infotep.com.ar\/index.php\/wp-json\/wp\/v2\/posts\/14137\/revisions\/14138"}],"wp:featuredmedia":[{"embeddable":true,"href":"https:\/\/infotep.com.ar\/index.php\/wp-json\/wp\/v2\/media\/5372"}],"wp:attachment":[{"href":"https:\/\/infotep.com.ar\/index.php\/wp-json\/wp\/v2\/media?parent=14137"}],"wp:term":[{"taxonomy":"category","embeddable":true,"href":"https:\/\/infotep.com.ar\/index.php\/wp-json\/wp\/v2\/categories?post=14137"},{"taxonomy":"post_tag","embeddable":true,"href":"https:\/\/infotep.com.ar\/index.php\/wp-json\/wp\/v2\/tags?post=14137"}],"curies":[{"name":"wp","href":"https:\/\/api.w.org\/{rel}","templated":true}]}}