{"id":14139,"date":"2024-06-18T01:30:43","date_gmt":"2024-06-18T04:30:43","guid":{"rendered":"https:\/\/infotep.com.ar\/?p=14139"},"modified":"2024-06-18T01:51:07","modified_gmt":"2024-06-18T04:51:07","slug":"familiares-de-los-detenidos-durante-la-votacion-de-la-ley-bases-convocaron-a-una-nueva-movilizacion","status":"publish","type":"post","link":"https:\/\/infotep.com.ar\/index.php\/2024\/06\/18\/familiares-de-los-detenidos-durante-la-votacion-de-la-ley-bases-convocaron-a-una-nueva-movilizacion\/","title":{"rendered":"Familiares de los detenidos durante la votaci\u00f3n de la Ley Bases convocaron a una nueva movilizaci\u00f3n"},"content":{"rendered":"\n<p><strong>El reclamo por la liberaci\u00f3n de las personas que contin\u00faan arrestadas ser\u00e1 ma\u00f1ana por la tarde, en la Plaza de Mayo. Aseguraron que es una marcha \u201csin banderas partidarias\u201d y se congregar\u00e1n bajo el lema \u201cpresos pol\u00edticos nunca m\u00e1s\u201d.<br><\/strong><br>Familiares de los detenidos durante la votaci\u00f3n de la Ley Bases realizaron ayer una autoconvocatoria, en la puerta del Servicio de Paz y Justicia (SERPAJ), y llamaron nuevamente a una movilizaci\u00f3n hacia la Plaza de Mayo, hoy martes 18 a las 16.30hs.<\/p>\n\n\n\n<p><strong>Bajo el lema \u201cpresos pol\u00edticos nunca m\u00e1s\u201d y con la aclaraci\u00f3n de que no responden a \u201cninguna bandera partidaria\u201d, invitaron a asociaciones civiles, organismos sociales, de Derechos Humanos y a todos aquellos que quieran, unirse al reclamo por la liberaci\u00f3n \u201cinmediata\u201d de quienes a\u00fan contin\u00faan detenidos.<\/strong><\/p>\n\n\n\n<p>Familiares de los detenidos durante la votaci\u00f3n de la Ley Bases convocaron a una nueva movilizaci\u00f3n<br>En la lista publicada por la organizaci\u00f3n Coordinadora contra la Represi\u00f3n Policial e Institucional (CORREPI), de las 35 personas detenidas, 22 estaban a disposici\u00f3n de fiscal\u00eda de la Ciudad de Buenos Aires y 13 del Juzgado Federal n\u00famero 1, a cargo de la jueza Mar\u00eda Servini.<\/p>\n\n\n\n<p>Por el momento, Servini orden\u00f3 la excarcelaci\u00f3n de 17 imputados por no hallar ninguna prueba incriminatoria, luego de haber tomado las declaraciones correspondientes y ver las im\u00e1genes de las c\u00e1maras en las inmediaciones del Congreso de la Naci\u00f3n.<\/p>\n\n\n\n<p class=\"has-light-green-cyan-background-color has-background\">Hasta este momento, contin\u00faan detenidos: Daniel Sica, Patricia Calardo Arredondo, Juan Ignacio Espinetto, Camila Ju\u00e1rez, Nicol\u00e1s Mayorga, Saya Lyardet, H\u00e9ctor Mallea, Cristian Dario Ferreira, Juan Pablo Colombo, Mar\u00eda de la Paz Cerruti, Ramona Tocaba, Luc\u00eda Belen Puglia, Cristian Valiente , Facundo Exequiel G\u00f3mez Gabriel Famulari y Roberto Mar\u00eda de la Cruz.<\/p>\n","protected":false},"excerpt":{"rendered":"<p>El reclamo por la liberaci&oacute;n de las personas que contin&uacute;an arrestadas ser&aacute; ma&ntilde;ana por la tarde, en la Plaza de Mayo. Aseguraron que es una marcha &ldquo;sin banderas partidarias&rdquo; y se congregar&aacute;n bajo el lema &ldquo;presos pol&iacute;ticos nunca m&aacute;s&rdquo;.Familiares de los detenidos durante la votaci&oacute;n de la Ley Bases realizaron ayer una autoconvocatoria, en la &hellip; <\/p>\n","protected":false},"author":5,"featured_media":14140,"comment_status":"closed","ping_status":"closed","sticky":false,"template":"","format":"standard","meta":{"om_disable_all_campaigns":false,"_joinchat":[]},"categories":[31,4,6],"tags":[46,43],"featured_image_urls":{"full":["https:\/\/infotep.com.ar\/wp-content\/uploads\/2024\/06\/360-1.webp",493,360,false],"thumbnail":["https:\/\/infotep.com.ar\/wp-content\/uploads\/2024\/06\/360-1-150x150.webp",150,150,true],"medium":["https:\/\/infotep.com.ar\/wp-content\/uploads\/2024\/06\/360-1-300x219.webp",300,219,true],"medium_large":["https:\/\/infotep.com.ar\/wp-content\/uploads\/2024\/06\/360-1.webp",493,360,false],"large":["https:\/\/infotep.com.ar\/wp-content\/uploads\/2024\/06\/360-1.webp",493,360,false],"1536x1536":["https:\/\/infotep.com.ar\/wp-content\/uploads\/2024\/06\/360-1.webp",493,360,false],"2048x2048":["https:\/\/infotep.com.ar\/wp-content\/uploads\/2024\/06\/360-1.webp",493,360,false],"blossom-feminine-slider":["https:\/\/infotep.com.ar\/wp-content\/uploads\/2024\/06\/360-1.webp",493,360,false],"blossom-feminine-featured":["https:\/\/infotep.com.ar\/wp-content\/uploads\/2024\/06\/360-1.webp",493,360,false],"blossom-feminine-with-sidebar":["https:\/\/infotep.com.ar\/wp-content\/uploads\/2024\/06\/360-1.webp",493,360,false],"blossom-feminine-blog":["https:\/\/infotep.com.ar\/wp-content\/uploads\/2024\/06\/360-1-435x360.webp",435,360,true],"blossom-feminine-cat":["https:\/\/infotep.com.ar\/wp-content\/uploads\/2024\/06\/360-1-450x300.webp",450,300,true],"blossom-feminine-related":["https:\/\/infotep.com.ar\/wp-content\/uploads\/2024\/06\/360-1-320x200.webp",320,200,true],"blossom-feminine-schema":["https:\/\/infotep.com.ar\/wp-content\/uploads\/2024\/06\/360-1-82x60.webp",82,60,true],"blossom-mommy-blog-slider-big":["https:\/\/infotep.com.ar\/wp-content\/uploads\/2024\/06\/360-1.webp",493,360,false],"blossom-mommy-blog-slider":["https:\/\/infotep.com.ar\/wp-content\/uploads\/2024\/06\/360-1-460x310.webp",460,310,true],"blossom-mommy-blog-two":["https:\/\/infotep.com.ar\/wp-content\/uploads\/2024\/06\/360-1.webp",493,360,false]},"author_info":{"info":["Angela Tobar"]},"category_info":"<a href=\"https:\/\/infotep.com.ar\/index.php\/category\/destacadas\/\" rel=\"category tag\">Destacadas<\/a> <a href=\"https:\/\/infotep.com.ar\/index.php\/category\/provinciales\/\" rel=\"category tag\">Provinciales<\/a> <a href=\"https:\/\/infotep.com.ar\/index.php\/category\/universitarias\/\" rel=\"category tag\">Universitarias<\/a>","tag_info":"Universitarias","comment_count":"0","_links":{"self":[{"href":"https:\/\/infotep.com.ar\/index.php\/wp-json\/wp\/v2\/posts\/14139"}],"collection":[{"href":"https:\/\/infotep.com.ar\/index.php\/wp-json\/wp\/v2\/posts"}],"about":[{"href":"https:\/\/infotep.com.ar\/index.php\/wp-json\/wp\/v2\/types\/post"}],"author":[{"embeddable":true,"href":"https:\/\/infotep.com.ar\/index.php\/wp-json\/wp\/v2\/users\/5"}],"replies":[{"embeddable":true,"href":"https:\/\/infotep.com.ar\/index.php\/wp-json\/wp\/v2\/comments?post=14139"}],"version-history":[{"count":1,"href":"https:\/\/infotep.com.ar\/index.php\/wp-json\/wp\/v2\/posts\/14139\/revisions"}],"predecessor-version":[{"id":14141,"href":"https:\/\/infotep.com.ar\/index.php\/wp-json\/wp\/v2\/posts\/14139\/revisions\/14141"}],"wp:featuredmedia":[{"embeddable":true,"href":"https:\/\/infotep.com.ar\/index.php\/wp-json\/wp\/v2\/media\/14140"}],"wp:attachment":[{"href":"https:\/\/infotep.com.ar\/index.php\/wp-json\/wp\/v2\/media?parent=14139"}],"wp:term":[{"taxonomy":"category","embeddable":true,"href":"https:\/\/infotep.com.ar\/index.php\/wp-json\/wp\/v2\/categories?post=14139"},{"taxonomy":"post_tag","embeddable":true,"href":"https:\/\/infotep.com.ar\/index.php\/wp-json\/wp\/v2\/tags?post=14139"}],"curies":[{"name":"wp","href":"https:\/\/api.w.org\/{rel}","templated":true}]}}