{"id":14232,"date":"2024-06-21T20:57:11","date_gmt":"2024-06-21T23:57:11","guid":{"rendered":"https:\/\/infotep.com.ar\/?p=14232"},"modified":"2024-06-21T20:57:12","modified_gmt":"2024-06-21T23:57:12","slug":"la-matanza-celebro-el-dia-de-la-bandera-con-una-colorida-fiesta-patriotica","status":"publish","type":"post","link":"https:\/\/infotep.com.ar\/index.php\/2024\/06\/21\/la-matanza-celebro-el-dia-de-la-bandera-con-una-colorida-fiesta-patriotica\/","title":{"rendered":"La Matanza celebr\u00f3 el D\u00eda de la Bandera con una colorida fiesta patri\u00f3tica"},"content":{"rendered":"\n<p>Como cada a\u00f1o, el acto donde se homenajea al pr\u00f3cer argentino, Manuel Belgrano, se realiz\u00f3 en la plaza Delia Romero, de la ciudad de 20 de Junio, donde participaron ni\u00f1as, ni\u00f1os, j\u00f3venes, familias, representantes de centros tradicionalistas, de escuelas y jardines de infantes, entidades intermedias y todas las fuerzas vivas del distrito.<\/p>\n\n\n\n<p>Durante la ceremonia, y como es tradicional todos los a\u00f1os, alumnas y alumnos de 4\u00b0 grado de escuelas primarias de La Matanza, prometieron lealtad a la bandera. Luego, participaron de un colorido desfile, que incluy\u00f3 abanderados de colegios y jardines de infantes, veteranos de Malvinas, centros tradicionalistas, centros de jubilados, clubes e instituciones locales. Acompa\u00f1ados en todo el recorrido por los acordes interpretados por la Orquesta municipal.<\/p>\n\n\n\n<p>El presidente del Consejo Escolar de La Matanza, Fabio Sosa, les dio la bienvenida a los presentes; junto a los integrantes del Gabinete local: la secretaria General de Gobierno, Silvia Francese; el secretario de Planificaci\u00f3n Operativa, Miguel Saredi; la secretaria de Deportes, Jorgelina Bertoni y el subsecretario de Veteranos de Guerra de Malvinas, Carlos Farina, entre otros.<\/p>\n\n\n\n<p>Adem\u00e1s, como parte de una verdadera celebraci\u00f3n patria y popular, toda la plaza central de 20 de Junio se visti\u00f3 de fiesta, donde las familias pod\u00edan disfrutar de las ferias gastron\u00f3micas y artesanales.<\/p>\n\n\n\n<p><\/p>\n","protected":false},"excerpt":{"rendered":"<p>Como cada a&ntilde;o, el acto donde se homenajea al pr&oacute;cer argentino, Manuel Belgrano, se realiz&oacute; en la plaza Delia Romero, de la ciudad de 20 de Junio, donde participaron ni&ntilde;as, ni&ntilde;os, j&oacute;venes, familias, representantes de centros tradicionalistas, de escuelas y jardines de infantes, entidades intermedias y todas las fuerzas vivas del distrito. Durante la ceremonia, &hellip; <\/p>\n","protected":false},"author":5,"featured_media":14233,"comment_status":"closed","ping_status":"closed","sticky":false,"template":"","format":"standard","meta":{"om_disable_all_campaigns":false,"_joinchat":[]},"categories":[31,26],"tags":[46,43],"featured_image_urls":{"full":["https:\/\/infotep.com.ar\/wp-content\/uploads\/2024\/06\/Dia_de_la_Bandera_2-1.jpg",644,430,false],"thumbnail":["https:\/\/infotep.com.ar\/wp-content\/uploads\/2024\/06\/Dia_de_la_Bandera_2-1-150x150.jpg",150,150,true],"medium":["https:\/\/infotep.com.ar\/wp-content\/uploads\/2024\/06\/Dia_de_la_Bandera_2-1-300x200.jpg",300,200,true],"medium_large":["https:\/\/infotep.com.ar\/wp-content\/uploads\/2024\/06\/Dia_de_la_Bandera_2-1.jpg",644,430,false],"large":["https:\/\/infotep.com.ar\/wp-content\/uploads\/2024\/06\/Dia_de_la_Bandera_2-1.jpg",644,430,false],"1536x1536":["https:\/\/infotep.com.ar\/wp-content\/uploads\/2024\/06\/Dia_de_la_Bandera_2-1.jpg",644,430,false],"2048x2048":["https:\/\/infotep.com.ar\/wp-content\/uploads\/2024\/06\/Dia_de_la_Bandera_2-1.jpg",644,430,false],"blossom-feminine-slider":["https:\/\/infotep.com.ar\/wp-content\/uploads\/2024\/06\/Dia_de_la_Bandera_2-1.jpg",644,430,false],"blossom-feminine-featured":["https:\/\/infotep.com.ar\/wp-content\/uploads\/2024\/06\/Dia_de_la_Bandera_2-1.jpg",644,430,false],"blossom-feminine-with-sidebar":["https:\/\/infotep.com.ar\/wp-content\/uploads\/2024\/06\/Dia_de_la_Bandera_2-1.jpg",644,430,false],"blossom-feminine-blog":["https:\/\/infotep.com.ar\/wp-content\/uploads\/2024\/06\/Dia_de_la_Bandera_2-1-435x430.jpg",435,430,true],"blossom-feminine-cat":["https:\/\/infotep.com.ar\/wp-content\/uploads\/2024\/06\/Dia_de_la_Bandera_2-1-450x300.jpg",450,300,true],"blossom-feminine-related":["https:\/\/infotep.com.ar\/wp-content\/uploads\/2024\/06\/Dia_de_la_Bandera_2-1-320x200.jpg",320,200,true],"blossom-feminine-schema":["https:\/\/infotep.com.ar\/wp-content\/uploads\/2024\/06\/Dia_de_la_Bandera_2-1-90x60.jpg",90,60,true],"blossom-mommy-blog-slider-big":["https:\/\/infotep.com.ar\/wp-content\/uploads\/2024\/06\/Dia_de_la_Bandera_2-1.jpg",644,430,false],"blossom-mommy-blog-slider":["https:\/\/infotep.com.ar\/wp-content\/uploads\/2024\/06\/Dia_de_la_Bandera_2-1-460x310.jpg",460,310,true],"blossom-mommy-blog-two":["https:\/\/infotep.com.ar\/wp-content\/uploads\/2024\/06\/Dia_de_la_Bandera_2-1.jpg",644,430,false]},"author_info":{"info":["Angela Tobar"]},"category_info":"<a href=\"https:\/\/infotep.com.ar\/index.php\/category\/destacadas\/\" rel=\"category tag\">Destacadas<\/a> <a href=\"https:\/\/infotep.com.ar\/index.php\/category\/municipales\/la-matanza\/\" rel=\"category tag\">La Matanza<\/a>","tag_info":"La Matanza","comment_count":"0","_links":{"self":[{"href":"https:\/\/infotep.com.ar\/index.php\/wp-json\/wp\/v2\/posts\/14232"}],"collection":[{"href":"https:\/\/infotep.com.ar\/index.php\/wp-json\/wp\/v2\/posts"}],"about":[{"href":"https:\/\/infotep.com.ar\/index.php\/wp-json\/wp\/v2\/types\/post"}],"author":[{"embeddable":true,"href":"https:\/\/infotep.com.ar\/index.php\/wp-json\/wp\/v2\/users\/5"}],"replies":[{"embeddable":true,"href":"https:\/\/infotep.com.ar\/index.php\/wp-json\/wp\/v2\/comments?post=14232"}],"version-history":[{"count":1,"href":"https:\/\/infotep.com.ar\/index.php\/wp-json\/wp\/v2\/posts\/14232\/revisions"}],"predecessor-version":[{"id":14234,"href":"https:\/\/infotep.com.ar\/index.php\/wp-json\/wp\/v2\/posts\/14232\/revisions\/14234"}],"wp:featuredmedia":[{"embeddable":true,"href":"https:\/\/infotep.com.ar\/index.php\/wp-json\/wp\/v2\/media\/14233"}],"wp:attachment":[{"href":"https:\/\/infotep.com.ar\/index.php\/wp-json\/wp\/v2\/media?parent=14232"}],"wp:term":[{"taxonomy":"category","embeddable":true,"href":"https:\/\/infotep.com.ar\/index.php\/wp-json\/wp\/v2\/categories?post=14232"},{"taxonomy":"post_tag","embeddable":true,"href":"https:\/\/infotep.com.ar\/index.php\/wp-json\/wp\/v2\/tags?post=14232"}],"curies":[{"name":"wp","href":"https:\/\/api.w.org\/{rel}","templated":true}]}}