{"id":14328,"date":"2024-06-28T00:04:55","date_gmt":"2024-06-28T03:04:55","guid":{"rendered":"https:\/\/infotep.com.ar\/?p=14328"},"modified":"2024-06-28T00:04:56","modified_gmt":"2024-06-28T03:04:56","slug":"bullrich-sobre-loan-voy-a-ir-con-equipos-radiologicos-para-buscar-en-la-panza-de-animales","status":"publish","type":"post","link":"https:\/\/infotep.com.ar\/index.php\/2024\/06\/28\/bullrich-sobre-loan-voy-a-ir-con-equipos-radiologicos-para-buscar-en-la-panza-de-animales\/","title":{"rendered":"Bullrich sobre Loan: &#8220;Voy a ir con equipos radiol\u00f3gicos para buscar en la panza de animales&#8221;"},"content":{"rendered":"\n<p>La ministra de Seguridad dijo que piensa analizar est\u00f3magos de pumas y yacar\u00e9s.<br><br>La ministra de Seguridad de la Naci\u00f3n,, Patricia Bullrich, asegur\u00f3 hoy que ir\u00e1 \u201ccon todo\u201d para buscar al peque\u00f1o Loan, desaparecido hace dos semanas en Corrientes, y eso incluye llevar equipos \u201cradiol\u00f3gicos\u201d para revisar la panza de los animales.<\/p>\n\n\n\n<p><strong>\u201cVoy a ir con todo, con buzos, con personal de monta\u00f1a, no, de monte\u201d, comenz\u00f3 afirmando Bullrich en una entrevista en el canal de noticias La Naci\u00f3n+.<\/strong><\/p>\n\n\n\n<p class=\"has-light-green-cyan-background-color has-background\">&#8220;Voy a ir con equipos radiol\u00f3gicos para ver en la panza de los animales, hay que ir con todo\u2026 Hay yacar\u00e9s, hay pumas, hay de todo en la zona&#8221;, agreg\u00f3 la ex candidata a presidenta por Juntos por el Cambio, sin avergonzarse por esas declaraciones y proque su cartera se involucr\u00f3 en el caso 13 d\u00edas despu\u00e9s de la desaparici\u00f3n del ni\u00f1o.<\/p>\n\n\n\n<p><\/p>\n\n\n\n<p>Bullrich se reuni\u00f3 con Milei<br><br>El presidente Javier Milei repas\u00f3 en la semana con la ministra de Seguridad, Patricia Bullrich, los detalles del trabajo que est\u00e1n llevando adelante las fuerzas de seguridad para la b\u00fasqueda del ni\u00f1o desparecido en Corrientes Loan Pe\u00f1a, lo hiz\u00f3 reci\u00e9n a 13 d\u00edas de la desaparici\u00f3n.<\/p>\n\n\n\n<p>&#8220;Me reun\u00ed con el Presidente @JMilei para brindarle un estado de situaci\u00f3n detallado sobre el trabajo que estamos llevando adelante en la b\u00fasqueda de Loan. Durante la reuni\u00f3n, expuse todas las acciones que hemos tomado hasta el momento, destacando el esfuerzo incansable de nuestro equipo y de todas las personas involucradas&#8221;, detall\u00f3 la funcionaria en su cuenta de X.<\/p>\n\n\n\n<p>Y agreg\u00f3: &#8220;Estamos utilizando todos los recursos disponibles para encontrar a Loan. Los culpables van a pagar por esto tras las rejas&#8221;.<\/p>\n\n\n\n<p>El encuentro de la ministra y el jefe de Estado se llev\u00f3 a cabo en la residencia de Olivos, a trece d\u00edas de la desaparici\u00f3n de Loan.<\/p>\n\n\n\n<p>&#8220;Durante la reuni\u00f3n, la ministra expuso todas las acciones desplegadas hasta el momento y destac\u00f3 el esfuerzo incansable del equipo y de todas las personas involucradas para encontrar al ni\u00f1o de 5 a\u00f1os&#8221;, inform\u00f3, por su parte, Presidencia.<\/p>\n\n\n\n<p>En sus \u00faltimas declaraciones televisivas sobre el caso Loan, Bullrich sostuvo: &#8220;No descartamos que se lo hayan llevado fuera del pa\u00eds&#8221;.<\/p>\n\n\n\n<p>&#8220;No lo descartamos y por eso yo estuve con el jefe de la inteligencia paraguaya, ellos est\u00e1n trabajando con nosotros. Han llegado muchos llamados al 134 con hip\u00f3tesis de Paraguay y ellos respondieron de manera inmediata&#8221;, agreg\u00f3.<\/p>\n\n\n\n<p>Y puntualiz\u00f3: &#8220;He informado al Presidente de la Naci\u00f3n y las conversaciones son conversaciones que tenemos que tener en la intimidad de un Gabinete. Lo he informado sobre lo que ha sucedido y voy a seguir en ese sentido&#8221;.<\/p>\n","protected":false},"excerpt":{"rendered":"<p>La ministra de Seguridad dijo que piensa analizar est&oacute;magos de pumas y yacar&eacute;s. La ministra de Seguridad de la Naci&oacute;n,, Patricia Bullrich, asegur&oacute; hoy que ir&aacute; &ldquo;con todo&rdquo; para buscar al peque&ntilde;o Loan, desaparecido hace dos semanas en Corrientes, y eso incluye llevar equipos &ldquo;radiol&oacute;gicos&rdquo; para revisar la panza de los animales. &ldquo;Voy a ir &hellip; <\/p>\n","protected":false},"author":5,"featured_media":14329,"comment_status":"closed","ping_status":"closed","sticky":false,"template":"","format":"standard","meta":{"om_disable_all_campaigns":false,"_joinchat":[]},"categories":[3],"tags":[46,43],"featured_image_urls":{"full":["https:\/\/infotep.com.ar\/wp-content\/uploads\/2024\/06\/bullich.webp",571,360,false],"thumbnail":["https:\/\/infotep.com.ar\/wp-content\/uploads\/2024\/06\/bullich-150x150.webp",150,150,true],"medium":["https:\/\/infotep.com.ar\/wp-content\/uploads\/2024\/06\/bullich-300x189.webp",300,189,true],"medium_large":["https:\/\/infotep.com.ar\/wp-content\/uploads\/2024\/06\/bullich.webp",571,360,false],"large":["https:\/\/infotep.com.ar\/wp-content\/uploads\/2024\/06\/bullich.webp",571,360,false],"1536x1536":["https:\/\/infotep.com.ar\/wp-content\/uploads\/2024\/06\/bullich.webp",571,360,false],"2048x2048":["https:\/\/infotep.com.ar\/wp-content\/uploads\/2024\/06\/bullich.webp",571,360,false],"blossom-feminine-slider":["https:\/\/infotep.com.ar\/wp-content\/uploads\/2024\/06\/bullich.webp",571,360,false],"blossom-feminine-featured":["https:\/\/infotep.com.ar\/wp-content\/uploads\/2024\/06\/bullich.webp",571,360,false],"blossom-feminine-with-sidebar":["https:\/\/infotep.com.ar\/wp-content\/uploads\/2024\/06\/bullich.webp",571,360,false],"blossom-feminine-blog":["https:\/\/infotep.com.ar\/wp-content\/uploads\/2024\/06\/bullich-435x360.webp",435,360,true],"blossom-feminine-cat":["https:\/\/infotep.com.ar\/wp-content\/uploads\/2024\/06\/bullich-450x300.webp",450,300,true],"blossom-feminine-related":["https:\/\/infotep.com.ar\/wp-content\/uploads\/2024\/06\/bullich-320x200.webp",320,200,true],"blossom-feminine-schema":["https:\/\/infotep.com.ar\/wp-content\/uploads\/2024\/06\/bullich-95x60.webp",95,60,true],"blossom-mommy-blog-slider-big":["https:\/\/infotep.com.ar\/wp-content\/uploads\/2024\/06\/bullich.webp",571,360,false],"blossom-mommy-blog-slider":["https:\/\/infotep.com.ar\/wp-content\/uploads\/2024\/06\/bullich-460x310.webp",460,310,true],"blossom-mommy-blog-two":["https:\/\/infotep.com.ar\/wp-content\/uploads\/2024\/06\/bullich.webp",571,360,false]},"author_info":{"info":["Angela Tobar"]},"category_info":"<a href=\"https:\/\/infotep.com.ar\/index.php\/category\/nacionales\/\" rel=\"category tag\">Nacionales<\/a>","tag_info":"Nacionales","comment_count":"0","_links":{"self":[{"href":"https:\/\/infotep.com.ar\/index.php\/wp-json\/wp\/v2\/posts\/14328"}],"collection":[{"href":"https:\/\/infotep.com.ar\/index.php\/wp-json\/wp\/v2\/posts"}],"about":[{"href":"https:\/\/infotep.com.ar\/index.php\/wp-json\/wp\/v2\/types\/post"}],"author":[{"embeddable":true,"href":"https:\/\/infotep.com.ar\/index.php\/wp-json\/wp\/v2\/users\/5"}],"replies":[{"embeddable":true,"href":"https:\/\/infotep.com.ar\/index.php\/wp-json\/wp\/v2\/comments?post=14328"}],"version-history":[{"count":1,"href":"https:\/\/infotep.com.ar\/index.php\/wp-json\/wp\/v2\/posts\/14328\/revisions"}],"predecessor-version":[{"id":14330,"href":"https:\/\/infotep.com.ar\/index.php\/wp-json\/wp\/v2\/posts\/14328\/revisions\/14330"}],"wp:featuredmedia":[{"embeddable":true,"href":"https:\/\/infotep.com.ar\/index.php\/wp-json\/wp\/v2\/media\/14329"}],"wp:attachment":[{"href":"https:\/\/infotep.com.ar\/index.php\/wp-json\/wp\/v2\/media?parent=14328"}],"wp:term":[{"taxonomy":"category","embeddable":true,"href":"https:\/\/infotep.com.ar\/index.php\/wp-json\/wp\/v2\/categories?post=14328"},{"taxonomy":"post_tag","embeddable":true,"href":"https:\/\/infotep.com.ar\/index.php\/wp-json\/wp\/v2\/tags?post=14328"}],"curies":[{"name":"wp","href":"https:\/\/api.w.org\/{rel}","templated":true}]}}