{"id":14379,"date":"2024-07-01T15:17:07","date_gmt":"2024-07-01T18:17:07","guid":{"rendered":"https:\/\/infotep.com.ar\/?p=14379"},"modified":"2024-07-01T15:17:08","modified_gmt":"2024-07-01T18:17:08","slug":"telam-se-convirtio-en-una-agencia-de-publicidad-y-propaganda-del-gobierno-nacional","status":"publish","type":"post","link":"https:\/\/infotep.com.ar\/index.php\/2024\/07\/01\/telam-se-convirtio-en-una-agencia-de-publicidad-y-propaganda-del-gobierno-nacional\/","title":{"rendered":"T\u00e9lam se convirti\u00f3 en una agencia de publicidad y propaganda del Gobierno Nacional"},"content":{"rendered":"\n<p>El Poder Ejecutivo public\u00f3, en el Bolet\u00edn Oficial, la nueva funci\u00f3n que tendr\u00e1 ahora el organismo. Los periodistas que trabajaban all\u00ed fueron traspasados a otros medios p\u00fablicos.<br><br>El Gobierno nacional convirti\u00f3 al ex servicio de noticias T\u00e9lam en la Agencia de Publicidad del Estado (APE) seg\u00fan oficializaron hoy, a trav\u00e9s del Decreto 548\/2024 publicado en el Bolet\u00edn Oficial.<\/p>\n\n\n\n<p>Seg\u00fan el comunicado, el organismo dejar\u00e1 de funcionar \u201ctal como ha sido creado originalmente, en las actividades de servicios period\u00edsticos y como Agencia de Noticias\u201d, y sufrir\u00e1 modificaciones para \u201calinear sus operaciones con un nuevo enfoque estrat\u00e9gico de la sociedad\u201d como Agencia de Publicidad y Propaganda.<\/p>\n\n\n\n<p>Para la gesti\u00f3n de Javier Milei, el \u201cconcentrando los recursos&#8221; de esta \u2018nueva\u2019 empresa \u201cofrece mayores oportunidades de crecimiento y rentabilidad a largo plazo\u201d dentro de la econom\u00eda del pa\u00eds.<\/p>\n\n\n\n<p>\u201cLa Agencia de Publicidad del Estado Sociedad An\u00f3nima Unipersonal (APE S.A.U.) tendr\u00e1 por objeto operar como Agencia de Publicidad y Propaganda, entendiendo en la elaboraci\u00f3n, producci\u00f3n, comercializaci\u00f3n y distribuci\u00f3n de material publicitario nacional y\/o internacional, tanto dentro del territorio de la Rep\u00fablica Argentina como en el exterior, en su car\u00e1cter de Agencia de Publicidad\u201d, cita el texto oficial.<\/p>\n\n\n\n<p>Por el momento, el Gobierno considera pasar al personal, que est\u00e1 interesado en seguir trabajando para el Estado, a Radio y Televisi\u00f3n Argentina (RTA); en total ser\u00edan unos 150 empleados los que podr\u00edan continuar bajo la \u00f3rbita de medios p\u00fablicos mientras que 350, aproximadamente, quedaron desafectados debido a que aceptaron el retiro voluntario.<\/p>\n","protected":false},"excerpt":{"rendered":"<p>El Poder Ejecutivo public&oacute;, en el Bolet&iacute;n Oficial, la nueva funci&oacute;n que tendr&aacute; ahora el organismo. Los periodistas que trabajaban all&iacute; fueron traspasados a otros medios p&uacute;blicos. El Gobierno nacional convirti&oacute; al ex servicio de noticias T&eacute;lam en la Agencia de Publicidad del Estado (APE) seg&uacute;n oficializaron hoy, a trav&eacute;s del Decreto 548\/2024 publicado en &hellip; <\/p>\n","protected":false},"author":5,"featured_media":11664,"comment_status":"closed","ping_status":"closed","sticky":false,"template":"","format":"standard","meta":{"om_disable_all_campaigns":false,"_joinchat":[]},"categories":[4],"tags":[46,43],"featured_image_urls":{"full":["https:\/\/infotep.com.ar\/wp-content\/uploads\/2024\/03\/telam-1.webp",960,720,false],"thumbnail":["https:\/\/infotep.com.ar\/wp-content\/uploads\/2024\/03\/telam-1-150x150.webp",150,150,true],"medium":["https:\/\/infotep.com.ar\/wp-content\/uploads\/2024\/03\/telam-1-300x225.webp",300,225,true],"medium_large":["https:\/\/infotep.com.ar\/wp-content\/uploads\/2024\/03\/telam-1-768x576.webp",768,576,true],"large":["https:\/\/infotep.com.ar\/wp-content\/uploads\/2024\/03\/telam-1.webp",960,720,false],"1536x1536":["https:\/\/infotep.com.ar\/wp-content\/uploads\/2024\/03\/telam-1.webp",960,720,false],"2048x2048":["https:\/\/infotep.com.ar\/wp-content\/uploads\/2024\/03\/telam-1.webp",960,720,false],"blossom-feminine-slider":["https:\/\/infotep.com.ar\/wp-content\/uploads\/2024\/03\/telam-1-960x649.webp",960,649,true],"blossom-feminine-featured":["https:\/\/infotep.com.ar\/wp-content\/uploads\/2024\/03\/telam-1-960x600.webp",960,600,true],"blossom-feminine-with-sidebar":["https:\/\/infotep.com.ar\/wp-content\/uploads\/2024\/03\/telam-1-960x600.webp",960,600,true],"blossom-feminine-blog":["https:\/\/infotep.com.ar\/wp-content\/uploads\/2024\/03\/telam-1-435x435.webp",435,435,true],"blossom-feminine-cat":["https:\/\/infotep.com.ar\/wp-content\/uploads\/2024\/03\/telam-1-450x300.webp",450,300,true],"blossom-feminine-related":["https:\/\/infotep.com.ar\/wp-content\/uploads\/2024\/03\/telam-1-320x200.webp",320,200,true],"blossom-feminine-schema":["https:\/\/infotep.com.ar\/wp-content\/uploads\/2024\/03\/telam-1-80x60.webp",80,60,true],"blossom-mommy-blog-slider-big":["https:\/\/infotep.com.ar\/wp-content\/uploads\/2024\/03\/telam-1-920x650.webp",920,650,true],"blossom-mommy-blog-slider":["https:\/\/infotep.com.ar\/wp-content\/uploads\/2024\/03\/telam-1-460x310.webp",460,310,true],"blossom-mommy-blog-two":["https:\/\/infotep.com.ar\/wp-content\/uploads\/2024\/03\/telam-1-768x480.webp",768,480,true]},"author_info":{"info":["Angela Tobar"]},"category_info":"<a href=\"https:\/\/infotep.com.ar\/index.php\/category\/provinciales\/\" rel=\"category tag\">Provinciales<\/a>","tag_info":"Provinciales","comment_count":"0","_links":{"self":[{"href":"https:\/\/infotep.com.ar\/index.php\/wp-json\/wp\/v2\/posts\/14379"}],"collection":[{"href":"https:\/\/infotep.com.ar\/index.php\/wp-json\/wp\/v2\/posts"}],"about":[{"href":"https:\/\/infotep.com.ar\/index.php\/wp-json\/wp\/v2\/types\/post"}],"author":[{"embeddable":true,"href":"https:\/\/infotep.com.ar\/index.php\/wp-json\/wp\/v2\/users\/5"}],"replies":[{"embeddable":true,"href":"https:\/\/infotep.com.ar\/index.php\/wp-json\/wp\/v2\/comments?post=14379"}],"version-history":[{"count":1,"href":"https:\/\/infotep.com.ar\/index.php\/wp-json\/wp\/v2\/posts\/14379\/revisions"}],"predecessor-version":[{"id":14380,"href":"https:\/\/infotep.com.ar\/index.php\/wp-json\/wp\/v2\/posts\/14379\/revisions\/14380"}],"wp:featuredmedia":[{"embeddable":true,"href":"https:\/\/infotep.com.ar\/index.php\/wp-json\/wp\/v2\/media\/11664"}],"wp:attachment":[{"href":"https:\/\/infotep.com.ar\/index.php\/wp-json\/wp\/v2\/media?parent=14379"}],"wp:term":[{"taxonomy":"category","embeddable":true,"href":"https:\/\/infotep.com.ar\/index.php\/wp-json\/wp\/v2\/categories?post=14379"},{"taxonomy":"post_tag","embeddable":true,"href":"https:\/\/infotep.com.ar\/index.php\/wp-json\/wp\/v2\/tags?post=14379"}],"curies":[{"name":"wp","href":"https:\/\/api.w.org\/{rel}","templated":true}]}}