{"id":14427,"date":"2024-07-03T15:24:51","date_gmt":"2024-07-03T18:24:51","guid":{"rendered":"https:\/\/infotep.com.ar\/?p=14427"},"modified":"2024-07-03T15:24:52","modified_gmt":"2024-07-03T18:24:52","slug":"comenzo-el-2do-congreso-productivo-bonaerense","status":"publish","type":"post","link":"https:\/\/infotep.com.ar\/index.php\/2024\/07\/03\/comenzo-el-2do-congreso-productivo-bonaerense\/","title":{"rendered":"Comenz\u00f3 el 2do Congreso Productivo bonaerense"},"content":{"rendered":"\n<p>Se trata de un espacio organizado por la Provincia que en sus dos jornadas convoca en Mar del Plata a todos los sectores productivos para discutir desaf\u00edos de desarrollo, industria y trabajo<\/p>\n\n\n\n<p>El ministro de Producci\u00f3n, Ciencia e Innovaci\u00f3n Tecnol\u00f3gica bonaerense, Augusto Costa, y el ministro de Desarrollo Agrario de la Provincia, Javier Rodr\u00edguez, encabezaron este martes en Mar del Plata la apertura del segundo Congreso Productivo Bonaerense, un espacio de debate amplio y plural junto a sectores p\u00fablicos, privados, acad\u00e9micos, empresarios, cooperativos, gremiales y cient\u00edficos para intercambiar ideas sobre estrategias de desarrollo, producci\u00f3n e industria en la provincia de Buenos Aires.<\/p>\n\n\n\n<p><strong>Este segundo Congreso Productivo Bonaerense, organizado por los ministerios provinciales de Producci\u00f3n, Ciencia e Innovaci\u00f3n Tecnol\u00f3gica y de Desarrollo Agrario, tiene lugar los d\u00edas 2 y 3 de julio en el Hotel Provincial Mar del Plata y contar\u00e1 en su ceremonia de cierre con la presencia del gobernador Axel Kicillof.<\/strong><\/p>\n\n\n\n<p>Se trata de un espacio que convoca a los distintos actores vinculados con la producci\u00f3n, entre los que se encuentran representantes de empresas, cooperativas, c\u00e1maras, sindicatos, universidades, organismos p\u00fablicos provinciales, nacionales y municipales; comunidad cient\u00edfica y referentes pol\u00edticos, con m\u00e1s de 130 panelistas y m\u00e1s de 2500 personas inscriptas.<\/p>\n\n\n\n<p>El Congreso Productivo Bonaerense incluy\u00f3, entre las actividades de su primera jornada, un encuentro entre el ministro Augusto Costa, el ministro Javier Rodr\u00edguez, el titular de ARBA, Cristian Girard y representantes de secretar\u00edas de Producci\u00f3n de m\u00e1s de 100 municipios de la Provincia.<\/p>\n\n\n\n<p>\u201cEstamos discutiendo tem\u00e1ticas centrales sobre desarrollo productivo para la Provincia en particular, pero tambi\u00e9n para todo el pa\u00eds; el objetivo es pensar, debatir, intercambiar ideas y llegar a conclusiones\u201d, se\u00f1al\u00f3 el ministro Augusto Costa. Y agreg\u00f3: \u201cEl Congreso Productivo Bonaerense es un evento que nuclea a gran parte de los actores productivos y del trabajo en la Provincia y con una representatividad absoluta; para nosotros es un orgullo que nuestra convocatoria haya tenido una respuesta tan grande, estando en tiempos de crisis\u201d.<\/p>\n\n\n\n<p>\u201cEstos contextos necesitan espacios para reflexionar, parar la pelota un poco, para pensar hacia d\u00f3nde nos lleva esto; ojal\u00e1 tengamos dos jornadas muy productivas donde podamos aprender muchas cosas, debatir y salir con m\u00e1s herramientas para sobrellevar esta situaci\u00f3n, y volver a pensar en una Provincia que crezca, se desarrolle, produzca, se integre ya que, como dice el Gobernador, no es una Provincia inviable, sino una Provincia que necesita un Estado presente\u201d, concluy\u00f3 Augusto Costa.<\/p>\n\n\n\n<p>\u201cDesde la Provincia venimos generando herramientas para impulsar el desarrollo local, la industrializaci\u00f3n y el trabajo, acompa\u00f1ando a todos los productores con acciones concretas y espec\u00edficas, pensadas para cada escala y tipo de producci\u00f3n. Nuestro objetivo es contribuir al crecimiento y consolidaci\u00f3n del entramado productivo en cada distrito, porque queremos m\u00e1s producci\u00f3n pero con m\u00e1s productores\u201d, se\u00f1al\u00f3 a su vez el ministro Javier Rodr\u00edguez.<\/p>\n\n\n\n<p>\u201cEstos encuentros son fundamentales para pensar los desaf\u00edos que tenemos frente a un contexto nacional complicado, y construir junto al sector privado, el \u00e1mbito acad\u00e9mico y cient\u00edfico, pol\u00edticas p\u00fablicas para que la Provincia siga avanzando\u201d, agreg\u00f3 el jefe de la cartera agraria bonaerense.<\/p>\n\n\n\n<p><strong>El Congreso Productivo Bonaerense es una invitaci\u00f3n a debatir objetivos, desaf\u00edos, necesidades y estrategias de la Provincia para el desarrollo y fortalecimiento de la producci\u00f3n y el trabajo. Y crea un espacio de discusi\u00f3n pluralista y federal sobre el sistema productivo para el corto, mediano y largo plazo en todo el territorio provincial.\u00a0<\/strong><\/p>\n","protected":false},"excerpt":{"rendered":"<p>Se trata de un espacio organizado por la Provincia que en sus dos jornadas convoca en Mar del Plata a todos los sectores productivos para discutir desaf&iacute;os de desarrollo, industria y trabajo El ministro de Producci&oacute;n, Ciencia e Innovaci&oacute;n Tecnol&oacute;gica bonaerense, Augusto Costa, y el ministro de Desarrollo Agrario de la Provincia, Javier Rodr&iacute;guez, encabezaron &hellip; <\/p>\n","protected":false},"author":5,"featured_media":14428,"comment_status":"closed","ping_status":"closed","sticky":false,"template":"","format":"standard","meta":{"om_disable_all_campaigns":false,"_joinchat":[]},"categories":[31,4],"tags":[46,43],"featured_image_urls":{"full":["https:\/\/infotep.com.ar\/wp-content\/uploads\/2024\/07\/congreso.jpg",880,512,false],"thumbnail":["https:\/\/infotep.com.ar\/wp-content\/uploads\/2024\/07\/congreso-150x150.jpg",150,150,true],"medium":["https:\/\/infotep.com.ar\/wp-content\/uploads\/2024\/07\/congreso-300x175.jpg",300,175,true],"medium_large":["https:\/\/infotep.com.ar\/wp-content\/uploads\/2024\/07\/congreso-768x447.jpg",768,447,true],"large":["https:\/\/infotep.com.ar\/wp-content\/uploads\/2024\/07\/congreso.jpg",880,512,false],"1536x1536":["https:\/\/infotep.com.ar\/wp-content\/uploads\/2024\/07\/congreso.jpg",880,512,false],"2048x2048":["https:\/\/infotep.com.ar\/wp-content\/uploads\/2024\/07\/congreso.jpg",880,512,false],"blossom-feminine-slider":["https:\/\/infotep.com.ar\/wp-content\/uploads\/2024\/07\/congreso.jpg",880,512,false],"blossom-feminine-featured":["https:\/\/infotep.com.ar\/wp-content\/uploads\/2024\/07\/congreso.jpg",880,512,false],"blossom-feminine-with-sidebar":["https:\/\/infotep.com.ar\/wp-content\/uploads\/2024\/07\/congreso.jpg",880,512,false],"blossom-feminine-blog":["https:\/\/infotep.com.ar\/wp-content\/uploads\/2024\/07\/congreso-435x435.jpg",435,435,true],"blossom-feminine-cat":["https:\/\/infotep.com.ar\/wp-content\/uploads\/2024\/07\/congreso-450x300.jpg",450,300,true],"blossom-feminine-related":["https:\/\/infotep.com.ar\/wp-content\/uploads\/2024\/07\/congreso-320x200.jpg",320,200,true],"blossom-feminine-schema":["https:\/\/infotep.com.ar\/wp-content\/uploads\/2024\/07\/congreso-103x60.jpg",103,60,true],"blossom-mommy-blog-slider-big":["https:\/\/infotep.com.ar\/wp-content\/uploads\/2024\/07\/congreso.jpg",880,512,false],"blossom-mommy-blog-slider":["https:\/\/infotep.com.ar\/wp-content\/uploads\/2024\/07\/congreso-460x310.jpg",460,310,true],"blossom-mommy-blog-two":["https:\/\/infotep.com.ar\/wp-content\/uploads\/2024\/07\/congreso-768x480.jpg",768,480,true]},"author_info":{"info":["Angela Tobar"]},"category_info":"<a href=\"https:\/\/infotep.com.ar\/index.php\/category\/destacadas\/\" rel=\"category tag\">Destacadas<\/a> <a href=\"https:\/\/infotep.com.ar\/index.php\/category\/provinciales\/\" rel=\"category tag\">Provinciales<\/a>","tag_info":"Provinciales","comment_count":"0","_links":{"self":[{"href":"https:\/\/infotep.com.ar\/index.php\/wp-json\/wp\/v2\/posts\/14427"}],"collection":[{"href":"https:\/\/infotep.com.ar\/index.php\/wp-json\/wp\/v2\/posts"}],"about":[{"href":"https:\/\/infotep.com.ar\/index.php\/wp-json\/wp\/v2\/types\/post"}],"author":[{"embeddable":true,"href":"https:\/\/infotep.com.ar\/index.php\/wp-json\/wp\/v2\/users\/5"}],"replies":[{"embeddable":true,"href":"https:\/\/infotep.com.ar\/index.php\/wp-json\/wp\/v2\/comments?post=14427"}],"version-history":[{"count":1,"href":"https:\/\/infotep.com.ar\/index.php\/wp-json\/wp\/v2\/posts\/14427\/revisions"}],"predecessor-version":[{"id":14429,"href":"https:\/\/infotep.com.ar\/index.php\/wp-json\/wp\/v2\/posts\/14427\/revisions\/14429"}],"wp:featuredmedia":[{"embeddable":true,"href":"https:\/\/infotep.com.ar\/index.php\/wp-json\/wp\/v2\/media\/14428"}],"wp:attachment":[{"href":"https:\/\/infotep.com.ar\/index.php\/wp-json\/wp\/v2\/media?parent=14427"}],"wp:term":[{"taxonomy":"category","embeddable":true,"href":"https:\/\/infotep.com.ar\/index.php\/wp-json\/wp\/v2\/categories?post=14427"},{"taxonomy":"post_tag","embeddable":true,"href":"https:\/\/infotep.com.ar\/index.php\/wp-json\/wp\/v2\/tags?post=14427"}],"curies":[{"name":"wp","href":"https:\/\/api.w.org\/{rel}","templated":true}]}}