{"id":14500,"date":"2024-07-08T13:43:03","date_gmt":"2024-07-08T16:43:03","guid":{"rendered":"https:\/\/infotep.com.ar\/?p=14500"},"modified":"2024-07-08T13:43:04","modified_gmt":"2024-07-08T16:43:04","slug":"repunto-la-inflacion-en-la-ciudad-de-buenos-aires-en-junio-48","status":"publish","type":"post","link":"https:\/\/infotep.com.ar\/index.php\/2024\/07\/08\/repunto-la-inflacion-en-la-ciudad-de-buenos-aires-en-junio-48\/","title":{"rendered":"Repunt\u00f3 la inflaci\u00f3n en la Ciudad de Buenos Aires en junio: 4,8%"},"content":{"rendered":"\n<p>La inflaci\u00f3n en la ciudad de Buenos Aires en junio ascendi\u00f3 a 4,8%, lo que implica un alza de 0,4 puntos con relaci\u00f3n al mes anterior, seg\u00fan inform\u00f3 la Direcci\u00f3n de Estad\u00edstica y Censos de la Ciudad de Buenos Aires.<\/p>\n\n\n\n<p>De esta forma, la suba de precios interanual de junio escal\u00f3 a 272,7% y en el primer semestre acumul\u00f3 una variaci\u00f3n de 88,9%.<\/p>\n\n\n\n<p>El incremento de 4,8% fren\u00f3 el proceso de desinflaci\u00f3n que se ven\u00eda observando desde enero y la principal raz\u00f3n es el ajuste en las tarifas de los servicios p\u00fablicos.<\/p>\n\n\n\n<p><\/p>\n\n\n\n<p>Por la incidencia en los bolsillos tambi\u00e9n se destaca el 4,7% que se produjo en transporte por el aumento en el pasaje subte y la suba de los combustibles.<\/p>\n\n\n\n<p>En salud el incremento fue de 4,7% por las actualizaciones en las cuotas de la medicina prepaga.<\/p>\n\n\n\n<p>En tanto, la medici\u00f3n en alimentos registr\u00f3 un alza promedio de 2,7%, siempre de acuerdo al informe oficial.<\/p>\n\n\n\n<p>Indumentaria mostr\u00f3 aumentos promedio de 3,3% mientras que \u201cinformaci\u00f3n y comunicaci\u00f3n\u201d subi\u00f3 4,9%.<\/p>\n\n\n\n<p>Seguros y servicios financieros \u2013el \u00edtem con menos incidencia de la muestra- tuvo un avance de 11,7%.<\/p>\n\n\n\n<p>En la medici\u00f3n de inflaci\u00f3n de la Ciudad de Buenos Aires tiene especial impacto los aumentos en las tarifas, dada que la composici\u00f3n de la muestra les da una ponderaci\u00f3n mayor.<\/p>\n\n\n\n<p>Adem\u00e1s, los ajustes en este rubro que se produjeron en los \u00faltimos meses fueron mayores a los del resto del pa\u00eds debido a la quita de subsidios.<\/p>\n\n\n\n<p>De todas maneras, el 4,8% confirma la tendencia que ven\u00edan anticipando los analistas de un freno en el proceso de desinflaci\u00f3n que se hab\u00eda iniciado desde enero.<\/p>\n\n\n\n<p>El presidente Javier Milei tambi\u00e9n hab\u00eda admitido esta posibilidad consciente de los efectos del recorte de subsidios que empujaron los aumentos en los servicios p\u00fablicos.<\/p>\n\n\n\n<p>Este comportamiento se observa en forma clara en la apertura por conjuntos dado que bienes tuvo un alza promedio de 2,7%, mientras que los servicios subieron 6,4%.<\/p>\n\n\n\n<p>Otra de las forma de agrupaci\u00f3n muestra que los productos estacionales aumentaron 2,4% y los \u201cregulados\u201d (servicios) ajustaron 8,5%, mientras que el resto de los precios que componen el IPCBA lo hicieron 4,1%.<\/p>\n","protected":false},"excerpt":{"rendered":"<p>La inflaci&oacute;n en la ciudad de Buenos Aires en junio ascendi&oacute; a 4,8%, lo que implica un alza de 0,4 puntos con relaci&oacute;n al mes anterior, seg&uacute;n inform&oacute; la Direcci&oacute;n de Estad&iacute;stica y Censos de la Ciudad de Buenos Aires. De esta forma, la suba de precios interanual de junio escal&oacute; a 272,7% y en &hellip; <\/p>\n","protected":false},"author":5,"featured_media":5372,"comment_status":"closed","ping_status":"closed","sticky":false,"template":"","format":"standard","meta":{"om_disable_all_campaigns":false,"_joinchat":[]},"categories":[31,4],"tags":[46,43],"featured_image_urls":{"full":["https:\/\/infotep.com.ar\/wp-content\/uploads\/2023\/06\/inflacion-compras-canasta.jpg",900,505,false],"thumbnail":["https:\/\/infotep.com.ar\/wp-content\/uploads\/2023\/06\/inflacion-compras-canasta-150x150.jpg",150,150,true],"medium":["https:\/\/infotep.com.ar\/wp-content\/uploads\/2023\/06\/inflacion-compras-canasta-300x168.jpg",300,168,true],"medium_large":["https:\/\/infotep.com.ar\/wp-content\/uploads\/2023\/06\/inflacion-compras-canasta-768x431.jpg",768,431,true],"large":["https:\/\/infotep.com.ar\/wp-content\/uploads\/2023\/06\/inflacion-compras-canasta.jpg",900,505,false],"1536x1536":["https:\/\/infotep.com.ar\/wp-content\/uploads\/2023\/06\/inflacion-compras-canasta.jpg",900,505,false],"2048x2048":["https:\/\/infotep.com.ar\/wp-content\/uploads\/2023\/06\/inflacion-compras-canasta.jpg",900,505,false],"blossom-feminine-slider":["https:\/\/infotep.com.ar\/wp-content\/uploads\/2023\/06\/inflacion-compras-canasta.jpg",900,505,false],"blossom-feminine-featured":["https:\/\/infotep.com.ar\/wp-content\/uploads\/2023\/06\/inflacion-compras-canasta.jpg",900,505,false],"blossom-feminine-with-sidebar":["https:\/\/infotep.com.ar\/wp-content\/uploads\/2023\/06\/inflacion-compras-canasta.jpg",900,505,false],"blossom-feminine-blog":["https:\/\/infotep.com.ar\/wp-content\/uploads\/2023\/06\/inflacion-compras-canasta-435x435.jpg",435,435,true],"blossom-feminine-cat":["https:\/\/infotep.com.ar\/wp-content\/uploads\/2023\/06\/inflacion-compras-canasta-450x300.jpg",450,300,true],"blossom-feminine-related":["https:\/\/infotep.com.ar\/wp-content\/uploads\/2023\/06\/inflacion-compras-canasta-320x200.jpg",320,200,true],"blossom-feminine-schema":["https:\/\/infotep.com.ar\/wp-content\/uploads\/2023\/06\/inflacion-compras-canasta-107x60.jpg",107,60,true],"blossom-mommy-blog-slider-big":["https:\/\/infotep.com.ar\/wp-content\/uploads\/2023\/06\/inflacion-compras-canasta.jpg",900,505,false],"blossom-mommy-blog-slider":["https:\/\/infotep.com.ar\/wp-content\/uploads\/2023\/06\/inflacion-compras-canasta-460x310.jpg",460,310,true],"blossom-mommy-blog-two":["https:\/\/infotep.com.ar\/wp-content\/uploads\/2023\/06\/inflacion-compras-canasta-768x480.jpg",768,480,true]},"author_info":{"info":["Angela Tobar"]},"category_info":"<a href=\"https:\/\/infotep.com.ar\/index.php\/category\/destacadas\/\" rel=\"category tag\">Destacadas<\/a> <a href=\"https:\/\/infotep.com.ar\/index.php\/category\/provinciales\/\" rel=\"category tag\">Provinciales<\/a>","tag_info":"Provinciales","comment_count":"0","_links":{"self":[{"href":"https:\/\/infotep.com.ar\/index.php\/wp-json\/wp\/v2\/posts\/14500"}],"collection":[{"href":"https:\/\/infotep.com.ar\/index.php\/wp-json\/wp\/v2\/posts"}],"about":[{"href":"https:\/\/infotep.com.ar\/index.php\/wp-json\/wp\/v2\/types\/post"}],"author":[{"embeddable":true,"href":"https:\/\/infotep.com.ar\/index.php\/wp-json\/wp\/v2\/users\/5"}],"replies":[{"embeddable":true,"href":"https:\/\/infotep.com.ar\/index.php\/wp-json\/wp\/v2\/comments?post=14500"}],"version-history":[{"count":1,"href":"https:\/\/infotep.com.ar\/index.php\/wp-json\/wp\/v2\/posts\/14500\/revisions"}],"predecessor-version":[{"id":14501,"href":"https:\/\/infotep.com.ar\/index.php\/wp-json\/wp\/v2\/posts\/14500\/revisions\/14501"}],"wp:featuredmedia":[{"embeddable":true,"href":"https:\/\/infotep.com.ar\/index.php\/wp-json\/wp\/v2\/media\/5372"}],"wp:attachment":[{"href":"https:\/\/infotep.com.ar\/index.php\/wp-json\/wp\/v2\/media?parent=14500"}],"wp:term":[{"taxonomy":"category","embeddable":true,"href":"https:\/\/infotep.com.ar\/index.php\/wp-json\/wp\/v2\/categories?post=14500"},{"taxonomy":"post_tag","embeddable":true,"href":"https:\/\/infotep.com.ar\/index.php\/wp-json\/wp\/v2\/tags?post=14500"}],"curies":[{"name":"wp","href":"https:\/\/api.w.org\/{rel}","templated":true}]}}