{"id":14510,"date":"2024-07-08T13:51:05","date_gmt":"2024-07-08T16:51:05","guid":{"rendered":"https:\/\/infotep.com.ar\/?p=14510"},"modified":"2024-07-08T13:51:06","modified_gmt":"2024-07-08T16:51:06","slug":"federico-sturzenegger-descarto-tension-con-caputo-y-anticipo-sus-primeras-medidas","status":"publish","type":"post","link":"https:\/\/infotep.com.ar\/index.php\/2024\/07\/08\/federico-sturzenegger-descarto-tension-con-caputo-y-anticipo-sus-primeras-medidas\/","title":{"rendered":"Federico Sturzenegger descart\u00f3 tensi\u00f3n con Caputo y anticip\u00f3 sus primeras medidas"},"content":{"rendered":"\n<p>El flamante ministro de Desregulaci\u00f3n y Transformaci\u00f3n del Estado confirm\u00f3 la presentaci\u00f3n de la Ley de Hojarasca y de la reforma aerocomercial.<br><br>El flamante ministro de Desregulaci\u00f3n y Transformaci\u00f3n del Estado, Federico Sturzenegger, neg\u00f3 tensi\u00f3n con su par de Econom\u00eda, Luis Caputo, con quien tuvo diferencias bajo el gobierno de Mauricio Macri, a la vez que anticip\u00f3 sus primeras medidas desregulatorias.<\/p>\n\n\n\n<p>\u201cS\u00faper bien, no nos rozamos y tenemos una relaci\u00f3n excelente\u201d, contest\u00f3 el funcionario en declaraciones radiales, y ampli\u00f3: \u201cTenemos una excelente relaci\u00f3n y trabajo y personas. El Presidente ha delimitado excelente las competencias y en lo personal estoy feliz y tenemos mucho para trabajar en conjunto&#8221;.<\/p>\n\n\n\n<p>Para Sturzenegger, Javier Milei \u201ctiene ideas muy fuertes y transformadoras&#8221;, y llevar\u00e1 adelante sus objetivos a trav\u00e9s de \u201cdos herramientas: el DNU 70\/23 y la Ley Bases, que representan s\u00f3lo el 20%\u201d de las reformas estructurales la administraci\u00f3n planea implementar.<\/p>\n\n\n\n<p>Por otra parte, anticip\u00f3 que el mi\u00e9rcoles se anunciar\u00e1 la reforma aerocomercial que liberar\u00e1 las restricciones en la materia y dio detalles de la Ley de Hojarasca en la que trabaja.<\/p>\n\n\n\n<p>\u201cSe hizo un trabajo de revisi\u00f3n de todas las leyes donde te encontr\u00e1s cada cosa\u2026En la \u00e9poca de los militares, para ellos sacar leyes era muy f\u00e1cil. Era una persona detr\u00e1s del escritorio y listo\u201d, se\u00f1al\u00f3.<\/p>\n\n\n\n<p>En la misma l\u00ednea, el ministro cont\u00f3: \u201cSe acumularon una serie de leyes que no son muy operativas. Para ellos era muy importante el manejo de las palomas mensajeras, todav\u00eda hay una ley que regula el control de las palomas en la Argentina. Es casi como una limpieza\u201d.<\/p>\n\n\n\n<p>Asimismo, sostuvo que buscar\u00e1 reflotar algunos cap\u00edtulos de La Ley Bases -a la que calific\u00f3 como &#8220;un hito\u201d- que el Gobierno decidi\u00f3 no incorporar \u201cpara no dilatar la discusi\u00f3n\u201d. De esta forma, el Gobierno avanzar\u00e1 en una reforma en la educaci\u00f3n, donde se busca aplicar un examen al finalizar el secundario y en la modernizaci\u00f3n de la Justicia.<\/p>\n\n\n\n<p>Tambi\u00e9n habl\u00f3 del arancelamiento universitario para extranjeros no residentes.<\/p>\n\n\n\n<p>En la misma l\u00ednea, asegur\u00f3 que el ministro de Justicia, Mariano C\u00faneo Libarona, busca tratar el proyecto que contempla los juicios por jurados, entra otros cambios en su \u00e1rea.<\/p>\n\n\n\n<p>\u201cHay una agenda de algunos peque\u00f1os paquetitos m\u00e1s chicos que fueron discutidos y habr\u00e1 cosas m\u00e1s puntuales. Nos escuchar\u00e1n llevando al Congreso una reforma de la ley de factura de cr\u00e9dito electr\u00f3nica\u201d, complet\u00f3.<\/p>\n\n\n\n<p>Por \u00faltimo, explic\u00f3 sus intenciones de implementar un \u201cexamen de ingreso para poder trabajar en el Estado\u201d, al detallar que en la actualidad &#8220;hay un proceso de selecci\u00f3n, digamos que son \u201cconcursos\u201d\u2026 pero o quiero que sea un examen objetivo, donde lo superas y est\u00e1s habilitado para entrar a la administraci\u00f3n p\u00fablica; debe ser an\u00f3nimo y objetivo, para que no pueda ser manipulado ni de un lado ni del otro\u201d.<\/p>\n","protected":false},"excerpt":{"rendered":"<p>El flamante ministro de Desregulaci&oacute;n y Transformaci&oacute;n del Estado confirm&oacute; la presentaci&oacute;n de la Ley de Hojarasca y de la reforma aerocomercial. El flamante ministro de Desregulaci&oacute;n y Transformaci&oacute;n del Estado, Federico Sturzenegger, neg&oacute; tensi&oacute;n con su par de Econom&iacute;a, Luis Caputo, con quien tuvo diferencias bajo el gobierno de Mauricio Macri, a la vez &hellip; <\/p>\n","protected":false},"author":5,"featured_media":14511,"comment_status":"closed","ping_status":"closed","sticky":false,"template":"","format":"standard","meta":{"om_disable_all_campaigns":false,"_joinchat":[]},"categories":[3],"tags":[46,43],"featured_image_urls":{"full":["https:\/\/infotep.com.ar\/wp-content\/uploads\/2024\/07\/sturs.webp",950,720,false],"thumbnail":["https:\/\/infotep.com.ar\/wp-content\/uploads\/2024\/07\/sturs-150x150.webp",150,150,true],"medium":["https:\/\/infotep.com.ar\/wp-content\/uploads\/2024\/07\/sturs-300x227.webp",300,227,true],"medium_large":["https:\/\/infotep.com.ar\/wp-content\/uploads\/2024\/07\/sturs-768x582.webp",768,582,true],"large":["https:\/\/infotep.com.ar\/wp-content\/uploads\/2024\/07\/sturs.webp",950,720,false],"1536x1536":["https:\/\/infotep.com.ar\/wp-content\/uploads\/2024\/07\/sturs.webp",950,720,false],"2048x2048":["https:\/\/infotep.com.ar\/wp-content\/uploads\/2024\/07\/sturs.webp",950,720,false],"blossom-feminine-slider":["https:\/\/infotep.com.ar\/wp-content\/uploads\/2024\/07\/sturs-950x649.webp",950,649,true],"blossom-feminine-featured":["https:\/\/infotep.com.ar\/wp-content\/uploads\/2024\/07\/sturs-950x600.webp",950,600,true],"blossom-feminine-with-sidebar":["https:\/\/infotep.com.ar\/wp-content\/uploads\/2024\/07\/sturs-950x600.webp",950,600,true],"blossom-feminine-blog":["https:\/\/infotep.com.ar\/wp-content\/uploads\/2024\/07\/sturs-435x435.webp",435,435,true],"blossom-feminine-cat":["https:\/\/infotep.com.ar\/wp-content\/uploads\/2024\/07\/sturs-450x300.webp",450,300,true],"blossom-feminine-related":["https:\/\/infotep.com.ar\/wp-content\/uploads\/2024\/07\/sturs-320x200.webp",320,200,true],"blossom-feminine-schema":["https:\/\/infotep.com.ar\/wp-content\/uploads\/2024\/07\/sturs-79x60.webp",79,60,true],"blossom-mommy-blog-slider-big":["https:\/\/infotep.com.ar\/wp-content\/uploads\/2024\/07\/sturs-920x650.webp",920,650,true],"blossom-mommy-blog-slider":["https:\/\/infotep.com.ar\/wp-content\/uploads\/2024\/07\/sturs-460x310.webp",460,310,true],"blossom-mommy-blog-two":["https:\/\/infotep.com.ar\/wp-content\/uploads\/2024\/07\/sturs-768x480.webp",768,480,true]},"author_info":{"info":["Angela Tobar"]},"category_info":"<a href=\"https:\/\/infotep.com.ar\/index.php\/category\/nacionales\/\" rel=\"category tag\">Nacionales<\/a>","tag_info":"Nacionales","comment_count":"0","_links":{"self":[{"href":"https:\/\/infotep.com.ar\/index.php\/wp-json\/wp\/v2\/posts\/14510"}],"collection":[{"href":"https:\/\/infotep.com.ar\/index.php\/wp-json\/wp\/v2\/posts"}],"about":[{"href":"https:\/\/infotep.com.ar\/index.php\/wp-json\/wp\/v2\/types\/post"}],"author":[{"embeddable":true,"href":"https:\/\/infotep.com.ar\/index.php\/wp-json\/wp\/v2\/users\/5"}],"replies":[{"embeddable":true,"href":"https:\/\/infotep.com.ar\/index.php\/wp-json\/wp\/v2\/comments?post=14510"}],"version-history":[{"count":1,"href":"https:\/\/infotep.com.ar\/index.php\/wp-json\/wp\/v2\/posts\/14510\/revisions"}],"predecessor-version":[{"id":14512,"href":"https:\/\/infotep.com.ar\/index.php\/wp-json\/wp\/v2\/posts\/14510\/revisions\/14512"}],"wp:featuredmedia":[{"embeddable":true,"href":"https:\/\/infotep.com.ar\/index.php\/wp-json\/wp\/v2\/media\/14511"}],"wp:attachment":[{"href":"https:\/\/infotep.com.ar\/index.php\/wp-json\/wp\/v2\/media?parent=14510"}],"wp:term":[{"taxonomy":"category","embeddable":true,"href":"https:\/\/infotep.com.ar\/index.php\/wp-json\/wp\/v2\/categories?post=14510"},{"taxonomy":"post_tag","embeddable":true,"href":"https:\/\/infotep.com.ar\/index.php\/wp-json\/wp\/v2\/tags?post=14510"}],"curies":[{"name":"wp","href":"https:\/\/api.w.org\/{rel}","templated":true}]}}