{"id":14513,"date":"2024-07-08T13:54:42","date_gmt":"2024-07-08T16:54:42","guid":{"rendered":"https:\/\/infotep.com.ar\/?p=14513"},"modified":"2024-07-08T13:54:43","modified_gmt":"2024-07-08T16:54:43","slug":"ituzaingo-inscribe-en-cursos-de-formacion-profesional","status":"publish","type":"post","link":"https:\/\/infotep.com.ar\/index.php\/2024\/07\/08\/ituzaingo-inscribe-en-cursos-de-formacion-profesional\/","title":{"rendered":"Ituzaing\u00f3 inscribe en cursos de formaci\u00f3n profesional"},"content":{"rendered":"\n<p>Ya se encuentran abiertas las inscripciones a los Cursos de Formaci\u00f3n Profesional que dicta el Gobierno Municipal a trav\u00e9s de la Direcci\u00f3n de Empleo. Estas propuestas, que comenzar\u00e1n a dictarse durante la \u00faltima semana de julio, tienen por objetivo mejorar las condiciones de empleabilidad de los vecinos y vecinas, brindando nuevas y mejores herramientas de cara a la pr\u00f3xima b\u00fasqueda laboral.<\/p>\n\n\n\n<p>A continuaci\u00f3n se detalla la oferta formativa, sus d\u00edas de cursada y duraci\u00f3n:<\/p>\n\n\n\n<p><strong>Dise\u00f1o y fabricaci\u00f3n digita<\/strong>l (duraci\u00f3n: 2 meses) | Martes y jueves a las 17hs<\/p>\n\n\n\n<p>Se abordar\u00e1 la vinculaci\u00f3n del dise\u00f1o de objetos tecnol\u00f3gicos con distintos modos operatorios de fabricaci\u00f3n, mediante el uso de tecnolog\u00edas.<\/p>\n\n\n\n<p><strong>Gestor de marketing digita<\/strong>l (duraci\u00f3n: 2 meses) | Lunes y viernes a las 8hs<\/p>\n\n\n\n<p>Herramientas para ejecutar estrategias de promoci\u00f3n de productos y\/o servicios mediante el manejo de distintas herramientas, plataformas y medios digitales.<\/p>\n\n\n\n<p><strong>Capacitaci\u00f3n en oratoria<\/strong> (duraci\u00f3n: 2 meses) | Martes, mi\u00e9rcoles y jueves a las 9hs<\/p>\n\n\n\n<p>T\u00e9cnicas b\u00e1sicas de oratoria para exponer ideas de forma clara y eficaz, con el objetivo de debatir, persuadir o negociar. A su vez se abordar\u00e1n t\u00e9cnicas de gesti\u00f3n emocional, tolerancia a la presi\u00f3n y manejo del estr\u00e9s para la difusi\u00f3n de ideas m\u00e1s eficaz.<\/p>\n\n\n\n<p>Es importante destacar que las propuestas se dictar\u00e1n bajo la modalidad presencial. Para inscribirse, las y los interesados deber\u00e1n presentarse personalmente en la Secretar\u00eda de Desarrollo Productivo (Fragio 183) con la siguiente documentaci\u00f3n por duplicado: DNI, CUIL y anal\u00edtico de estudios (m\u00ednimo nivel primario).<\/p>\n\n\n\n<p>Para m\u00e1s informaci\u00f3n, las y los interesados pueden comunicarse telef\u00f3nicamente a la Direcci\u00f3n de Empleo y Capacitaci\u00f3n al 2120-1969 de lunes a viernes de 8 a 15hs.<\/p>\n","protected":false},"excerpt":{"rendered":"<p>Ya se encuentran abiertas las inscripciones a los Cursos de Formaci&oacute;n Profesional que dicta el Gobierno Municipal a trav&eacute;s de la Direcci&oacute;n de Empleo. Estas propuestas, que comenzar&aacute;n a dictarse durante la &uacute;ltima semana de julio, tienen por objetivo mejorar las condiciones de empleabilidad de los vecinos y vecinas, brindando nuevas y mejores herramientas de &hellip; <\/p>\n","protected":false},"author":5,"featured_media":14514,"comment_status":"closed","ping_status":"closed","sticky":false,"template":"","format":"standard","meta":{"om_disable_all_campaigns":false,"_joinchat":[]},"categories":[8],"tags":[46,51,43],"featured_image_urls":{"full":["https:\/\/infotep.com.ar\/wp-content\/uploads\/2024\/07\/Cursos-de-formacion-profesional-scaled.jpg",2560,1707,false],"thumbnail":["https:\/\/infotep.com.ar\/wp-content\/uploads\/2024\/07\/Cursos-de-formacion-profesional-150x150.jpg",150,150,true],"medium":["https:\/\/infotep.com.ar\/wp-content\/uploads\/2024\/07\/Cursos-de-formacion-profesional-300x200.jpg",300,200,true],"medium_large":["https:\/\/infotep.com.ar\/wp-content\/uploads\/2024\/07\/Cursos-de-formacion-profesional-768x512.jpg",768,512,true],"large":["https:\/\/infotep.com.ar\/wp-content\/uploads\/2024\/07\/Cursos-de-formacion-profesional-1024x683.jpg",1020,680,true],"1536x1536":["https:\/\/infotep.com.ar\/wp-content\/uploads\/2024\/07\/Cursos-de-formacion-profesional-1536x1024.jpg",1536,1024,true],"2048x2048":["https:\/\/infotep.com.ar\/wp-content\/uploads\/2024\/07\/Cursos-de-formacion-profesional-2048x1365.jpg",2048,1365,true],"blossom-feminine-slider":["https:\/\/infotep.com.ar\/wp-content\/uploads\/2024\/07\/Cursos-de-formacion-profesional-1920x649.jpg",1920,649,true],"blossom-feminine-featured":["https:\/\/infotep.com.ar\/wp-content\/uploads\/2024\/07\/Cursos-de-formacion-profesional-1410x600.jpg",1410,600,true],"blossom-feminine-with-sidebar":["https:\/\/infotep.com.ar\/wp-content\/uploads\/2024\/07\/Cursos-de-formacion-profesional-1020x600.jpg",1020,600,true],"blossom-feminine-blog":["https:\/\/infotep.com.ar\/wp-content\/uploads\/2024\/07\/Cursos-de-formacion-profesional-435x435.jpg",435,435,true],"blossom-feminine-cat":["https:\/\/infotep.com.ar\/wp-content\/uploads\/2024\/07\/Cursos-de-formacion-profesional-450x300.jpg",450,300,true],"blossom-feminine-related":["https:\/\/infotep.com.ar\/wp-content\/uploads\/2024\/07\/Cursos-de-formacion-profesional-320x200.jpg",320,200,true],"blossom-feminine-schema":["https:\/\/infotep.com.ar\/wp-content\/uploads\/2024\/07\/Cursos-de-formacion-profesional-90x60.jpg",90,60,true],"blossom-mommy-blog-slider-big":["https:\/\/infotep.com.ar\/wp-content\/uploads\/2024\/07\/Cursos-de-formacion-profesional-920x650.jpg",920,650,true],"blossom-mommy-blog-slider":["https:\/\/infotep.com.ar\/wp-content\/uploads\/2024\/07\/Cursos-de-formacion-profesional-460x310.jpg",460,310,true],"blossom-mommy-blog-two":["https:\/\/infotep.com.ar\/wp-content\/uploads\/2024\/07\/Cursos-de-formacion-profesional-768x480.jpg",768,480,true]},"author_info":{"info":["Angela Tobar"]},"category_info":"<a href=\"https:\/\/infotep.com.ar\/index.php\/category\/municipales\/ituzaingo\/\" rel=\"category tag\">Ituzaing\u00f3<\/a>","tag_info":"Ituzaing\u00f3","comment_count":"0","_links":{"self":[{"href":"https:\/\/infotep.com.ar\/index.php\/wp-json\/wp\/v2\/posts\/14513"}],"collection":[{"href":"https:\/\/infotep.com.ar\/index.php\/wp-json\/wp\/v2\/posts"}],"about":[{"href":"https:\/\/infotep.com.ar\/index.php\/wp-json\/wp\/v2\/types\/post"}],"author":[{"embeddable":true,"href":"https:\/\/infotep.com.ar\/index.php\/wp-json\/wp\/v2\/users\/5"}],"replies":[{"embeddable":true,"href":"https:\/\/infotep.com.ar\/index.php\/wp-json\/wp\/v2\/comments?post=14513"}],"version-history":[{"count":1,"href":"https:\/\/infotep.com.ar\/index.php\/wp-json\/wp\/v2\/posts\/14513\/revisions"}],"predecessor-version":[{"id":14515,"href":"https:\/\/infotep.com.ar\/index.php\/wp-json\/wp\/v2\/posts\/14513\/revisions\/14515"}],"wp:featuredmedia":[{"embeddable":true,"href":"https:\/\/infotep.com.ar\/index.php\/wp-json\/wp\/v2\/media\/14514"}],"wp:attachment":[{"href":"https:\/\/infotep.com.ar\/index.php\/wp-json\/wp\/v2\/media?parent=14513"}],"wp:term":[{"taxonomy":"category","embeddable":true,"href":"https:\/\/infotep.com.ar\/index.php\/wp-json\/wp\/v2\/categories?post=14513"},{"taxonomy":"post_tag","embeddable":true,"href":"https:\/\/infotep.com.ar\/index.php\/wp-json\/wp\/v2\/tags?post=14513"}],"curies":[{"name":"wp","href":"https:\/\/api.w.org\/{rel}","templated":true}]}}