{"id":14573,"date":"2024-07-10T15:37:57","date_gmt":"2024-07-10T18:37:57","guid":{"rendered":"https:\/\/infotep.com.ar\/?p=14573"},"modified":"2024-07-10T15:37:58","modified_gmt":"2024-07-10T18:37:58","slug":"fernando-espinoza-encabezo-el-acto-por-el-dia-de-la-independencia-de-la-matanza","status":"publish","type":"post","link":"https:\/\/infotep.com.ar\/index.php\/2024\/07\/10\/fernando-espinoza-encabezo-el-acto-por-el-dia-de-la-independencia-de-la-matanza\/","title":{"rendered":"Fernando Espinoza encabez\u00f3 el acto por el D\u00eda de la Independencia de La Matanza"},"content":{"rendered":"\n<p><\/p>\n\n\n\n<p>A 208 a\u00f1os de la declaraci\u00f3n de Independencia de la Argentina, La Matanza se visti\u00f3 de celeste y blanco y homenaje\u00f3 a la Patria con un acto en la plaza Atalaya de Isidro Casanova. All\u00ed el intendente y presidente de la Federaci\u00f3n Argentina de Municipios (FAM), Fernando Espinoza, llev\u00f3 adelante la ceremonia y se dirigi\u00f3 a las y los alumnos presentes y toda la comunidad que se acerc\u00f3 a celebrar.<\/p>\n\n\n\n<p>Al inicio del acto, el Intendente felicit\u00f3 a las y los abanderados de las escuelas y agradeci\u00f3 a las chicas y chicos presentes, a las maestras y las directoras y les agradeci\u00f3 \u201cpor lo que hacen todos los d\u00edas\u201d. Luego, pidi\u00f3 un fuerte aplauso para el ballet, y destac\u00f3: \u201cImpresionante la cultura de La Matanza. Tenemos tantas cosas que nos enorgullecen,y una es esta hermosa banda de m\u00fasicos la Banda Municipal de la Secretar\u00eda de Cultura\u201d.<\/p>\n\n\n\n<p>Para continuar, Fernando Espinoza se refiri\u00f3 a la fecha conmemorada: \u201cLa independencia del 9 de julio de 1816 tiene que ver con nuestros pr\u00f3ceres, esos valientes que presentaron batalla a los pa\u00edses m\u00e1s poderosos del mundo que quer\u00edan seguir coloniz\u00e1ndonos. Ese 1816 hizo tambi\u00e9n que salieran ciudadanos comunes, vecinas y vecinos como ustedes, a defender lo propio, a defender el futuro de sus hijas e hijos, el futuro de sus comunidades\u201d.<\/p>\n\n\n\n<p>\u201cHoy m\u00e1s que nunca quiero reforzar el significado de la palabra \u201cindependencia\u201d. Ser independientes es ser libres de toda opresi\u00f3n. Debemos revalorizar la Independencia para que no perdamos el derecho de ser independientes, ese derecho que lamentablemente estamos perdiendo. Hoy nuestros jubilados no pueden vivir dignamente, nuestros trabajadores no pueden vivir dignamente, nuestros estudiantes universitarios, secundarios, primarios, no pueden vivir con todo lo que necesitan para ser independientes\u201d, asever\u00f3 el Intendente.<\/p>\n\n\n\n<figure class=\"wp-block-image size-large\"><img decoding=\"async\" loading=\"lazy\" width=\"1024\" height=\"683\" src=\"https:\/\/infotep.com.ar\/wp-content\/uploads\/2024\/07\/FE-9-DE-JULIO-7-1024x683.jpg\" alt=\"\" class=\"wp-image-14574\" srcset=\"https:\/\/infotep.com.ar\/wp-content\/uploads\/2024\/07\/FE-9-DE-JULIO-7-1024x683.jpg 1024w, https:\/\/infotep.com.ar\/wp-content\/uploads\/2024\/07\/FE-9-DE-JULIO-7-300x200.jpg 300w, https:\/\/infotep.com.ar\/wp-content\/uploads\/2024\/07\/FE-9-DE-JULIO-7-768x512.jpg 768w, https:\/\/infotep.com.ar\/wp-content\/uploads\/2024\/07\/FE-9-DE-JULIO-7-1536x1024.jpg 1536w, https:\/\/infotep.com.ar\/wp-content\/uploads\/2024\/07\/FE-9-DE-JULIO-7-2048x1365.jpg 2048w, https:\/\/infotep.com.ar\/wp-content\/uploads\/2024\/07\/FE-9-DE-JULIO-7-450x300.jpg 450w, https:\/\/infotep.com.ar\/wp-content\/uploads\/2024\/07\/FE-9-DE-JULIO-7-90x60.jpg 90w\" sizes=\"(max-width: 1024px) 100vw, 1024px\" \/><\/figure>\n\n\n\n<p>\u201cEst\u00e1 muy claro, que hoy tenemos un presidente que gobierna d\u00eda a d\u00eda para mejorar la vida de los m\u00e1s ricos y para beneficiar a los m\u00e1s poderosos. Pero ac\u00e1, en esta quinta provincia argentina, en la Capital Nacional del Trabajo y la Producci\u00f3n, en la Ciudad del Aprendizaje, con mucho orgullo premiada hace dos a\u00f1os por Naciones Unidas, La Matanza, el pueblo vot\u00f3 otra cosa. El 62% del pueblo de La Matanza dijo que queremos una patria justa, libre y soberana, y eso es lo que vamos a seguir defendiendo\u201d, se\u00f1al\u00f3 Fernando Espinoza ante el p\u00fablico presente.<\/p>\n\n\n\n<p>Luego, en el transcurso del acto, el Intendente explic\u00f3: \u201cEs importante que sepan que siempre vamos a estar con ustedes, pero hay cosas que no puede hacer el Municipio y que son responsabilidades del Gobierno nacional. Esas responsabilidades del Gobierno nacional, son recursos que deben enviar a la provincia y a los municipios, y desde diciembre del a\u00f1o pasado no llegan a La Matanza esos recursos\u201d, y agreg\u00f3: \u201cEstamos sosteniendo todo con los recursos municipales y con los recursos provinciales. Lo mismo nos pasa con el transporte, el subsidio al transporte, lo mismo nos pasa con la asistencia alimentaria en general. S\u00ed, tenemos la ayuda, y quiero decirlo muy claro, y siempre dice presente, nuestro gobernador Axel (Kicillof) y nuestra vicegobernadora Ver\u00f3nica (Magario)\u201d.<\/p>\n\n\n\n<p>\u201cLes quiero contar que, ya hace un mes, logramos que las escuelas secundarias de La Matanza empiecen tambi\u00e9n a tener los comedores que necesitamos, y somos los primeros en la provincia de Buenos Aires que lo hemos logrado\u201d, resalt\u00f3 Fernando Espinoza.<\/p>\n\n\n\n<p>\u201cEste 9 de Julio les quiero dejar el siguiente mensaje, no bajemos los brazos, transformemos la tristeza en lucha, transformemos la bronca en lucha y transformemos toda esta desesperanza que nos quieren generar en una gran unidad, en un gran frente nacional con todas las mayor\u00edas nacionales donde todos sabemos que unidos nadie nos va a poder parar. As\u00ed que, fuerza a todas y todos, desde las Malvinas hasta La Matanza, desde La Matanza hasta la Quiaca, siempre bien alto levantando la celeste y blanca, nuestra querida bandera argentina. La lucha es vida y la vida es lucha, y nosotros vamos a seguir siempre ese camino junto a ustedes\u201d, concluy\u00f3 Fernando Espinoza.<\/p>\n\n\n\n<p>Los festejos patrios, organizados por el Gobierno local, incluyeron danzas nativas a cargo de las personas mayores de las escuelas de folklore y un recital de m\u00fasica popular argentina interpretada por el artista matancero, Daniel Arga\u00f1araz. Al finalizar la ceremonia, toda la comunidad pudo seguir disfrutando del evento 9 de julio en tu barrio, preparado especialmente para la ocasi\u00f3n, con shows, m\u00e1s actividades culturales y recreativas, sorteos, postas de Salud con vacunaci\u00f3n y mucho m\u00e1s.<\/p>\n","protected":false},"excerpt":{"rendered":"<p>A 208 a&ntilde;os de la declaraci&oacute;n de Independencia de la Argentina, La Matanza se visti&oacute; de celeste y blanco y homenaje&oacute; a la Patria con un acto en la plaza Atalaya de Isidro Casanova. All&iacute; el intendente y presidente de la Federaci&oacute;n Argentina de Municipios (FAM), Fernando Espinoza, llev&oacute; adelante la ceremonia y se dirigi&oacute; &hellip; <\/p>\n","protected":false},"author":5,"featured_media":14575,"comment_status":"closed","ping_status":"closed","sticky":false,"template":"","format":"standard","meta":{"om_disable_all_campaigns":false,"_joinchat":[]},"categories":[26],"tags":[60,46,59,43],"featured_image_urls":{"full":["https:\/\/infotep.com.ar\/wp-content\/uploads\/2024\/07\/FE-9-DE-JULIO-6-scaled.jpg",2560,1707,false],"thumbnail":["https:\/\/infotep.com.ar\/wp-content\/uploads\/2024\/07\/FE-9-DE-JULIO-6-150x150.jpg",150,150,true],"medium":["https:\/\/infotep.com.ar\/wp-content\/uploads\/2024\/07\/FE-9-DE-JULIO-6-300x200.jpg",300,200,true],"medium_large":["https:\/\/infotep.com.ar\/wp-content\/uploads\/2024\/07\/FE-9-DE-JULIO-6-768x512.jpg",768,512,true],"large":["https:\/\/infotep.com.ar\/wp-content\/uploads\/2024\/07\/FE-9-DE-JULIO-6-1024x683.jpg",1020,680,true],"1536x1536":["https:\/\/infotep.com.ar\/wp-content\/uploads\/2024\/07\/FE-9-DE-JULIO-6-1536x1024.jpg",1536,1024,true],"2048x2048":["https:\/\/infotep.com.ar\/wp-content\/uploads\/2024\/07\/FE-9-DE-JULIO-6-2048x1366.jpg",2048,1366,true],"blossom-feminine-slider":["https:\/\/infotep.com.ar\/wp-content\/uploads\/2024\/07\/FE-9-DE-JULIO-6-1920x649.jpg",1920,649,true],"blossom-feminine-featured":["https:\/\/infotep.com.ar\/wp-content\/uploads\/2024\/07\/FE-9-DE-JULIO-6-1410x600.jpg",1410,600,true],"blossom-feminine-with-sidebar":["https:\/\/infotep.com.ar\/wp-content\/uploads\/2024\/07\/FE-9-DE-JULIO-6-1020x600.jpg",1020,600,true],"blossom-feminine-blog":["https:\/\/infotep.com.ar\/wp-content\/uploads\/2024\/07\/FE-9-DE-JULIO-6-435x435.jpg",435,435,true],"blossom-feminine-cat":["https:\/\/infotep.com.ar\/wp-content\/uploads\/2024\/07\/FE-9-DE-JULIO-6-450x300.jpg",450,300,true],"blossom-feminine-related":["https:\/\/infotep.com.ar\/wp-content\/uploads\/2024\/07\/FE-9-DE-JULIO-6-320x200.jpg",320,200,true],"blossom-feminine-schema":["https:\/\/infotep.com.ar\/wp-content\/uploads\/2024\/07\/FE-9-DE-JULIO-6-90x60.jpg",90,60,true],"blossom-mommy-blog-slider-big":["https:\/\/infotep.com.ar\/wp-content\/uploads\/2024\/07\/FE-9-DE-JULIO-6-920x650.jpg",920,650,true],"blossom-mommy-blog-slider":["https:\/\/infotep.com.ar\/wp-content\/uploads\/2024\/07\/FE-9-DE-JULIO-6-460x310.jpg",460,310,true],"blossom-mommy-blog-two":["https:\/\/infotep.com.ar\/wp-content\/uploads\/2024\/07\/FE-9-DE-JULIO-6-768x480.jpg",768,480,true]},"author_info":{"info":["Angela Tobar"]},"category_info":"<a href=\"https:\/\/infotep.com.ar\/index.php\/category\/municipales\/la-matanza\/\" rel=\"category tag\">La Matanza<\/a>","tag_info":"La Matanza","comment_count":"0","_links":{"self":[{"href":"https:\/\/infotep.com.ar\/index.php\/wp-json\/wp\/v2\/posts\/14573"}],"collection":[{"href":"https:\/\/infotep.com.ar\/index.php\/wp-json\/wp\/v2\/posts"}],"about":[{"href":"https:\/\/infotep.com.ar\/index.php\/wp-json\/wp\/v2\/types\/post"}],"author":[{"embeddable":true,"href":"https:\/\/infotep.com.ar\/index.php\/wp-json\/wp\/v2\/users\/5"}],"replies":[{"embeddable":true,"href":"https:\/\/infotep.com.ar\/index.php\/wp-json\/wp\/v2\/comments?post=14573"}],"version-history":[{"count":1,"href":"https:\/\/infotep.com.ar\/index.php\/wp-json\/wp\/v2\/posts\/14573\/revisions"}],"predecessor-version":[{"id":14576,"href":"https:\/\/infotep.com.ar\/index.php\/wp-json\/wp\/v2\/posts\/14573\/revisions\/14576"}],"wp:featuredmedia":[{"embeddable":true,"href":"https:\/\/infotep.com.ar\/index.php\/wp-json\/wp\/v2\/media\/14575"}],"wp:attachment":[{"href":"https:\/\/infotep.com.ar\/index.php\/wp-json\/wp\/v2\/media?parent=14573"}],"wp:term":[{"taxonomy":"category","embeddable":true,"href":"https:\/\/infotep.com.ar\/index.php\/wp-json\/wp\/v2\/categories?post=14573"},{"taxonomy":"post_tag","embeddable":true,"href":"https:\/\/infotep.com.ar\/index.php\/wp-json\/wp\/v2\/tags?post=14573"}],"curies":[{"name":"wp","href":"https:\/\/api.w.org\/{rel}","templated":true}]}}