{"id":14609,"date":"2024-07-12T13:07:37","date_gmt":"2024-07-12T16:07:37","guid":{"rendered":"https:\/\/infotep.com.ar\/?p=14609"},"modified":"2024-07-15T00:29:05","modified_gmt":"2024-07-15T03:29:05","slug":"sandra-rey-las-pymes-tienen-mucha-incertidumbre-y-preocupacion-por-lo-que-puede-llegar-apasar","status":"publish","type":"post","link":"https:\/\/infotep.com.ar\/index.php\/2024\/07\/12\/sandra-rey-las-pymes-tienen-mucha-incertidumbre-y-preocupacion-por-lo-que-puede-llegar-apasar\/","title":{"rendered":"Sandra Rey: \u201clas Pymes tienen mucha incertidumbre y preocupaci\u00f3n por lo que puede llegar a<br>pasar\u201d"},"content":{"rendered":"\n<p><br>La secretar\u00eda de Innovaci\u00f3n, Tecnolog\u00eda, Transparencia y Asuntos Estrat\u00e9gicos Municipalidad de Ituzaing\u00f3 y representante de CGERA filial Ituzaing\u00f3, analiz\u00f3 la situaci\u00f3n actual que atraviesa el sector empresarial y mostr\u00f3 preocupaci\u00f3n ante la incertidumbre que dan las pol\u00edticas econ\u00f3micas desarrolladas por el gobierno nacional.<br><br>La funcionaria particip\u00f3 del segundo Congreso Productivo Bonaerense que se desarroll\u00f3 la semana pasada en la ciudad de Mar del Plata, donde m\u00e1s de 3 mil personas se reunieron para debatir y analizar la situaci\u00f3n de la producci\u00f3n local bajo la premisa \u201cDefender la industria es defender a la provincia de Buenos Aires\u201d.<br><br>En el cierre del congreso estuvo a cargo del gobernador Axel Kicillof quien destac\u00f3 que \u201ceste congreso ha batido todos los r\u00e9cords, dando una muestra de que, a\u00fan frente a las adversidades, la industria bonaerense no se rinde ni baja los brazos\u201d.<br><br>\u201cAl rev\u00e9s, estamos aqu\u00ed para reflexionar, intercambiar ideas y evaluar el pasado, pero, sobre todo, para discutir y pensar el futuro\u201d, agreg\u00f3 el mandatario provincial.<br><br>En este espacio de debate entre los diferentes sectores vinculados a la producci\u00f3n hubo m\u00e1s de 3.000 inscriptos entre representantes de c\u00e1maras, empresas, sindicatos, cooperativas y la comunidad cient\u00edfica y universitaria. <br><br>Cont\u00f3 adem\u00e1s con la participaci\u00f3n de los ministros de Producci\u00f3n, Ciencia e Innovaci\u00f3n Tecnol\u00f3gica, Augusto Costa; Desarrollo Agrario, Javier Rodr\u00edguez y Ariel Aguilar; subsecretario de Desarrollo comercial y promoci\u00f3n de inversiones. <\/p>\n\n\n\n<figure class=\"wp-block-image size-large\"><img decoding=\"async\" loading=\"lazy\" width=\"1024\" height=\"683\" src=\"https:\/\/infotep.com.ar\/wp-content\/uploads\/2024\/07\/sandra-rey-congreso-bonaerense-2-1024x683.jpg\" alt=\"\" class=\"wp-image-14611\" srcset=\"https:\/\/infotep.com.ar\/wp-content\/uploads\/2024\/07\/sandra-rey-congreso-bonaerense-2-1024x683.jpg 1024w, https:\/\/infotep.com.ar\/wp-content\/uploads\/2024\/07\/sandra-rey-congreso-bonaerense-2-300x200.jpg 300w, https:\/\/infotep.com.ar\/wp-content\/uploads\/2024\/07\/sandra-rey-congreso-bonaerense-2-768x512.jpg 768w, https:\/\/infotep.com.ar\/wp-content\/uploads\/2024\/07\/sandra-rey-congreso-bonaerense-2-1536x1025.jpg 1536w, https:\/\/infotep.com.ar\/wp-content\/uploads\/2024\/07\/sandra-rey-congreso-bonaerense-2-450x300.jpg 450w, https:\/\/infotep.com.ar\/wp-content\/uploads\/2024\/07\/sandra-rey-congreso-bonaerense-2-90x60.jpg 90w, https:\/\/infotep.com.ar\/wp-content\/uploads\/2024\/07\/sandra-rey-congreso-bonaerense-2.jpg 2048w\" sizes=\"(max-width: 1024px) 100vw, 1024px\" \/><\/figure>\n\n\n\n<p><strong>Rey, quien fue una de las expositoras dentro del encuentro en representaci\u00f3n de CGERA nacional y analiz\u00f3 que \u201cla idea de este congreso fue escuchar lo que la provincia ten\u00eda para decirnos, las herramientas que otorga para contener el sector y tambi\u00e9n para analizar este contexto bisagra que atravesamos y en el que tenemos mucha incertidumbre y preocupaci\u00f3n por lo que puede llegar a pasar\u201d.<br><\/strong><br>Adem\u00e1s, destac\u00f3 la \u201cinmensa participaci\u00f3n y unidad del sector, much\u00edsima gente que lleg\u00f3 de distintos puntos de la provincia para escuchar, analizar, debatir y proponer\u201d.<br> <br>Sandra Rey, opin\u00f3: \u201cEstar unidos fue muy gratificante para todos, escucharnos, presentar posturas y compartir ideas. Se logr\u00f3 mostrar fortaleza en este momento en que necesitamos estabilidad y protecci\u00f3n. Todos pedimos lo mismo defender las pymes, el trabajo, la producci\u00f3n y el consumo\u201d.<br><br>Y destac\u00f3 que, a pesar de no tener di\u00e1logo con el gobierno nacional, \u201cse siguen creando<br>puentes que permitan visibilizar la situaci\u00f3n y lograr que se nos escuche y se empleen todos<br>los instrumentos para proteger la producci\u00f3n y el trabajo\u201d<\/p>\n","protected":false},"excerpt":{"rendered":"<p>La secretar&iacute;a de Innovaci&oacute;n, Tecnolog&iacute;a, Transparencia y Asuntos Estrat&eacute;gicos Municipalidad de Ituzaing&oacute; y representante de CGERA filial Ituzaing&oacute;, analiz&oacute; la situaci&oacute;n actual que atraviesa el sector empresarial y mostr&oacute; preocupaci&oacute;n ante la incertidumbre que dan las pol&iacute;ticas econ&oacute;micas desarrolladas por el gobierno nacional. La funcionaria particip&oacute; del segundo Congreso Productivo Bonaerense que se desarroll&oacute; la &hellip; <\/p>\n","protected":false},"author":5,"featured_media":14612,"comment_status":"closed","ping_status":"closed","sticky":false,"template":"","format":"standard","meta":{"om_disable_all_campaigns":false,"_joinchat":[]},"categories":[7,8],"tags":[261,46,51,43],"featured_image_urls":{"full":["https:\/\/infotep.com.ar\/wp-content\/uploads\/2024\/07\/sandra-rey-congreso-bonaerense.jpg",592,395,false],"thumbnail":["https:\/\/infotep.com.ar\/wp-content\/uploads\/2024\/07\/sandra-rey-congreso-bonaerense-150x150.jpg",150,150,true],"medium":["https:\/\/infotep.com.ar\/wp-content\/uploads\/2024\/07\/sandra-rey-congreso-bonaerense-300x200.jpg",300,200,true],"medium_large":["https:\/\/infotep.com.ar\/wp-content\/uploads\/2024\/07\/sandra-rey-congreso-bonaerense.jpg",592,395,false],"large":["https:\/\/infotep.com.ar\/wp-content\/uploads\/2024\/07\/sandra-rey-congreso-bonaerense.jpg",592,395,false],"1536x1536":["https:\/\/infotep.com.ar\/wp-content\/uploads\/2024\/07\/sandra-rey-congreso-bonaerense.jpg",592,395,false],"2048x2048":["https:\/\/infotep.com.ar\/wp-content\/uploads\/2024\/07\/sandra-rey-congreso-bonaerense.jpg",592,395,false],"blossom-feminine-slider":["https:\/\/infotep.com.ar\/wp-content\/uploads\/2024\/07\/sandra-rey-congreso-bonaerense.jpg",592,395,false],"blossom-feminine-featured":["https:\/\/infotep.com.ar\/wp-content\/uploads\/2024\/07\/sandra-rey-congreso-bonaerense.jpg",592,395,false],"blossom-feminine-with-sidebar":["https:\/\/infotep.com.ar\/wp-content\/uploads\/2024\/07\/sandra-rey-congreso-bonaerense.jpg",592,395,false],"blossom-feminine-blog":["https:\/\/infotep.com.ar\/wp-content\/uploads\/2024\/07\/sandra-rey-congreso-bonaerense-435x395.jpg",435,395,true],"blossom-feminine-cat":["https:\/\/infotep.com.ar\/wp-content\/uploads\/2024\/07\/sandra-rey-congreso-bonaerense-450x300.jpg",450,300,true],"blossom-feminine-related":["https:\/\/infotep.com.ar\/wp-content\/uploads\/2024\/07\/sandra-rey-congreso-bonaerense-320x200.jpg",320,200,true],"blossom-feminine-schema":["https:\/\/infotep.com.ar\/wp-content\/uploads\/2024\/07\/sandra-rey-congreso-bonaerense-90x60.jpg",90,60,true],"blossom-mommy-blog-slider-big":["https:\/\/infotep.com.ar\/wp-content\/uploads\/2024\/07\/sandra-rey-congreso-bonaerense.jpg",592,395,false],"blossom-mommy-blog-slider":["https:\/\/infotep.com.ar\/wp-content\/uploads\/2024\/07\/sandra-rey-congreso-bonaerense-460x310.jpg",460,310,true],"blossom-mommy-blog-two":["https:\/\/infotep.com.ar\/wp-content\/uploads\/2024\/07\/sandra-rey-congreso-bonaerense.jpg",592,395,false]},"author_info":{"info":["Angela Tobar"]},"category_info":"<a href=\"https:\/\/infotep.com.ar\/index.php\/category\/gremios\/\" rel=\"category tag\">Gremios<\/a> <a href=\"https:\/\/infotep.com.ar\/index.php\/category\/municipales\/ituzaingo\/\" rel=\"category tag\">Ituzaing\u00f3<\/a>","tag_info":"Ituzaing\u00f3","comment_count":"0","_links":{"self":[{"href":"https:\/\/infotep.com.ar\/index.php\/wp-json\/wp\/v2\/posts\/14609"}],"collection":[{"href":"https:\/\/infotep.com.ar\/index.php\/wp-json\/wp\/v2\/posts"}],"about":[{"href":"https:\/\/infotep.com.ar\/index.php\/wp-json\/wp\/v2\/types\/post"}],"author":[{"embeddable":true,"href":"https:\/\/infotep.com.ar\/index.php\/wp-json\/wp\/v2\/users\/5"}],"replies":[{"embeddable":true,"href":"https:\/\/infotep.com.ar\/index.php\/wp-json\/wp\/v2\/comments?post=14609"}],"version-history":[{"count":1,"href":"https:\/\/infotep.com.ar\/index.php\/wp-json\/wp\/v2\/posts\/14609\/revisions"}],"predecessor-version":[{"id":14613,"href":"https:\/\/infotep.com.ar\/index.php\/wp-json\/wp\/v2\/posts\/14609\/revisions\/14613"}],"wp:featuredmedia":[{"embeddable":true,"href":"https:\/\/infotep.com.ar\/index.php\/wp-json\/wp\/v2\/media\/14612"}],"wp:attachment":[{"href":"https:\/\/infotep.com.ar\/index.php\/wp-json\/wp\/v2\/media?parent=14609"}],"wp:term":[{"taxonomy":"category","embeddable":true,"href":"https:\/\/infotep.com.ar\/index.php\/wp-json\/wp\/v2\/categories?post=14609"},{"taxonomy":"post_tag","embeddable":true,"href":"https:\/\/infotep.com.ar\/index.php\/wp-json\/wp\/v2\/tags?post=14609"}],"curies":[{"name":"wp","href":"https:\/\/api.w.org\/{rel}","templated":true}]}}