{"id":14686,"date":"2024-07-16T18:43:02","date_gmt":"2024-07-16T21:43:02","guid":{"rendered":"https:\/\/infotep.com.ar\/?p=14686"},"modified":"2024-07-17T01:40:21","modified_gmt":"2024-07-17T04:40:21","slug":"quedo-inaugurado-el-nuevo-puente-roca-que-mejora-la-conectividad-entre-ituzaingo-y-moreno","status":"publish","type":"post","link":"https:\/\/infotep.com.ar\/index.php\/2024\/07\/16\/quedo-inaugurado-el-nuevo-puente-roca-que-mejora-la-conectividad-entre-ituzaingo-y-moreno\/","title":{"rendered":"Qued\u00f3 inaugurado el nuevo puente Roca que mejora la conectividad entre Ituzaing\u00f3 y Moreno"},"content":{"rendered":"\n<p><strong>El Gobernador de la Provincia de Buenos Aires, Axel Kicillof, junto a los intendentes Pablo Descalzo y Mariel Fern\u00e1ndez, encabezaron el acto de inauguraci\u00f3n del anexo del Puente Roca. En el corte de cinta de esta obra, que une Ituzaing\u00f3 con Moreno por encima del R\u00edo Reconquista, participaron tambi\u00e9n el ministro de Infraestructura y Servicios P\u00fablicos de la Provincia de Buenos Aires, Gabriel Katopodis y el ministro de Trabajo de la Provincia de Buenos Aires, Walter Correa.<\/strong><\/p>\n\n\n\n<p>Con una inversi\u00f3n de m\u00e1s de $1.000 millones y con financiamiento del Banco Interamericano de Desarrollo (BID), la obra pone en funcionamiento dos nuevos carriles vehiculares y un paso peatonal por encima del R\u00edo Reconquista que complementa al preexistente Puente Roca y que une los partidos de Trujui de Moreno y Villa Udaondo de Ituzaing\u00f3. La obra tambi\u00e9n incluye los correspondientes desag\u00fces pluviales, la construcci\u00f3n de las calzadas de enlace entre el nuevo puente y la traza preexistente, la demarcaci\u00f3n horizontal y vertical y la luminaria.<\/p>\n\n\n\n<p><strong>En este sentido, Axel Kicillof destac\u00f3<\/strong>: \u201cEs la sociedad la que determina sus prioridades, se organiza y elige a sus representantes para que den respuestas a las necesidades de nuestro pueblo. Eso es lo que estamos haciendo: en la provincia de Buenos Aires las obras p\u00fablicas se empiezan y se terminan\u201d. Y a\u00f1adi\u00f3: \u201cAunque nos insulten y nos quiten los recursos que nos corresponde, vamos a terminar tambi\u00e9n las obras cruciales que ha abandonado el Gobierno Nacional\u201d.<\/p>\n\n\n\n<p><strong>Por su parte, el intendente Pablo Descalzo expres\u00f3: \u201c<\/strong>Agradezco al gobernador Axel Kicillof, que gracias a su trabajo y su compromiso con los derechos de las y los bonaerenses, pudimos completar esta obra y vamos a poder continuar con las obras que el gobierno nacional quiere detener\u201d. Y a\u00f1adi\u00f3: \u201cLa obra p\u00fablica permite que llegue la inversi\u00f3n privada, que trae m\u00e1s empleo y m\u00e1s desarrollo. Y esto no ser\u00eda posible sin un Estado que invierta en infraestructura y en obras que garanticen derechos a los vecinos y vecinas\u201d.<\/p>\n\n\n\n<p><strong>La intendenta de Moreno, Mariel Fern\u00e1ndez,<\/strong> declar\u00f3: \u201cNuestro agradecimiento es principalmente a los vecinos y vecinas que hace d\u00e9cadas est\u00e1n pidiendo y luchando por esta obra y a Axel Kicillof que escuch\u00f3 la necesidad de la ampliaci\u00f3n de este puente\u201d. Y agreg\u00f3: \u201cNosotros tenemos un gobernador que, a pesar de la dif\u00edcil situaci\u00f3n econ\u00f3mica que estamos viviendo, se puso la Provincia al hombro y no nos dej\u00f3 tirados, ni a los vecinos de Moreno ni a los vecinos de Ituzaing\u00f3\u201d.<\/p>\n\n\n\n<figure class=\"wp-block-image size-large\"><img decoding=\"async\" loading=\"lazy\" width=\"1024\" height=\"682\" src=\"https:\/\/infotep.com.ar\/wp-content\/uploads\/2024\/07\/Inauguracion-del-Puente-Roca-1-1024x682.jpeg\" alt=\"\" class=\"wp-image-14688\" srcset=\"https:\/\/infotep.com.ar\/wp-content\/uploads\/2024\/07\/Inauguracion-del-Puente-Roca-1-1024x682.jpeg 1024w, https:\/\/infotep.com.ar\/wp-content\/uploads\/2024\/07\/Inauguracion-del-Puente-Roca-1-300x200.jpeg 300w, https:\/\/infotep.com.ar\/wp-content\/uploads\/2024\/07\/Inauguracion-del-Puente-Roca-1-768x512.jpeg 768w, https:\/\/infotep.com.ar\/wp-content\/uploads\/2024\/07\/Inauguracion-del-Puente-Roca-1-1536x1023.jpeg 1536w, https:\/\/infotep.com.ar\/wp-content\/uploads\/2024\/07\/Inauguracion-del-Puente-Roca-1-450x300.jpeg 450w, https:\/\/infotep.com.ar\/wp-content\/uploads\/2024\/07\/Inauguracion-del-Puente-Roca-1-90x60.jpeg 90w, https:\/\/infotep.com.ar\/wp-content\/uploads\/2024\/07\/Inauguracion-del-Puente-Roca-1.jpeg 1600w\" sizes=\"(max-width: 1024px) 100vw, 1024px\" \/><\/figure>\n\n\n\n<p class=\"has-light-green-cyan-background-color has-background\">Con esta nueva obra, ser\u00e1n cuatro los carriles que conectan la Avenida N\u00e9stor Kirchner de Moreno con la Avenida Mart\u00edn Fierro de Ituzaing\u00f3, permitiendo mejorar el flujo del tr\u00e1fico, la conectividad entre los municipios y la seguridad vial en este punto estrat\u00e9gico para el desarrollo de la Provincia.<\/p>\n\n\n\n<p>Estuvieron presentes los diputados nacionales Daniel Gollan y Juan Marino, la legisladora bonaerense Noelia Saavedra; funcionarios del municipio de Moreno; el intendente mandato cumplido, Alberto Descalzo; el presidente del Honorable Concejo Deliberante, Pablo Piana; el secretario de Gobierno, Juan Manuel Alvarez Luna; el secretario de Planificaci\u00f3n, Desarrollo Urbano y Ambiente, Mart\u00edn Rossi; concejales y concejalas; vecinos y vecinas.<\/p>\n","protected":false},"excerpt":{"rendered":"<p>El Gobernador de la Provincia de Buenos Aires, Axel Kicillof, junto a los intendentes Pablo Descalzo y Mariel Fern&aacute;ndez, encabezaron el acto de inauguraci&oacute;n del anexo del Puente Roca. En el corte de cinta de esta obra, que une Ituzaing&oacute; con Moreno por encima del R&iacute;o Reconquista, participaron tambi&eacute;n el ministro de Infraestructura y Servicios &hellip; <\/p>\n","protected":false},"author":5,"featured_media":14687,"comment_status":"closed","ping_status":"closed","sticky":false,"template":"","format":"standard","meta":{"om_disable_all_campaigns":false,"_joinchat":[]},"categories":[8],"tags":[46,51,43],"featured_image_urls":{"full":["https:\/\/infotep.com.ar\/wp-content\/uploads\/2024\/07\/Inauguracion-del-Puente-Roca-2.jpeg",1600,1066,false],"thumbnail":["https:\/\/infotep.com.ar\/wp-content\/uploads\/2024\/07\/Inauguracion-del-Puente-Roca-2-150x150.jpeg",150,150,true],"medium":["https:\/\/infotep.com.ar\/wp-content\/uploads\/2024\/07\/Inauguracion-del-Puente-Roca-2-300x200.jpeg",300,200,true],"medium_large":["https:\/\/infotep.com.ar\/wp-content\/uploads\/2024\/07\/Inauguracion-del-Puente-Roca-2-768x512.jpeg",768,512,true],"large":["https:\/\/infotep.com.ar\/wp-content\/uploads\/2024\/07\/Inauguracion-del-Puente-Roca-2-1024x682.jpeg",1020,679,true],"1536x1536":["https:\/\/infotep.com.ar\/wp-content\/uploads\/2024\/07\/Inauguracion-del-Puente-Roca-2-1536x1023.jpeg",1536,1023,true],"2048x2048":["https:\/\/infotep.com.ar\/wp-content\/uploads\/2024\/07\/Inauguracion-del-Puente-Roca-2.jpeg",1600,1066,false],"blossom-feminine-slider":["https:\/\/infotep.com.ar\/wp-content\/uploads\/2024\/07\/Inauguracion-del-Puente-Roca-2-1600x649.jpeg",1600,649,true],"blossom-feminine-featured":["https:\/\/infotep.com.ar\/wp-content\/uploads\/2024\/07\/Inauguracion-del-Puente-Roca-2-1410x600.jpeg",1410,600,true],"blossom-feminine-with-sidebar":["https:\/\/infotep.com.ar\/wp-content\/uploads\/2024\/07\/Inauguracion-del-Puente-Roca-2-1020x600.jpeg",1020,600,true],"blossom-feminine-blog":["https:\/\/infotep.com.ar\/wp-content\/uploads\/2024\/07\/Inauguracion-del-Puente-Roca-2-435x435.jpeg",435,435,true],"blossom-feminine-cat":["https:\/\/infotep.com.ar\/wp-content\/uploads\/2024\/07\/Inauguracion-del-Puente-Roca-2-450x300.jpeg",450,300,true],"blossom-feminine-related":["https:\/\/infotep.com.ar\/wp-content\/uploads\/2024\/07\/Inauguracion-del-Puente-Roca-2-320x200.jpeg",320,200,true],"blossom-feminine-schema":["https:\/\/infotep.com.ar\/wp-content\/uploads\/2024\/07\/Inauguracion-del-Puente-Roca-2-90x60.jpeg",90,60,true],"blossom-mommy-blog-slider-big":["https:\/\/infotep.com.ar\/wp-content\/uploads\/2024\/07\/Inauguracion-del-Puente-Roca-2-920x650.jpeg",920,650,true],"blossom-mommy-blog-slider":["https:\/\/infotep.com.ar\/wp-content\/uploads\/2024\/07\/Inauguracion-del-Puente-Roca-2-460x310.jpeg",460,310,true],"blossom-mommy-blog-two":["https:\/\/infotep.com.ar\/wp-content\/uploads\/2024\/07\/Inauguracion-del-Puente-Roca-2-768x480.jpeg",768,480,true]},"author_info":{"info":["Angela Tobar"]},"category_info":"<a href=\"https:\/\/infotep.com.ar\/index.php\/category\/municipales\/ituzaingo\/\" rel=\"category tag\">Ituzaing\u00f3<\/a>","tag_info":"Ituzaing\u00f3","comment_count":"0","_links":{"self":[{"href":"https:\/\/infotep.com.ar\/index.php\/wp-json\/wp\/v2\/posts\/14686"}],"collection":[{"href":"https:\/\/infotep.com.ar\/index.php\/wp-json\/wp\/v2\/posts"}],"about":[{"href":"https:\/\/infotep.com.ar\/index.php\/wp-json\/wp\/v2\/types\/post"}],"author":[{"embeddable":true,"href":"https:\/\/infotep.com.ar\/index.php\/wp-json\/wp\/v2\/users\/5"}],"replies":[{"embeddable":true,"href":"https:\/\/infotep.com.ar\/index.php\/wp-json\/wp\/v2\/comments?post=14686"}],"version-history":[{"count":1,"href":"https:\/\/infotep.com.ar\/index.php\/wp-json\/wp\/v2\/posts\/14686\/revisions"}],"predecessor-version":[{"id":14689,"href":"https:\/\/infotep.com.ar\/index.php\/wp-json\/wp\/v2\/posts\/14686\/revisions\/14689"}],"wp:featuredmedia":[{"embeddable":true,"href":"https:\/\/infotep.com.ar\/index.php\/wp-json\/wp\/v2\/media\/14687"}],"wp:attachment":[{"href":"https:\/\/infotep.com.ar\/index.php\/wp-json\/wp\/v2\/media?parent=14686"}],"wp:term":[{"taxonomy":"category","embeddable":true,"href":"https:\/\/infotep.com.ar\/index.php\/wp-json\/wp\/v2\/categories?post=14686"},{"taxonomy":"post_tag","embeddable":true,"href":"https:\/\/infotep.com.ar\/index.php\/wp-json\/wp\/v2\/tags?post=14686"}],"curies":[{"name":"wp","href":"https:\/\/api.w.org\/{rel}","templated":true}]}}