{"id":14692,"date":"2024-07-17T01:36:35","date_gmt":"2024-07-17T04:36:35","guid":{"rendered":"https:\/\/infotep.com.ar\/?p=14692"},"modified":"2024-07-18T02:35:21","modified_gmt":"2024-07-18T05:35:21","slug":"sandra-rey-hay-preocupacion-porque-en-los-ultimos-seis-meses-se-registro-el-cierre-de-10-mil-pymes","status":"publish","type":"post","link":"https:\/\/infotep.com.ar\/index.php\/2024\/07\/17\/sandra-rey-hay-preocupacion-porque-en-los-ultimos-seis-meses-se-registro-el-cierre-de-10-mil-pymes\/","title":{"rendered":"Sandra Rey: \u201cHay preocupaci\u00f3n porque en los \u00faltimos seis meses se registr\u00f3 el cierre de 10 mil Pymes\u201d"},"content":{"rendered":"\n<p>Este resultado se obtuvo a trav\u00e9s de la recopilaci\u00f3n de n\u00fameros recaudados que fueron publicados por el Instituto Nacional de Estad\u00edstica y Censos (INDEC), que muestra un desplome econ\u00f3mico similar al del a\u00f1o 2020; los datos aportados por la Secretar\u00eda de trabajo de la Naci\u00f3n de los despidos en el sector privado; del Banco Central (BCRA) que public\u00f3 el detalle de 350.000 cuenta sueldos menos y la informaci\u00f3n de la Administraci\u00f3n Federal de Ingresos P\u00fablicos (AFIP).<br><br>Para analizar esta situaci\u00f3n se consult\u00f3 a la representante de CGERA provincia de Buenos Aires, Sandra Rey, quien lament\u00f3 esta terrible situaci\u00f3n que afecta al pa\u00eds y expres\u00f3: \u201cCuando hay recesi\u00f3n lo primero que hace la gente es dejar de consumir en lo gastron\u00f3mico, turismo y otros productos. Por eso, ante esa baja de consumo sostenida, sumado a los aumentos de los servicios, subas de alquileres se tiene como lamentable resultado que hay much\u00edsimos emprendedores, productores y peque\u00f1as pymes que no pueden sostenerse\u201d.<br><br>Y ejemplific\u00f3: \u201cLa obra p\u00fablica se detuvo, empresas constructoras que dan trabajo a tanta gente actualmente no funcionan y es un \u00e1rea clave que mueve la econom\u00eda y genera empleo, y esos trabajadores son los que favorecen el crecimiento del mercado interno y son las familias que salen a consumir. Pero, al encontrar estar actividad paralizada, el resultado es la destrucci\u00f3n del ingreso y la baja en el consumo, factores negativos que provocan el cierre de peque\u00f1as y medianas empresas que en este contexto tan desfavorable y adverso no pueden sostenerse\u201d.<br><br>\u201cLa industria y producci\u00f3n nacional es un c\u00edrculo virtuoso que cuando empieza a funcionar funciona toda la cadena, pero cuando hay perdida de trabajo en alg\u00fan sector repercute negativamente en todos los dem\u00e1s y es lo que est\u00e1 pasando en este momento\u201d, explic\u00f3.<br><br>Ante esta situaci\u00f3n, asegur\u00f3 que el sector Pyme, se encuentra \u201ctrabajando unido para visibilizar la situaci\u00f3n y que el gobierno nacional entienda que debe proteger la industria, porque esta situaci\u00f3n trae p\u00e9rdida de puestos de trabajos, son empleos que no se recuperan y queda mucha gente desprotegida que no encuentra d\u00f3nde poder insertarse laboralmente nuevamente\u201d.<br><br>Finalmente, grafic\u00f3 que esta situaci\u00f3n que atraviesan las peque\u00f1as y medianas empresas, \u201cafecta tambi\u00e9n a lo que llamamos el primer empleo, ese chico de barrio que se acercaba a la pyme para capacitarse en un oficio ya no tiene el espacio para poder hacerlo, porque la situaci\u00f3n de peligro constante lo que hacen las empresas es concentrarse en proteger el empleo de sus trabajadores y no toma m\u00e1s gente\u201d.<br><br>Finaliz\u00f3: \u201cDe esta manera, el pibe o piba de barrio ya no cuanta con ese espacio de capacitaci\u00f3n y contenci\u00f3n y queda desamparado ante los peligros de la calle\u201d.<\/p>\n","protected":false},"excerpt":{"rendered":"<p>Este resultado se obtuvo a trav&eacute;s de la recopilaci&oacute;n de n&uacute;meros recaudados que fueron publicados por el Instituto Nacional de Estad&iacute;stica y Censos (INDEC), que muestra un desplome econ&oacute;mico similar al del a&ntilde;o 2020; los datos aportados por la Secretar&iacute;a de trabajo de la Naci&oacute;n de los despidos en el sector privado; del Banco Central &hellip; <\/p>\n","protected":false},"author":5,"featured_media":14693,"comment_status":"closed","ping_status":"closed","sticky":false,"template":"","format":"standard","meta":{"om_disable_all_campaigns":false,"_joinchat":[]},"categories":[7,8],"tags":[46,51,150,43],"featured_image_urls":{"full":["https:\/\/infotep.com.ar\/wp-content\/uploads\/2024\/07\/rey.jpg",1510,772,false],"thumbnail":["https:\/\/infotep.com.ar\/wp-content\/uploads\/2024\/07\/rey-150x150.jpg",150,150,true],"medium":["https:\/\/infotep.com.ar\/wp-content\/uploads\/2024\/07\/rey-300x153.jpg",300,153,true],"medium_large":["https:\/\/infotep.com.ar\/wp-content\/uploads\/2024\/07\/rey-768x393.jpg",768,393,true],"large":["https:\/\/infotep.com.ar\/wp-content\/uploads\/2024\/07\/rey-1024x524.jpg",1020,522,true],"1536x1536":["https:\/\/infotep.com.ar\/wp-content\/uploads\/2024\/07\/rey.jpg",1510,772,false],"2048x2048":["https:\/\/infotep.com.ar\/wp-content\/uploads\/2024\/07\/rey.jpg",1510,772,false],"blossom-feminine-slider":["https:\/\/infotep.com.ar\/wp-content\/uploads\/2024\/07\/rey-1510x649.jpg",1510,649,true],"blossom-feminine-featured":["https:\/\/infotep.com.ar\/wp-content\/uploads\/2024\/07\/rey-1410x600.jpg",1410,600,true],"blossom-feminine-with-sidebar":["https:\/\/infotep.com.ar\/wp-content\/uploads\/2024\/07\/rey-1020x600.jpg",1020,600,true],"blossom-feminine-blog":["https:\/\/infotep.com.ar\/wp-content\/uploads\/2024\/07\/rey-435x435.jpg",435,435,true],"blossom-feminine-cat":["https:\/\/infotep.com.ar\/wp-content\/uploads\/2024\/07\/rey-450x300.jpg",450,300,true],"blossom-feminine-related":["https:\/\/infotep.com.ar\/wp-content\/uploads\/2024\/07\/rey-320x200.jpg",320,200,true],"blossom-feminine-schema":["https:\/\/infotep.com.ar\/wp-content\/uploads\/2024\/07\/rey-117x60.jpg",117,60,true],"blossom-mommy-blog-slider-big":["https:\/\/infotep.com.ar\/wp-content\/uploads\/2024\/07\/rey-920x650.jpg",920,650,true],"blossom-mommy-blog-slider":["https:\/\/infotep.com.ar\/wp-content\/uploads\/2024\/07\/rey-460x310.jpg",460,310,true],"blossom-mommy-blog-two":["https:\/\/infotep.com.ar\/wp-content\/uploads\/2024\/07\/rey-768x480.jpg",768,480,true]},"author_info":{"info":["Angela Tobar"]},"category_info":"<a href=\"https:\/\/infotep.com.ar\/index.php\/category\/gremios\/\" rel=\"category tag\">Gremios<\/a> <a href=\"https:\/\/infotep.com.ar\/index.php\/category\/municipales\/ituzaingo\/\" rel=\"category tag\">Ituzaing\u00f3<\/a>","tag_info":"Ituzaing\u00f3","comment_count":"0","_links":{"self":[{"href":"https:\/\/infotep.com.ar\/index.php\/wp-json\/wp\/v2\/posts\/14692"}],"collection":[{"href":"https:\/\/infotep.com.ar\/index.php\/wp-json\/wp\/v2\/posts"}],"about":[{"href":"https:\/\/infotep.com.ar\/index.php\/wp-json\/wp\/v2\/types\/post"}],"author":[{"embeddable":true,"href":"https:\/\/infotep.com.ar\/index.php\/wp-json\/wp\/v2\/users\/5"}],"replies":[{"embeddable":true,"href":"https:\/\/infotep.com.ar\/index.php\/wp-json\/wp\/v2\/comments?post=14692"}],"version-history":[{"count":1,"href":"https:\/\/infotep.com.ar\/index.php\/wp-json\/wp\/v2\/posts\/14692\/revisions"}],"predecessor-version":[{"id":14694,"href":"https:\/\/infotep.com.ar\/index.php\/wp-json\/wp\/v2\/posts\/14692\/revisions\/14694"}],"wp:featuredmedia":[{"embeddable":true,"href":"https:\/\/infotep.com.ar\/index.php\/wp-json\/wp\/v2\/media\/14693"}],"wp:attachment":[{"href":"https:\/\/infotep.com.ar\/index.php\/wp-json\/wp\/v2\/media?parent=14692"}],"wp:term":[{"taxonomy":"category","embeddable":true,"href":"https:\/\/infotep.com.ar\/index.php\/wp-json\/wp\/v2\/categories?post=14692"},{"taxonomy":"post_tag","embeddable":true,"href":"https:\/\/infotep.com.ar\/index.php\/wp-json\/wp\/v2\/tags?post=14692"}],"curies":[{"name":"wp","href":"https:\/\/api.w.org\/{rel}","templated":true}]}}