{"id":14719,"date":"2024-07-18T00:55:37","date_gmt":"2024-07-18T03:55:37","guid":{"rendered":"https:\/\/infotep.com.ar\/?p=14719"},"modified":"2024-07-22T00:58:07","modified_gmt":"2024-07-22T03:58:07","slug":"debate-por-la-baja-de-edad-de-imputabilidad-los-delitos-cometidos-por-nineces-y-adolescencias-es-infimo","status":"publish","type":"post","link":"https:\/\/infotep.com.ar\/index.php\/2024\/07\/18\/debate-por-la-baja-de-edad-de-imputabilidad-los-delitos-cometidos-por-nineces-y-adolescencias-es-infimo\/","title":{"rendered":"Debate por la baja de edad de imputabilidad: \u201clos delitos cometidos por ni\u00f1eces y adolescencias es \u00ednfimo\u201d"},"content":{"rendered":"\n<p class=\"has-white-background-color has-background\"><em>As\u00ed lo marc\u00f3 Guillermo Orizaola, licenciado en pol\u00edticas sociales e Investigador de la universidad Nacional de General Sarmiento al analizar los fundamentos del nuevo proyecto presentado por el gobierno nacional para bajar la edad de imputabilidad a los 13 a\u00f1os.<br><\/em><br>Orizaola present\u00f3 en el programa Todo es Pol\u00edtica, un estudio realizado desde el observatorio el conurbano bonaerense en el que se trabaj\u00f3 con informaci\u00f3n clara y estad\u00edsticas que rompen con algunos mitos en cuanto a la relaci\u00f3n a los delitos cometidos por ni\u00f1eces y adolescencias y el problema de la inseguridad.<br><br><strong>\u201cLo que hay que decir es que el porcentaje de hechos delictivos, cometidos por ni\u00f1os ni\u00f1as y adolescentes en \u00ednfimo\u201d, marc\u00f3.<br><\/strong><br>Si bien, en los fundamentos del proyecto, el Gobierno se\u00f1ala que \u201cla situaci\u00f3n de los menores en conflicto con la ley penal es uno de los graves problemas que hoy atraviesa la sociedad argentina\u201d, el informe desmiente esa afirmaci\u00f3n al revelar que \u201ca nivel nacional en el a\u00f1o 2022 solamente el 3.17 por ciento de la poblaci\u00f3n carcelaria correspond\u00eda a los adolescentes\u201d.<br><br>Y reafirm\u00f3 que \u201cLa inseguridad en nuestro pa\u00eds no se explica por las ni\u00f1eces y adolescencias ya que es un problema que viene mejorando a\u00f1o a a\u00f1o, si se analiza las denuncias que se realizan en la provincia de Buenos Aires, los delitos cometidos por ni\u00f1os, ni\u00f1as y adolescentes corresponde solamente al 2.33 por ciento y el resto son delitos cometidos por adultos\u201d.<br><br>El especialista, destac\u00f3 que las estad\u00edsticas trabajadas muestran que \u201ca\u00f1o a a\u00f1o los delitos cometidos por los adultos aumentan y el de las ni\u00f1eces disminuye mucho\u201d.<\/p>\n\n\n\n<p class=\"has-light-green-cyan-background-color has-background\">Lo ejemplific\u00f3 al detallar que \u201cen el caso de los adultos en el a\u00f1o 2010 se denunciaban 3.900 delitos cada 100 mil habitantes y en el 2022 se increment\u00f3 a 5.100 delitos cometidos cada 100 mil habitantes. Pero, en el caso de los ni\u00f1os, ni\u00f1as, adolescentes en el 2010 se registraron 174 delitos cada 100 mil habitantes y en el a\u00f1o 2022 ese n\u00famero disminuy\u00f3 a 123 delitos cada 100 mil habitantes\u201d.<\/p>\n\n\n\n<p class=\"has-white-background-color has-background\">Y esta baja sostenida en la cantidad de casos explic\u00f3 que tiene que ver con la presencia de distintos programas sociales que acompa\u00f1an: \u201cTenemos pol\u00edticas universales que se vienen desarrollando desde a\u00f1os anteriores, como los programas AUH tarjeta alimentar, progresar, adem\u00e1s del trabajo que se realiza en territorio con los servicios locales\u201d.<br><br>Orizaola grafic\u00f3 que un informe presentado por UNICEF \u201cen el que se realiz\u00f3 un estudio sobre la trayectoria de los j\u00f3venes que cometieron delitos y en todas las situaciones exist\u00eda como com\u00fan denominador una cadena de vulneraci\u00f3n de derechos, previa a cometer los delitos\u201d.<\/p>\n\n\n\n<p>Para conocer el informe completo <a rel=\"noreferrer noopener\" href=\"http:\/\/observatorioconurbano.ungs.edu.ar\/?p=20063\" target=\"_blank\">AQUI<\/a><\/p>\n\n\n\n<p><\/p>\n","protected":false},"excerpt":{"rendered":"<p>As&iacute; lo marc&oacute; Guillermo Orizaola, licenciado en pol&iacute;ticas sociales e Investigador de la universidad Nacional de General Sarmiento al analizar los fundamentos del nuevo proyecto presentado por el gobierno nacional para bajar la edad de imputabilidad a los 13 a&ntilde;os.Orizaola present&oacute; en el programa Todo es Pol&iacute;tica, un estudio realizado desde el observatorio el conurbano &hellip; <\/p>\n","protected":false},"author":5,"featured_media":14720,"comment_status":"closed","ping_status":"closed","sticky":false,"template":"","format":"standard","meta":{"om_disable_all_campaigns":false,"_joinchat":[]},"categories":[4,6],"tags":[483,482,46,481,43],"featured_image_urls":{"full":["https:\/\/infotep.com.ar\/wp-content\/uploads\/2024\/07\/debate.webp",1280,720,false],"thumbnail":["https:\/\/infotep.com.ar\/wp-content\/uploads\/2024\/07\/debate-150x150.webp",150,150,true],"medium":["https:\/\/infotep.com.ar\/wp-content\/uploads\/2024\/07\/debate-300x169.webp",300,169,true],"medium_large":["https:\/\/infotep.com.ar\/wp-content\/uploads\/2024\/07\/debate-768x432.webp",768,432,true],"large":["https:\/\/infotep.com.ar\/wp-content\/uploads\/2024\/07\/debate-1024x576.webp",1020,574,true],"1536x1536":["https:\/\/infotep.com.ar\/wp-content\/uploads\/2024\/07\/debate.webp",1280,720,false],"2048x2048":["https:\/\/infotep.com.ar\/wp-content\/uploads\/2024\/07\/debate.webp",1280,720,false],"blossom-feminine-slider":["https:\/\/infotep.com.ar\/wp-content\/uploads\/2024\/07\/debate-1280x649.webp",1280,649,true],"blossom-feminine-featured":["https:\/\/infotep.com.ar\/wp-content\/uploads\/2024\/07\/debate-1280x600.webp",1280,600,true],"blossom-feminine-with-sidebar":["https:\/\/infotep.com.ar\/wp-content\/uploads\/2024\/07\/debate-1020x600.webp",1020,600,true],"blossom-feminine-blog":["https:\/\/infotep.com.ar\/wp-content\/uploads\/2024\/07\/debate-435x435.webp",435,435,true],"blossom-feminine-cat":["https:\/\/infotep.com.ar\/wp-content\/uploads\/2024\/07\/debate-450x300.webp",450,300,true],"blossom-feminine-related":["https:\/\/infotep.com.ar\/wp-content\/uploads\/2024\/07\/debate-320x200.webp",320,200,true],"blossom-feminine-schema":["https:\/\/infotep.com.ar\/wp-content\/uploads\/2024\/07\/debate-107x60.webp",107,60,true],"blossom-mommy-blog-slider-big":["https:\/\/infotep.com.ar\/wp-content\/uploads\/2024\/07\/debate-920x650.webp",920,650,true],"blossom-mommy-blog-slider":["https:\/\/infotep.com.ar\/wp-content\/uploads\/2024\/07\/debate-460x310.webp",460,310,true],"blossom-mommy-blog-two":["https:\/\/infotep.com.ar\/wp-content\/uploads\/2024\/07\/debate-768x480.webp",768,480,true]},"author_info":{"info":["Angela Tobar"]},"category_info":"<a href=\"https:\/\/infotep.com.ar\/index.php\/category\/provinciales\/\" rel=\"category tag\">Provinciales<\/a> <a href=\"https:\/\/infotep.com.ar\/index.php\/category\/universitarias\/\" rel=\"category tag\">Universitarias<\/a>","tag_info":"Universitarias","comment_count":"0","_links":{"self":[{"href":"https:\/\/infotep.com.ar\/index.php\/wp-json\/wp\/v2\/posts\/14719"}],"collection":[{"href":"https:\/\/infotep.com.ar\/index.php\/wp-json\/wp\/v2\/posts"}],"about":[{"href":"https:\/\/infotep.com.ar\/index.php\/wp-json\/wp\/v2\/types\/post"}],"author":[{"embeddable":true,"href":"https:\/\/infotep.com.ar\/index.php\/wp-json\/wp\/v2\/users\/5"}],"replies":[{"embeddable":true,"href":"https:\/\/infotep.com.ar\/index.php\/wp-json\/wp\/v2\/comments?post=14719"}],"version-history":[{"count":2,"href":"https:\/\/infotep.com.ar\/index.php\/wp-json\/wp\/v2\/posts\/14719\/revisions"}],"predecessor-version":[{"id":14723,"href":"https:\/\/infotep.com.ar\/index.php\/wp-json\/wp\/v2\/posts\/14719\/revisions\/14723"}],"wp:featuredmedia":[{"embeddable":true,"href":"https:\/\/infotep.com.ar\/index.php\/wp-json\/wp\/v2\/media\/14720"}],"wp:attachment":[{"href":"https:\/\/infotep.com.ar\/index.php\/wp-json\/wp\/v2\/media?parent=14719"}],"wp:term":[{"taxonomy":"category","embeddable":true,"href":"https:\/\/infotep.com.ar\/index.php\/wp-json\/wp\/v2\/categories?post=14719"},{"taxonomy":"post_tag","embeddable":true,"href":"https:\/\/infotep.com.ar\/index.php\/wp-json\/wp\/v2\/tags?post=14719"}],"curies":[{"name":"wp","href":"https:\/\/api.w.org\/{rel}","templated":true}]}}