{"id":14724,"date":"2024-07-18T02:30:11","date_gmt":"2024-07-18T05:30:11","guid":{"rendered":"https:\/\/infotep.com.ar\/?p=14724"},"modified":"2024-07-18T02:30:12","modified_gmt":"2024-07-18T05:30:12","slug":"trabajadores-del-hospital-posadas-preparan-una-multitudinaria-marcha-al-ministerio-de-salud-en-defensa-de-la-salud-publica","status":"publish","type":"post","link":"https:\/\/infotep.com.ar\/index.php\/2024\/07\/18\/trabajadores-del-hospital-posadas-preparan-una-multitudinaria-marcha-al-ministerio-de-salud-en-defensa-de-la-salud-publica\/","title":{"rendered":"Trabajadores del Hospital Posadas preparan una \u201cmultitudinaria marcha al Ministerio de Salud en defensa de la salud p\u00fablica\u201d"},"content":{"rendered":"\n<p>Profesionales, trabajadores y residentes del Hospital Posadas realizaron una nueva jornada de visibilizaci\u00f3n en defensa de la salud p\u00fablica y por la reincorporaci\u00f3n de los 92 trabajadores despedidos.<br><br>El objetivo es avanzar en una gran campa\u00f1a nacional en defensa de la salud p\u00fablica, que se siente afectada por los despidos, achicamiento de programas sanitarios, falta de entrega de medicamentos, falta de insumos, bajas salarios y una profunda precarizaci\u00f3n laboral, en el marco de una mayor demanda.<br><br>Se reafirm\u00f3 en el programa Todo es Pol\u00edtica que los despidos de distintos profesionales de \u00e1reas cr\u00edticas, perjudic\u00f3 los tratamientos de enfermedades complejas e implica la suspensi\u00f3n de turnos o su reprogramaci\u00f3n con tiempos m\u00e1s largos de espera y resinti\u00f3 las guardias.<br><br><strong>En este punto Luis Sucher, delegado despedido del hospital Posadas detall\u00f3: \u201cestamos preparando una movilizaci\u00f3n en el Ministerio de Salud, que ser\u00e1 multitudinaria con el objetivo de poner en el centro la defensa de la salud p\u00fablica\u201d.<br><\/strong><br>Sucher explic\u00f3 que \u00e9l esta hace \u201c25 a\u00f1os contratado y hay compa\u00f1eros que tiene 30 a\u00f1os de antig\u00fcedad que fueron despedidos\u201d.<br><br>Por lo que agreg\u00f3 que a partir del vaciamiento de los distintos servicios \u201cse ve resentida la atenci\u00f3n que est\u00e1 aumentando exponencialmente, porque est\u00e1 siendo requerida por muchas personas que se han quedado sin obra social o que no pueden pagarla y por eso deciden atenderse en el hospital que es de alta complejidad\u201d.<br><br>\u201cBuscan generar grandes negocios para las empresas privadas que hacen negocio con la salud y por eso nuestra pelea es tan importante, no solo por nosotros si no para que no haya m\u00e1s despidos\u201d, asegur\u00f3.<\/p>\n","protected":false},"excerpt":{"rendered":"<p>Profesionales, trabajadores y residentes del Hospital Posadas realizaron una nueva jornada de visibilizaci&oacute;n en defensa de la salud p&uacute;blica y por la reincorporaci&oacute;n de los 92 trabajadores despedidos. El objetivo es avanzar en una gran campa&ntilde;a nacional en defensa de la salud p&uacute;blica, que se siente afectada por los despidos, achicamiento de programas sanitarios, falta &hellip; <\/p>\n","protected":false},"author":5,"featured_media":14725,"comment_status":"closed","ping_status":"closed","sticky":false,"template":"","format":"standard","meta":{"om_disable_all_campaigns":false,"_joinchat":[]},"categories":[31,7],"tags":[46,43],"featured_image_urls":{"full":["https:\/\/infotep.com.ar\/wp-content\/uploads\/2024\/07\/1-PTS-Zona-Oeste.jpg.webp",950,560,false],"thumbnail":["https:\/\/infotep.com.ar\/wp-content\/uploads\/2024\/07\/1-PTS-Zona-Oeste.jpg-150x150.webp",150,150,true],"medium":["https:\/\/infotep.com.ar\/wp-content\/uploads\/2024\/07\/1-PTS-Zona-Oeste.jpg-300x177.webp",300,177,true],"medium_large":["https:\/\/infotep.com.ar\/wp-content\/uploads\/2024\/07\/1-PTS-Zona-Oeste.jpg-768x453.webp",768,453,true],"large":["https:\/\/infotep.com.ar\/wp-content\/uploads\/2024\/07\/1-PTS-Zona-Oeste.jpg.webp",950,560,false],"1536x1536":["https:\/\/infotep.com.ar\/wp-content\/uploads\/2024\/07\/1-PTS-Zona-Oeste.jpg.webp",950,560,false],"2048x2048":["https:\/\/infotep.com.ar\/wp-content\/uploads\/2024\/07\/1-PTS-Zona-Oeste.jpg.webp",950,560,false],"blossom-feminine-slider":["https:\/\/infotep.com.ar\/wp-content\/uploads\/2024\/07\/1-PTS-Zona-Oeste.jpg.webp",950,560,false],"blossom-feminine-featured":["https:\/\/infotep.com.ar\/wp-content\/uploads\/2024\/07\/1-PTS-Zona-Oeste.jpg.webp",950,560,false],"blossom-feminine-with-sidebar":["https:\/\/infotep.com.ar\/wp-content\/uploads\/2024\/07\/1-PTS-Zona-Oeste.jpg.webp",950,560,false],"blossom-feminine-blog":["https:\/\/infotep.com.ar\/wp-content\/uploads\/2024\/07\/1-PTS-Zona-Oeste.jpg-435x435.webp",435,435,true],"blossom-feminine-cat":["https:\/\/infotep.com.ar\/wp-content\/uploads\/2024\/07\/1-PTS-Zona-Oeste.jpg-450x300.webp",450,300,true],"blossom-feminine-related":["https:\/\/infotep.com.ar\/wp-content\/uploads\/2024\/07\/1-PTS-Zona-Oeste.jpg-320x200.webp",320,200,true],"blossom-feminine-schema":["https:\/\/infotep.com.ar\/wp-content\/uploads\/2024\/07\/1-PTS-Zona-Oeste.jpg-102x60.webp",102,60,true],"blossom-mommy-blog-slider-big":["https:\/\/infotep.com.ar\/wp-content\/uploads\/2024\/07\/1-PTS-Zona-Oeste.jpg-920x560.webp",920,560,true],"blossom-mommy-blog-slider":["https:\/\/infotep.com.ar\/wp-content\/uploads\/2024\/07\/1-PTS-Zona-Oeste.jpg-460x310.webp",460,310,true],"blossom-mommy-blog-two":["https:\/\/infotep.com.ar\/wp-content\/uploads\/2024\/07\/1-PTS-Zona-Oeste.jpg-768x480.webp",768,480,true]},"author_info":{"info":["Angela Tobar"]},"category_info":"<a href=\"https:\/\/infotep.com.ar\/index.php\/category\/destacadas\/\" rel=\"category tag\">Destacadas<\/a> <a href=\"https:\/\/infotep.com.ar\/index.php\/category\/gremios\/\" rel=\"category tag\">Gremios<\/a>","tag_info":"Gremios","comment_count":"0","_links":{"self":[{"href":"https:\/\/infotep.com.ar\/index.php\/wp-json\/wp\/v2\/posts\/14724"}],"collection":[{"href":"https:\/\/infotep.com.ar\/index.php\/wp-json\/wp\/v2\/posts"}],"about":[{"href":"https:\/\/infotep.com.ar\/index.php\/wp-json\/wp\/v2\/types\/post"}],"author":[{"embeddable":true,"href":"https:\/\/infotep.com.ar\/index.php\/wp-json\/wp\/v2\/users\/5"}],"replies":[{"embeddable":true,"href":"https:\/\/infotep.com.ar\/index.php\/wp-json\/wp\/v2\/comments?post=14724"}],"version-history":[{"count":1,"href":"https:\/\/infotep.com.ar\/index.php\/wp-json\/wp\/v2\/posts\/14724\/revisions"}],"predecessor-version":[{"id":14726,"href":"https:\/\/infotep.com.ar\/index.php\/wp-json\/wp\/v2\/posts\/14724\/revisions\/14726"}],"wp:featuredmedia":[{"embeddable":true,"href":"https:\/\/infotep.com.ar\/index.php\/wp-json\/wp\/v2\/media\/14725"}],"wp:attachment":[{"href":"https:\/\/infotep.com.ar\/index.php\/wp-json\/wp\/v2\/media?parent=14724"}],"wp:term":[{"taxonomy":"category","embeddable":true,"href":"https:\/\/infotep.com.ar\/index.php\/wp-json\/wp\/v2\/categories?post=14724"},{"taxonomy":"post_tag","embeddable":true,"href":"https:\/\/infotep.com.ar\/index.php\/wp-json\/wp\/v2\/tags?post=14724"}],"curies":[{"name":"wp","href":"https:\/\/api.w.org\/{rel}","templated":true}]}}