{"id":1474,"date":"2022-09-30T14:00:00","date_gmt":"2022-09-30T17:00:00","guid":{"rendered":"https:\/\/infotep.com.ar\/?p=1474"},"modified":"2022-09-30T14:33:47","modified_gmt":"2022-09-30T17:33:47","slug":"dia-del-jubilado-martin-rodriguez-y-damian-selci-encabezaron-festejo-con-3-mil-adultos-mayores","status":"publish","type":"post","link":"https:\/\/infotep.com.ar\/index.php\/2022\/09\/30\/dia-del-jubilado-martin-rodriguez-y-damian-selci-encabezaron-festejo-con-3-mil-adultos-mayores\/","title":{"rendered":"D\u00eda del jubilado: Mart\u00edn Rodr\u00edguez y Dami\u00e1n Selci encabezaron festejo con 3 mil adultos mayores"},"content":{"rendered":"\n<p>La Municipalidad de Hurlingham junto a PAMI, organizaron este mi\u00e9rcoles un festejo por el D\u00eda del Jubilado. El estadio municipal fue el sal\u00f3n de fiestas que alberg\u00f3 a 3 mil jubilados del distrito. El agasajo comenz\u00f3 a las 16 hs y termin\u00f3 pasadas las 21.\u00a0<\/p>\n\n\n\n<p>Hubo merienda-cena, sorteos, shows musicales y baile: \u201cUna alegr\u00eda encontrarnos para celebrar en comunidad. Esperamos que hayan disfrutado de este d\u00eda pensado especialmente para todos ustedes.\u201d, marc\u00f3 el jefe comunal. <\/p>\n\n\n\n<p><\/p>\n","protected":false},"excerpt":{"rendered":"<p>La Municipalidad de Hurlingham junto a PAMI, organizaron este mi&eacute;rcoles un festejo por el D&iacute;a del Jubilado. El estadio municipal fue el sal&oacute;n de fiestas que alberg&oacute; a 3 mil jubilados del distrito. El agasajo comenz&oacute; a las 16 hs y termin&oacute; pasadas las 21.&nbsp; Hubo merienda-cena, sorteos, shows musicales y baile: &ldquo;Una alegr&iacute;a encontrarnos &hellip; <\/p>\n","protected":false},"author":5,"featured_media":1475,"comment_status":"closed","ping_status":"closed","sticky":false,"template":"","format":"standard","meta":{"om_disable_all_campaigns":false,"_joinchat":[]},"categories":[1],"tags":[],"featured_image_urls":{"full":["https:\/\/infotep.com.ar\/wp-content\/uploads\/2022\/09\/Festejo-Dia-del-Jubilado.jpg",1280,853,false],"thumbnail":["https:\/\/infotep.com.ar\/wp-content\/uploads\/2022\/09\/Festejo-Dia-del-Jubilado-150x150.jpg",150,150,true],"medium":["https:\/\/infotep.com.ar\/wp-content\/uploads\/2022\/09\/Festejo-Dia-del-Jubilado-300x200.jpg",300,200,true],"medium_large":["https:\/\/infotep.com.ar\/wp-content\/uploads\/2022\/09\/Festejo-Dia-del-Jubilado-768x512.jpg",768,512,true],"large":["https:\/\/infotep.com.ar\/wp-content\/uploads\/2022\/09\/Festejo-Dia-del-Jubilado-1024x682.jpg",1020,679,true],"1536x1536":["https:\/\/infotep.com.ar\/wp-content\/uploads\/2022\/09\/Festejo-Dia-del-Jubilado.jpg",1280,853,false],"2048x2048":["https:\/\/infotep.com.ar\/wp-content\/uploads\/2022\/09\/Festejo-Dia-del-Jubilado.jpg",1280,853,false],"blossom-feminine-slider":["https:\/\/infotep.com.ar\/wp-content\/uploads\/2022\/09\/Festejo-Dia-del-Jubilado-1280x649.jpg",1280,649,true],"blossom-feminine-featured":["https:\/\/infotep.com.ar\/wp-content\/uploads\/2022\/09\/Festejo-Dia-del-Jubilado-1280x600.jpg",1280,600,true],"blossom-feminine-with-sidebar":["https:\/\/infotep.com.ar\/wp-content\/uploads\/2022\/09\/Festejo-Dia-del-Jubilado-1020x600.jpg",1020,600,true],"blossom-feminine-blog":["https:\/\/infotep.com.ar\/wp-content\/uploads\/2022\/09\/Festejo-Dia-del-Jubilado-435x435.jpg",435,435,true],"blossom-feminine-cat":["https:\/\/infotep.com.ar\/wp-content\/uploads\/2022\/09\/Festejo-Dia-del-Jubilado-450x300.jpg",450,300,true],"blossom-feminine-related":["https:\/\/infotep.com.ar\/wp-content\/uploads\/2022\/09\/Festejo-Dia-del-Jubilado-320x200.jpg",320,200,true],"blossom-feminine-schema":["https:\/\/infotep.com.ar\/wp-content\/uploads\/2022\/09\/Festejo-Dia-del-Jubilado-90x60.jpg",90,60,true],"blossom-mommy-blog-slider-big":["https:\/\/infotep.com.ar\/wp-content\/uploads\/2022\/09\/Festejo-Dia-del-Jubilado-920x650.jpg",920,650,true],"blossom-mommy-blog-slider":["https:\/\/infotep.com.ar\/wp-content\/uploads\/2022\/09\/Festejo-Dia-del-Jubilado-460x310.jpg",460,310,true],"blossom-mommy-blog-two":["https:\/\/infotep.com.ar\/wp-content\/uploads\/2022\/09\/Festejo-Dia-del-Jubilado-768x480.jpg",768,480,true]},"author_info":{"info":["Angela Tobar"]},"category_info":"<a href=\"https:\/\/infotep.com.ar\/index.php\/category\/municipales\/hurlingham\/\" rel=\"category tag\">Hurlingham<\/a>","tag_info":"Hurlingham","comment_count":"0","_links":{"self":[{"href":"https:\/\/infotep.com.ar\/index.php\/wp-json\/wp\/v2\/posts\/1474"}],"collection":[{"href":"https:\/\/infotep.com.ar\/index.php\/wp-json\/wp\/v2\/posts"}],"about":[{"href":"https:\/\/infotep.com.ar\/index.php\/wp-json\/wp\/v2\/types\/post"}],"author":[{"embeddable":true,"href":"https:\/\/infotep.com.ar\/index.php\/wp-json\/wp\/v2\/users\/5"}],"replies":[{"embeddable":true,"href":"https:\/\/infotep.com.ar\/index.php\/wp-json\/wp\/v2\/comments?post=1474"}],"version-history":[{"count":1,"href":"https:\/\/infotep.com.ar\/index.php\/wp-json\/wp\/v2\/posts\/1474\/revisions"}],"predecessor-version":[{"id":1476,"href":"https:\/\/infotep.com.ar\/index.php\/wp-json\/wp\/v2\/posts\/1474\/revisions\/1476"}],"wp:featuredmedia":[{"embeddable":true,"href":"https:\/\/infotep.com.ar\/index.php\/wp-json\/wp\/v2\/media\/1475"}],"wp:attachment":[{"href":"https:\/\/infotep.com.ar\/index.php\/wp-json\/wp\/v2\/media?parent=1474"}],"wp:term":[{"taxonomy":"category","embeddable":true,"href":"https:\/\/infotep.com.ar\/index.php\/wp-json\/wp\/v2\/categories?post=1474"},{"taxonomy":"post_tag","embeddable":true,"href":"https:\/\/infotep.com.ar\/index.php\/wp-json\/wp\/v2\/tags?post=1474"}],"curies":[{"name":"wp","href":"https:\/\/api.w.org\/{rel}","templated":true}]}}