{"id":14775,"date":"2024-07-19T14:56:29","date_gmt":"2024-07-19T17:56:29","guid":{"rendered":"https:\/\/infotep.com.ar\/?p=14775"},"modified":"2024-07-19T14:56:30","modified_gmt":"2024-07-19T17:56:30","slug":"vacaciones-de-invierno-en-la-reserva-natural-municipal-los-robles","status":"publish","type":"post","link":"https:\/\/infotep.com.ar\/index.php\/2024\/07\/19\/vacaciones-de-invierno-en-la-reserva-natural-municipal-los-robles\/","title":{"rendered":"Vacaciones de invierno en La Reserva Natural Municipal \u201cLos Robles\u201d"},"content":{"rendered":"\n<p>El Municipio de Moreno, a trav\u00e9s de la Secretar\u00eda de Ambiente y Desarrollo Sostenible, realizar\u00e1 una serie de propuestas diferentes para disfrutar de las vacaciones de invierno. Se tratade actividades l\u00fadico-educativas orientadas a conocer y conectar con la naturaleza.<\/p>\n\n\n\n<p>A continuaci\u00f3n se detallan los d\u00edas y horarios de cada una de las actividades:<\/p>\n\n\n\n<p><strong>El viernes 19, a las 13 horas, tendr\u00e1 lugar la propuesta l\u00fadica \u201cVeo Veo\u201d<\/strong>, un avistaje de la fauna local a trav\u00e9s del juego. Luego, a partir de las 15 horas ser\u00e1 el momento de \u201cCuentos al solcito\u201d, que propone disfrutar de una lectura compartida de tem\u00e1tica ambiental.<\/p>\n\n\n\n<p>Por su parte, <strong>el s\u00e1bado 20, desde las 14 horas, podr\u00e1n acceder a: los juegos ambientales; a la plaza de juegos, y al espacio l\u00fadico y art\u00edstico. Adem\u00e1s, a las 15 horas iniciar\u00e1 \u201cCine en el Centro de Visitantes\u201d, y luego se realizar\u00e1 un recorrido guiado por los senderos del bosque.<\/strong><\/p>\n\n\n\n<p><strong>El domingo 21, desde las 14 horas, tambi\u00e9n estar\u00e1 disponible la plaza de juegos; el espacio l\u00fadico y art\u00edstico. Mientras que, desde las 15 horas, habr\u00e1 una nueva funci\u00f3n de \u201cCine en el Centro de visitantes\u201d.<\/strong><\/p>\n\n\n\n<p><strong>El jueves 25, desde las 13 horas se realizar\u00e1 una nueva edici\u00f3n de &#8220;Veo Veo&#8221;. Y, a partir de las 15 horas, se dar\u00e1 inicio a una nueva &#8220;Caminata Guiada del Bosque al Lago&#8221;.<\/strong><\/p>\n\n\n\n<p><strong>El viernes 26, a las 13 horas, es el turno de &#8220;Detectives ambientalistas&#8221;, donde las y los m\u00e1s chicos podr\u00e1n observar y aprender sobre la fauna y flora local<\/strong>. Adem\u00e1s, a las 15 horas comenzar\u00e1 la &#8220;Ludoteca en la biblio&#8221;, un lugar ideal para jugar y conocer sobre la naturaleza y el cuidado del medioambiente.<\/p>\n\n\n\n<p><strong>El s\u00e1bado 27, a las 14 horas llega &#8220;\u00bfQu\u00e9 ves cuando no lo ves?<\/strong>&#8220;, un taller de ciencia en la plaza de juegos. A su vez, tambi\u00e9n habr\u00e1 lugar para: danza cl\u00e1sica al aire libre; el espacio l\u00fadico y art\u00edstico. Asimismo, desde las 15 horas, se realizar\u00e1 una nueva visita guiada por los senderos del bosque.<\/p>\n\n\n\n<p><strong>Por \u00faltimo, el domingo 28<\/strong> a partir de las 14 horas, se podr\u00e1 disfrutar de la kermesse, los juegos y espacio l\u00fadico. Y, a las 15 horas, podr\u00e1n participar de una nueva visita guiada por los senderos del bosque.<\/p>\n\n\n\n<p><\/p>\n","protected":false},"excerpt":{"rendered":"<p>El Municipio de Moreno, a trav&eacute;s de la Secretar&iacute;a de Ambiente y Desarrollo Sostenible, realizar&aacute; una serie de propuestas diferentes para disfrutar de las vacaciones de invierno. Se tratade actividades l&uacute;dico-educativas orientadas a conocer y conectar con la naturaleza. A continuaci&oacute;n se detallan los d&iacute;as y horarios de cada una de las actividades: El viernes &hellip; <\/p>\n","protected":false},"author":5,"featured_media":2826,"comment_status":"closed","ping_status":"closed","sticky":false,"template":"","format":"standard","meta":{"om_disable_all_campaigns":false,"_joinchat":[]},"categories":[85],"tags":[46,107,43],"featured_image_urls":{"full":["https:\/\/infotep.com.ar\/wp-content\/uploads\/2023\/01\/Parque-municipal-Los-Robles.jpg",667,500,false],"thumbnail":["https:\/\/infotep.com.ar\/wp-content\/uploads\/2023\/01\/Parque-municipal-Los-Robles-150x150.jpg",150,150,true],"medium":["https:\/\/infotep.com.ar\/wp-content\/uploads\/2023\/01\/Parque-municipal-Los-Robles-300x225.jpg",300,225,true],"medium_large":["https:\/\/infotep.com.ar\/wp-content\/uploads\/2023\/01\/Parque-municipal-Los-Robles.jpg",667,500,false],"large":["https:\/\/infotep.com.ar\/wp-content\/uploads\/2023\/01\/Parque-municipal-Los-Robles.jpg",667,500,false],"1536x1536":["https:\/\/infotep.com.ar\/wp-content\/uploads\/2023\/01\/Parque-municipal-Los-Robles.jpg",667,500,false],"2048x2048":["https:\/\/infotep.com.ar\/wp-content\/uploads\/2023\/01\/Parque-municipal-Los-Robles.jpg",667,500,false],"blossom-feminine-slider":["https:\/\/infotep.com.ar\/wp-content\/uploads\/2023\/01\/Parque-municipal-Los-Robles.jpg",667,500,false],"blossom-feminine-featured":["https:\/\/infotep.com.ar\/wp-content\/uploads\/2023\/01\/Parque-municipal-Los-Robles.jpg",667,500,false],"blossom-feminine-with-sidebar":["https:\/\/infotep.com.ar\/wp-content\/uploads\/2023\/01\/Parque-municipal-Los-Robles.jpg",667,500,false],"blossom-feminine-blog":["https:\/\/infotep.com.ar\/wp-content\/uploads\/2023\/01\/Parque-municipal-Los-Robles-435x435.jpg",435,435,true],"blossom-feminine-cat":["https:\/\/infotep.com.ar\/wp-content\/uploads\/2023\/01\/Parque-municipal-Los-Robles-450x300.jpg",450,300,true],"blossom-feminine-related":["https:\/\/infotep.com.ar\/wp-content\/uploads\/2023\/01\/Parque-municipal-Los-Robles-320x200.jpg",320,200,true],"blossom-feminine-schema":["https:\/\/infotep.com.ar\/wp-content\/uploads\/2023\/01\/Parque-municipal-Los-Robles-80x60.jpg",80,60,true],"blossom-mommy-blog-slider-big":["https:\/\/infotep.com.ar\/wp-content\/uploads\/2023\/01\/Parque-municipal-Los-Robles.jpg",667,500,false],"blossom-mommy-blog-slider":["https:\/\/infotep.com.ar\/wp-content\/uploads\/2023\/01\/Parque-municipal-Los-Robles-460x310.jpg",460,310,true],"blossom-mommy-blog-two":["https:\/\/infotep.com.ar\/wp-content\/uploads\/2023\/01\/Parque-municipal-Los-Robles-667x480.jpg",667,480,true]},"author_info":{"info":["Angela Tobar"]},"category_info":"<a href=\"https:\/\/infotep.com.ar\/index.php\/category\/municipales\/moreno\/\" rel=\"category tag\">Moreno<\/a>","tag_info":"Moreno","comment_count":"0","_links":{"self":[{"href":"https:\/\/infotep.com.ar\/index.php\/wp-json\/wp\/v2\/posts\/14775"}],"collection":[{"href":"https:\/\/infotep.com.ar\/index.php\/wp-json\/wp\/v2\/posts"}],"about":[{"href":"https:\/\/infotep.com.ar\/index.php\/wp-json\/wp\/v2\/types\/post"}],"author":[{"embeddable":true,"href":"https:\/\/infotep.com.ar\/index.php\/wp-json\/wp\/v2\/users\/5"}],"replies":[{"embeddable":true,"href":"https:\/\/infotep.com.ar\/index.php\/wp-json\/wp\/v2\/comments?post=14775"}],"version-history":[{"count":1,"href":"https:\/\/infotep.com.ar\/index.php\/wp-json\/wp\/v2\/posts\/14775\/revisions"}],"predecessor-version":[{"id":14776,"href":"https:\/\/infotep.com.ar\/index.php\/wp-json\/wp\/v2\/posts\/14775\/revisions\/14776"}],"wp:featuredmedia":[{"embeddable":true,"href":"https:\/\/infotep.com.ar\/index.php\/wp-json\/wp\/v2\/media\/2826"}],"wp:attachment":[{"href":"https:\/\/infotep.com.ar\/index.php\/wp-json\/wp\/v2\/media?parent=14775"}],"wp:term":[{"taxonomy":"category","embeddable":true,"href":"https:\/\/infotep.com.ar\/index.php\/wp-json\/wp\/v2\/categories?post=14775"},{"taxonomy":"post_tag","embeddable":true,"href":"https:\/\/infotep.com.ar\/index.php\/wp-json\/wp\/v2\/tags?post=14775"}],"curies":[{"name":"wp","href":"https:\/\/api.w.org\/{rel}","templated":true}]}}